{"id":21612,"date":"2021-05-15T21:22:34","date_gmt":"2021-05-16T00:22:34","guid":{"rendered":"http:\/\/www.centraldenoticias.com.ar\/?p=21612"},"modified":"2021-05-15T21:40:57","modified_gmt":"2021-05-16T00:40:57","slug":"murio-un-paciente-con-coronavirus-y-olavarria-llego-a-las-250-muertes-por-la-pandemia","status":"publish","type":"post","link":"https:\/\/cdnoticias.com\/index.php\/2021\/05\/15\/murio-un-paciente-con-coronavirus-y-olavarria-llego-a-las-250-muertes-por-la-pandemia\/","title":{"rendered":"Muri\u00f3 un paciente con coronavirus y Olavarr\u00eda lleg\u00f3 a las 250 muertes por la pandemia"},"content":{"rendered":"<p>La noticia fue confirmada por el intendente en rueda de prensa. Adem\u00e1s, se detectaron 45 nuevos casos.<!--more--><\/p>\n<hr \/>\n<p>En la noche de este s\u00e1bado el intendente Ezequiel Galli, junto al secretario de Salud Germ\u00e1n Caputo, encabez\u00f3 una <strong><a href=\"https:\/\/cdnoticias.com\/index.php\/2021\/05\/15\/el-intendente-anuncio-nuevas-medidas-y-el-regreso-de-varias-actividades\/\" target=\"_blank\" rel=\"noopener\">conferencia de prensa en la que anunci\u00f3 importantes medidas<\/a> en cuanto a habilitaciones y permisos para diversas actividades, no solo del rubro comercial, sino tambi\u00e9n deportivo y cultural<\/strong>.<\/p>\n<p>&nbsp;<\/p>\n<p><img data-recalc-dims=\"1\" loading=\"lazy\" decoding=\"async\" class=\"alignnone size-large wp-image-21614\" src=\"https:\/\/i0.wp.com\/cdnoticias.com\/wp-content\/uploads\/2021\/05\/WhatsApp-Image-2021-05-15-at-20.49.44.jpeg?resize=800%2C800&#038;ssl=1\" alt=\"\" width=\"800\" height=\"800\" srcset=\"https:\/\/i0.wp.com\/cdnoticias.com\/wp-content\/uploads\/2021\/05\/WhatsApp-Image-2021-05-15-at-20.49.44.jpeg?resize=1024%2C1024&amp;ssl=1 1024w, https:\/\/i0.wp.com\/cdnoticias.com\/wp-content\/uploads\/2021\/05\/WhatsApp-Image-2021-05-15-at-20.49.44.jpeg?resize=150%2C150&amp;ssl=1 150w, https:\/\/i0.wp.com\/cdnoticias.com\/wp-content\/uploads\/2021\/05\/WhatsApp-Image-2021-05-15-at-20.49.44.jpeg?resize=300%2C300&amp;ssl=1 300w, https:\/\/i0.wp.com\/cdnoticias.com\/wp-content\/uploads\/2021\/05\/WhatsApp-Image-2021-05-15-at-20.49.44.jpeg?resize=768%2C768&amp;ssl=1 768w, https:\/\/i0.wp.com\/cdnoticias.com\/wp-content\/uploads\/2021\/05\/WhatsApp-Image-2021-05-15-at-20.49.44.jpeg?w=1280&amp;ssl=1 1280w\" sizes=\"auto, (max-width: 800px) 100vw, 800px\" \/><\/p>\n<p>&nbsp;<\/p>\n<p>No obstante ello, los primeros minutos de la rueda de prensa sirvieron para actualizar la situaci\u00f3n sanitaria del partido de Olavarr\u00eda, marco en el que <strong>se inform\u00f3 la muerte de otro paciente positivo de coronavirus. Se trat\u00f3 de un hombre de 92 a\u00f1os, lo que elev\u00f3 a 250 la cifra de pacientes muertos por la pandemia.<\/strong><\/p>\n<p>&nbsp;<\/p>\n<p><img data-recalc-dims=\"1\" loading=\"lazy\" decoding=\"async\" class=\"alignnone size-large wp-image-21617\" src=\"https:\/\/i0.wp.com\/cdnoticias.com\/wp-content\/uploads\/2021\/05\/WhatsApp-Image-2021-05-15-at-20.49.38.jpeg?resize=800%2C800&#038;ssl=1\" alt=\"\" width=\"800\" height=\"800\" srcset=\"https:\/\/i0.wp.com\/cdnoticias.com\/wp-content\/uploads\/2021\/05\/WhatsApp-Image-2021-05-15-at-20.49.38.jpeg?resize=1024%2C1024&amp;ssl=1 1024w, https:\/\/i0.wp.com\/cdnoticias.com\/wp-content\/uploads\/2021\/05\/WhatsApp-Image-2021-05-15-at-20.49.38.jpeg?resize=150%2C150&amp;ssl=1 150w, https:\/\/i0.wp.com\/cdnoticias.com\/wp-content\/uploads\/2021\/05\/WhatsApp-Image-2021-05-15-at-20.49.38.jpeg?resize=300%2C300&amp;ssl=1 300w, https:\/\/i0.wp.com\/cdnoticias.com\/wp-content\/uploads\/2021\/05\/WhatsApp-Image-2021-05-15-at-20.49.38.jpeg?resize=768%2C768&amp;ssl=1 768w, https:\/\/i0.wp.com\/cdnoticias.com\/wp-content\/uploads\/2021\/05\/WhatsApp-Image-2021-05-15-at-20.49.38.jpeg?w=1280&amp;ssl=1 1280w\" sizes=\"auto, (max-width: 800px) 100vw, 800px\" \/><\/p>\n<p>&nbsp;<\/p>\n<p>A la par, <strong>tras la realizaci\u00f3n de m\u00e1s de 150 testeos, se descubrieron 48 casos positivos<\/strong>. Sin embargo, el n\u00famero de pacientes activos disminuy\u00f3, ya que fueron 48 los olavarrienses curados.<\/p>\n<p>&nbsp;<\/p>\n<p><img data-recalc-dims=\"1\" loading=\"lazy\" decoding=\"async\" class=\"alignnone size-large wp-image-21613\" src=\"https:\/\/i0.wp.com\/cdnoticias.com\/wp-content\/uploads\/2021\/05\/WhatsApp-Image-2021-05-15-at-20.49.43.jpeg?resize=800%2C800&#038;ssl=1\" alt=\"\" width=\"800\" height=\"800\" srcset=\"https:\/\/i0.wp.com\/cdnoticias.com\/wp-content\/uploads\/2021\/05\/WhatsApp-Image-2021-05-15-at-20.49.43.jpeg?resize=1024%2C1024&amp;ssl=1 1024w, https:\/\/i0.wp.com\/cdnoticias.com\/wp-content\/uploads\/2021\/05\/WhatsApp-Image-2021-05-15-at-20.49.43.jpeg?resize=150%2C150&amp;ssl=1 150w, https:\/\/i0.wp.com\/cdnoticias.com\/wp-content\/uploads\/2021\/05\/WhatsApp-Image-2021-05-15-at-20.49.43.jpeg?resize=300%2C300&amp;ssl=1 300w, https:\/\/i0.wp.com\/cdnoticias.com\/wp-content\/uploads\/2021\/05\/WhatsApp-Image-2021-05-15-at-20.49.43.jpeg?resize=768%2C768&amp;ssl=1 768w, https:\/\/i0.wp.com\/cdnoticias.com\/wp-content\/uploads\/2021\/05\/WhatsApp-Image-2021-05-15-at-20.49.43.jpeg?w=1280&amp;ssl=1 1280w\" sizes=\"auto, (max-width: 800px) 100vw, 800px\" \/><\/p>\n<p>&nbsp;<\/p>\n<p>Por estas horas son<strong> 371 los vecinos y vecinas de nuestro partido que est\u00e1n cursando la enfermedad, de los cuales el 88% tiene menos de 60 a\u00f1os.<\/strong><\/p>\n<p>&nbsp;<\/p>\n<p><img data-recalc-dims=\"1\" loading=\"lazy\" decoding=\"async\" class=\"alignnone size-large wp-image-21616\" src=\"https:\/\/i0.wp.com\/cdnoticias.com\/wp-content\/uploads\/2021\/05\/WhatsApp-Image-2021-05-15-at-20.49.40.jpeg?resize=800%2C800&#038;ssl=1\" alt=\"\" width=\"800\" height=\"800\" srcset=\"https:\/\/i0.wp.com\/cdnoticias.com\/wp-content\/uploads\/2021\/05\/WhatsApp-Image-2021-05-15-at-20.49.40.jpeg?resize=1024%2C1024&amp;ssl=1 1024w, https:\/\/i0.wp.com\/cdnoticias.com\/wp-content\/uploads\/2021\/05\/WhatsApp-Image-2021-05-15-at-20.49.40.jpeg?resize=150%2C150&amp;ssl=1 150w, https:\/\/i0.wp.com\/cdnoticias.com\/wp-content\/uploads\/2021\/05\/WhatsApp-Image-2021-05-15-at-20.49.40.jpeg?resize=300%2C300&amp;ssl=1 300w, https:\/\/i0.wp.com\/cdnoticias.com\/wp-content\/uploads\/2021\/05\/WhatsApp-Image-2021-05-15-at-20.49.40.jpeg?resize=768%2C767&amp;ssl=1 768w, https:\/\/i0.wp.com\/cdnoticias.com\/wp-content\/uploads\/2021\/05\/WhatsApp-Image-2021-05-15-at-20.49.40.jpeg?w=1280&amp;ssl=1 1280w\" sizes=\"auto, (max-width: 800px) 100vw, 800px\" \/><\/p>\n<p>&nbsp;<\/p>\n<p>Sobre la situaci\u00f3n hospitalaria se agreg\u00f3 que <strong>son 13 los pacientes covid internados en la Unidad de Terapia Intensiva, que presenta una ocupaci\u00f3n del 75%. A la par, en el sector de cl\u00ednica hay internados 24 pacientes con coronavirus, un \u00e1rea del centro asistencial local que presenta una ocupaci\u00f3n del 71%<\/strong>.<\/p>\n","protected":false},"excerpt":{"rendered":"<p>La noticia fue confirmada por el intendente en rueda de prensa. Adem\u00e1s, se detectaron 45 nuevos casos.<\/p>\n","protected":false},"author":4,"featured_media":21606,"comment_status":"closed","ping_status":"closed","sticky":false,"template":"","format":"standard","meta":{"_jetpack_memberships_contains_paid_content":false,"footnotes":""},"categories":[16,1],"tags":[],"class_list":["post-21612","post","type-post","status-publish","format-standard","has-post-thumbnail","hentry","category-covid-19","category-portada"],"jetpack_featured_media_url":"https:\/\/i0.wp.com\/cdnoticias.com\/wp-content\/uploads\/2021\/05\/conferencia1.jpg?fit=800%2C445&ssl=1","jetpack_sharing_enabled":true,"_links":{"self":[{"href":"https:\/\/cdnoticias.com\/index.php\/wp-json\/wp\/v2\/posts\/21612","targetHints":{"allow":["GET"]}}],"collection":[{"href":"https:\/\/cdnoticias.com\/index.php\/wp-json\/wp\/v2\/posts"}],"about":[{"href":"https:\/\/cdnoticias.com\/index.php\/wp-json\/wp\/v2\/types\/post"}],"author":[{"embeddable":true,"href":"https:\/\/cdnoticias.com\/index.php\/wp-json\/wp\/v2\/users\/4"}],"replies":[{"embeddable":true,"href":"https:\/\/cdnoticias.com\/index.php\/wp-json\/wp\/v2\/comments?post=21612"}],"version-history":[{"count":0,"href":"https:\/\/cdnoticias.com\/index.php\/wp-json\/wp\/v2\/posts\/21612\/revisions"}],"wp:featuredmedia":[{"embeddable":true,"href":"https:\/\/cdnoticias.com\/index.php\/wp-json\/wp\/v2\/media\/21606"}],"wp:attachment":[{"href":"https:\/\/cdnoticias.com\/index.php\/wp-json\/wp\/v2\/media?parent=21612"}],"wp:term":[{"taxonomy":"category","embeddable":true,"href":"https:\/\/cdnoticias.com\/index.php\/wp-json\/wp\/v2\/categories?post=21612"},{"taxonomy":"post_tag","embeddable":true,"href":"https:\/\/cdnoticias.com\/index.php\/wp-json\/wp\/v2\/tags?post=21612"}],"curies":[{"name":"wp","href":"https:\/\/api.w.org\/{rel}","templated":true}]}}