{"id":2159,"date":"2020-09-22T13:29:49","date_gmt":"2020-09-22T16:29:49","guid":{"rendered":"http:\/\/www.centraldenoticias.com.ar\/?p=2159"},"modified":"2020-09-22T15:29:30","modified_gmt":"2020-09-22T18:29:30","slug":"emergencia-sanitaria-galli-encabezara-una-conferencia-de-prensa","status":"publish","type":"post","link":"https:\/\/cdnoticias.com\/index.php\/2020\/09\/22\/emergencia-sanitaria-galli-encabezara-una-conferencia-de-prensa\/","title":{"rendered":"Emergencia Sanitaria: Galli encabezar\u00e1 una conferencia de prensa"},"content":{"rendered":"<p>Ser\u00e1 este martes a las 20 horas en el sal\u00f3n Rivadavia. El objetivo ser\u00e1 \u201cbrindar informaci\u00f3n sobre la situaci\u00f3n epidemiol\u00f3gica en Olavarr\u00eda\u201d. Habr\u00e1 transmisi\u00f3n de Central de Noticias.<!--more--><\/p>\n<hr \/>\n<p>Confirmado por voceros municipales en la jornada de este martes,<strong> desde las 20 el intendente Ezequiel Galli encabezar\u00e1 una conferencia de prensa en el Sal\u00f3n Rivadavia.<\/strong><\/p>\n<p>&nbsp;<\/p>\n<p>Seg\u00fan se explic\u00f3, <strong>se brindar\u00e1 informaci\u00f3n sobre la situaci\u00f3n epidemiol\u00f3gica en Olavarr\u00eda<\/strong>, por lo que se esperan anuncios vinculados a la gesti\u00f3n de la pandemia.<\/p>\n<p>&nbsp;<\/p>\n<blockquote><p>A su vez, y tal como acontece en este tipo de presentaciones del jefe comunal, se brindar\u00e1 el parte m\u00e9dico acerca de la situaci\u00f3n sanitaria local.<\/p><\/blockquote>\n<p>&nbsp;<\/p>\n<p><strong>Central de Noticias realizar\u00e1 una transmisi\u00f3n<\/strong> por redes sociales desde las 20 horas, <a href=\"https:\/\/www.facebook.com\/cdnolavarria\">desde su p\u00e1gina de Facebook.<\/a><\/p>\n","protected":false},"excerpt":{"rendered":"<p>Ser\u00e1 este martes a las 20 horas en el sal\u00f3n Rivadavia. El objetivo ser\u00e1 \u201cbrindar informaci\u00f3n sobre la situaci\u00f3n epidemiol\u00f3gica<\/p>\n","protected":false},"author":2,"featured_media":347,"comment_status":"closed","ping_status":"closed","sticky":false,"template":"","format":"standard","meta":{"_jetpack_memberships_contains_paid_content":false,"footnotes":""},"categories":[5,1],"tags":[],"class_list":["post-2159","post","type-post","status-publish","format-standard","has-post-thumbnail","hentry","category-informacion-general","category-portada"],"jetpack_featured_media_url":"https:\/\/i0.wp.com\/cdnoticias.com\/wp-content\/uploads\/2020\/08\/EzequielGalli3.jpg?fit=1280%2C853&ssl=1","jetpack_sharing_enabled":true,"_links":{"self":[{"href":"https:\/\/cdnoticias.com\/index.php\/wp-json\/wp\/v2\/posts\/2159","targetHints":{"allow":["GET"]}}],"collection":[{"href":"https:\/\/cdnoticias.com\/index.php\/wp-json\/wp\/v2\/posts"}],"about":[{"href":"https:\/\/cdnoticias.com\/index.php\/wp-json\/wp\/v2\/types\/post"}],"author":[{"embeddable":true,"href":"https:\/\/cdnoticias.com\/index.php\/wp-json\/wp\/v2\/users\/2"}],"replies":[{"embeddable":true,"href":"https:\/\/cdnoticias.com\/index.php\/wp-json\/wp\/v2\/comments?post=2159"}],"version-history":[{"count":0,"href":"https:\/\/cdnoticias.com\/index.php\/wp-json\/wp\/v2\/posts\/2159\/revisions"}],"wp:featuredmedia":[{"embeddable":true,"href":"https:\/\/cdnoticias.com\/index.php\/wp-json\/wp\/v2\/media\/347"}],"wp:attachment":[{"href":"https:\/\/cdnoticias.com\/index.php\/wp-json\/wp\/v2\/media?parent=2159"}],"wp:term":[{"taxonomy":"category","embeddable":true,"href":"https:\/\/cdnoticias.com\/index.php\/wp-json\/wp\/v2\/categories?post=2159"},{"taxonomy":"post_tag","embeddable":true,"href":"https:\/\/cdnoticias.com\/index.php\/wp-json\/wp\/v2\/tags?post=2159"}],"curies":[{"name":"wp","href":"https:\/\/api.w.org\/{rel}","templated":true}]}}