{"id":21584,"date":"2021-05-15T15:59:39","date_gmt":"2021-05-15T18:59:39","guid":{"rendered":"http:\/\/www.centraldenoticias.com.ar\/?p=21584"},"modified":"2021-05-16T10:50:52","modified_gmt":"2021-05-16T13:50:52","slug":"varias-dotaciones-de-bomberos-voluntarios-trabajan-en-un-incendio-en-la-fabrica-de-loma-negra","status":"publish","type":"post","link":"https:\/\/cdnoticias.com\/index.php\/2021\/05\/15\/varias-dotaciones-de-bomberos-voluntarios-trabajan-en-un-incendio-en-la-fabrica-de-loma-negra\/","title":{"rendered":"Varias dotaciones de bomberos trabajan en un incendio en la f\u00e1brica de Loma Negra"},"content":{"rendered":"<p>Se logr\u00f3 conocer que las llamas se originaron sobre una torre que alimenta con carb\u00f3n uno de los hornos.<!--more--><\/p>\n<hr \/>\n<p>En el inicio de la tarde de este s\u00e1bado un incendio se desat\u00f3 en el interior de la f\u00e1brica Loma Negra, m\u00e1s precisamente<strong> sobre una torre que alimenta con carb\u00f3n uno de los hornos de la planta, seg\u00fan se pudo conocer.<\/strong><\/p>\n<p>&nbsp;<\/p>\n<p><img data-recalc-dims=\"1\" loading=\"lazy\" decoding=\"async\" class=\"alignnone size-full wp-image-21585\" src=\"https:\/\/i0.wp.com\/cdnoticias.com\/wp-content\/uploads\/2021\/05\/bomberos-loma-negra2.jpg?resize=800%2C445&#038;ssl=1\" alt=\"\" width=\"800\" height=\"445\" srcset=\"https:\/\/i0.wp.com\/cdnoticias.com\/wp-content\/uploads\/2021\/05\/bomberos-loma-negra2.jpg?w=800&amp;ssl=1 800w, https:\/\/i0.wp.com\/cdnoticias.com\/wp-content\/uploads\/2021\/05\/bomberos-loma-negra2.jpg?resize=300%2C167&amp;ssl=1 300w, https:\/\/i0.wp.com\/cdnoticias.com\/wp-content\/uploads\/2021\/05\/bomberos-loma-negra2.jpg?resize=768%2C427&amp;ssl=1 768w\" sizes=\"auto, (max-width: 800px) 100vw, 800px\" \/><\/p>\n<p>&nbsp;<\/p>\n<p>La situaci\u00f3n se dio minutos despu\u00e9s de las 15 en condiciones que son a\u00fan materia de estudio y, <strong>en principio, ser\u00edan tres las dotaciones que se encuentran trabajando para controlar y sofocar las llamas.<\/strong><\/p>\n<p>&nbsp;<\/p>\n","protected":false},"excerpt":{"rendered":"<p>Se logr\u00f3 conocer que las llamas se originaron sobre una torre que alimenta con carb\u00f3n uno de los hornos.<\/p>\n","protected":false},"author":3,"featured_media":21586,"comment_status":"closed","ping_status":"closed","sticky":false,"template":"","format":"standard","meta":{"_jetpack_memberships_contains_paid_content":false,"footnotes":""},"categories":[14,1],"tags":[],"class_list":["post-21584","post","type-post","status-publish","format-standard","has-post-thumbnail","hentry","category-policiales","category-portada"],"jetpack_featured_media_url":"https:\/\/i0.wp.com\/cdnoticias.com\/wp-content\/uploads\/2021\/05\/bomberos-loma-negra.jpg?fit=800%2C445&ssl=1","jetpack_sharing_enabled":true,"_links":{"self":[{"href":"https:\/\/cdnoticias.com\/index.php\/wp-json\/wp\/v2\/posts\/21584","targetHints":{"allow":["GET"]}}],"collection":[{"href":"https:\/\/cdnoticias.com\/index.php\/wp-json\/wp\/v2\/posts"}],"about":[{"href":"https:\/\/cdnoticias.com\/index.php\/wp-json\/wp\/v2\/types\/post"}],"author":[{"embeddable":true,"href":"https:\/\/cdnoticias.com\/index.php\/wp-json\/wp\/v2\/users\/3"}],"replies":[{"embeddable":true,"href":"https:\/\/cdnoticias.com\/index.php\/wp-json\/wp\/v2\/comments?post=21584"}],"version-history":[{"count":0,"href":"https:\/\/cdnoticias.com\/index.php\/wp-json\/wp\/v2\/posts\/21584\/revisions"}],"wp:featuredmedia":[{"embeddable":true,"href":"https:\/\/cdnoticias.com\/index.php\/wp-json\/wp\/v2\/media\/21586"}],"wp:attachment":[{"href":"https:\/\/cdnoticias.com\/index.php\/wp-json\/wp\/v2\/media?parent=21584"}],"wp:term":[{"taxonomy":"category","embeddable":true,"href":"https:\/\/cdnoticias.com\/index.php\/wp-json\/wp\/v2\/categories?post=21584"},{"taxonomy":"post_tag","embeddable":true,"href":"https:\/\/cdnoticias.com\/index.php\/wp-json\/wp\/v2\/tags?post=21584"}],"curies":[{"name":"wp","href":"https:\/\/api.w.org\/{rel}","templated":true}]}}