{"id":21570,"date":"2021-05-15T15:21:04","date_gmt":"2021-05-15T18:21:04","guid":{"rendered":"http:\/\/www.centraldenoticias.com.ar\/?p=21570"},"modified":"2021-05-15T17:41:41","modified_gmt":"2021-05-15T20:41:41","slug":"asumio-la-nueva-conduccion-de-ucr-y-va-por-internas-en-juntos-por-el-cambio","status":"publish","type":"post","link":"https:\/\/cdnoticias.com\/index.php\/2021\/05\/15\/asumio-la-nueva-conduccion-de-ucr-y-va-por-internas-en-juntos-por-el-cambio\/","title":{"rendered":"Asumi\u00f3 la nueva conducci\u00f3n de UCR y va por internas en Juntos por el Cambio"},"content":{"rendered":"<p>Se realiz\u00f3 en un acto virtual. Gonzalo Dolagaray ya es el presidente y reforz\u00f3 la intenci\u00f3n de trabajar \u201cpor la unidad\u201d de las l\u00edneas internas.<!--more--><\/p>\n<hr \/>\n<p><strong>Este s\u00e1bado se concret\u00f3 el acto de asunci\u00f3n de las nuevas autoridades de la UCR en Olavarr\u00eda<\/strong>: <strong>Gonzalo Dolagaray y Bel\u00e9n Vergel<\/strong> asumieron como presidente y vice del comit\u00e9 local, mientras que<strong> Patricio Gonz\u00e1lez y Mar\u00eda P\u00eda Duval<\/strong> son los dirigentes de la Juventud Radical.<\/p>\n<p>&nbsp;<\/p>\n<blockquote><p>El discurso de Dolagaray reforz\u00f3 por un lado la intenci\u00f3n de trabajar \u201cpor la unidad\u201d de las l\u00edneas internas y confirm\u00f3 que la UCR local buscar\u00e1 ir a internas con la lista del Pro en Juntos por el Cambio.<\/p><\/blockquote>\n<p>&nbsp;<\/p>\n<p><strong>El acto se concret\u00f3 de manera virtual<\/strong>, con la reuni\u00f3n de los principales dirigentes en la sede de la UCR, asistencia general por una plataforma de chat y transmisi\u00f3n en vivo por la cuenta de Facebook del comit\u00e9 local.<\/p>\n<p><img data-recalc-dims=\"1\" loading=\"lazy\" decoding=\"async\" class=\"size-full wp-image-21573 aligncenter\" src=\"https:\/\/i0.wp.com\/cdnoticias.com\/wp-content\/uploads\/2021\/05\/ucr01.jpg?resize=800%2C444&#038;ssl=1\" alt=\"\" width=\"800\" height=\"444\" srcset=\"https:\/\/i0.wp.com\/cdnoticias.com\/wp-content\/uploads\/2021\/05\/ucr01.jpg?w=800&amp;ssl=1 800w, https:\/\/i0.wp.com\/cdnoticias.com\/wp-content\/uploads\/2021\/05\/ucr01.jpg?resize=300%2C167&amp;ssl=1 300w, https:\/\/i0.wp.com\/cdnoticias.com\/wp-content\/uploads\/2021\/05\/ucr01.jpg?resize=768%2C426&amp;ssl=1 768w\" sizes=\"auto, (max-width: 800px) 100vw, 800px\" \/><\/p>\n<p>&nbsp;<\/p>\n<p>Las primeras en tomar la palabra fueron <strong>las representantes de la Juventud<\/strong>: Agustina Seggi, autoridad saliente, y Mar\u00eda P\u00eda Duval, flamante vicepresidenta, agradecieron el acompa\u00f1amiento.<\/p>\n<p>&nbsp;<\/p>\n<p><strong>Luego fue el turno de Pancho Gonz\u00e1lez<\/strong>. El presidente saliente del comit\u00e9 local se refiri\u00f3 a las <a href=\"https:\/\/cdnoticias.com\/index.php\/2021\/03\/21\/participacion-record-alrededor-de-mil-afiliados-tomaron-parte-de-la-interna-local-de-la-ucr\/\" target=\"_blank\" rel=\"noopener\">elecciones del 21 de marzo<\/a>, <strong>\u201cno est\u00e1bamos acostumbrados a una participaci\u00f3n semejante\u201d<\/strong> dijo, para valorar que <strong>\u201cm\u00e1s all\u00e1 del resultado, todos nos quedamos contentos\u201d<\/strong>.<\/p>\n<p>&nbsp;<\/p>\n<p>En ese marco, tambi\u00e9n elogi\u00f3 a los integrantes de las tres listas que compitieron, cuyos representantes estuvieron en el acto. <strong>\u201cLa interna ya pas\u00f3 y es momento de construir una alternativa superadora\u201d<\/strong> sostuvo.<\/p>\n<p><img data-recalc-dims=\"1\" loading=\"lazy\" decoding=\"async\" class=\"size-large wp-image-21574 aligncenter\" src=\"https:\/\/i0.wp.com\/cdnoticias.com\/wp-content\/uploads\/2021\/05\/UCR-2.jpeg?resize=800%2C450&#038;ssl=1\" alt=\"\" width=\"800\" height=\"450\" srcset=\"https:\/\/i0.wp.com\/cdnoticias.com\/wp-content\/uploads\/2021\/05\/UCR-2.jpeg?resize=1024%2C576&amp;ssl=1 1024w, https:\/\/i0.wp.com\/cdnoticias.com\/wp-content\/uploads\/2021\/05\/UCR-2.jpeg?resize=300%2C169&amp;ssl=1 300w, https:\/\/i0.wp.com\/cdnoticias.com\/wp-content\/uploads\/2021\/05\/UCR-2.jpeg?resize=768%2C432&amp;ssl=1 768w, https:\/\/i0.wp.com\/cdnoticias.com\/wp-content\/uploads\/2021\/05\/UCR-2.jpeg?w=1040&amp;ssl=1 1040w\" sizes=\"auto, (max-width: 800px) 100vw, 800px\" \/><\/p>\n<p>&nbsp;<\/p>\n<p>Gonz\u00e1lez destac\u00f3 a Dolagaray y Vergel, y tambi\u00e9n a \u201c<strong>Franco Cominotto<\/strong>, uno de los principales dirigentes de la UCR de la secci\u00f3n, y quien nos va a representar en el Comit\u00e9 Provincia\u201d.<\/p>\n<p>&nbsp;<\/p>\n<p><strong>Las nuevas autoridades<\/strong><\/p>\n<p>&nbsp;<\/p>\n<p>Lo sigui\u00f3 <strong>Bel\u00e9n Verge<\/strong>l quien remarc\u00f3 su intenci\u00f3n de <strong>\u201cllevar el radicalismo de Olavarr\u00eda muy alto\u201d<\/strong> en este mandato de vicepresidenta y a\u00f1adi\u00f3: <strong>\u201ctengo la convicci\u00f3n de que es el momento de que las mujeres seamos protagonistas\u201d<\/strong>.<\/p>\n<p>&nbsp;<\/p>\n<p>Luego enumer\u00f3 <strong>las nuevas autoridades locales<\/strong>, los vocales, y los delegados a la Convenci\u00f3n Provincial de UCR. En ambos listados se contaron representantes de las tres listas que compitieron en marzo.<\/p>\n<p><img data-recalc-dims=\"1\" loading=\"lazy\" decoding=\"async\" class=\"aligncenter wp-image-21572 size-large\" src=\"https:\/\/i0.wp.com\/cdnoticias.com\/wp-content\/uploads\/2021\/05\/UCR-4.jpeg?resize=800%2C450&#038;ssl=1\" alt=\"\" width=\"800\" height=\"450\" srcset=\"https:\/\/i0.wp.com\/cdnoticias.com\/wp-content\/uploads\/2021\/05\/UCR-4.jpeg?resize=1024%2C576&amp;ssl=1 1024w, https:\/\/i0.wp.com\/cdnoticias.com\/wp-content\/uploads\/2021\/05\/UCR-4.jpeg?resize=300%2C169&amp;ssl=1 300w, https:\/\/i0.wp.com\/cdnoticias.com\/wp-content\/uploads\/2021\/05\/UCR-4.jpeg?resize=768%2C432&amp;ssl=1 768w, https:\/\/i0.wp.com\/cdnoticias.com\/wp-content\/uploads\/2021\/05\/UCR-4.jpeg?w=1040&amp;ssl=1 1040w\" sizes=\"auto, (max-width: 800px) 100vw, 800px\" \/><\/p>\n<p>&nbsp;<\/p>\n<p>El cierre fue con las palabras del flamante presidente. <strong>Gonzalo Dolagaray<\/strong> tambi\u00e9n valor\u00f3 especialmente <a href=\"https:\/\/cdnoticias.com\/index.php\/2021\/03\/21\/internas-ucr-gano-la-lista-114-y-gonzalo-dolagaray-es-el-presidente-del-comite-local\/\" target=\"_blank\" rel=\"noopener\">lo sucedido el 21 de marzo<\/a>, <strong>\u201cdesde que milito no recuerdo unos comicios con tantos participantes\u201d<\/strong>.<\/p>\n<p>&nbsp;<\/p>\n<p>Record\u00f3 <strong>la premisa propuesta entre los competidores de la interna, \u201cla unidad ganase quien ganase\u201d<\/strong>, y en ese marco inform\u00f3 que \u201cya hemos tenido reuniones\u201d.<\/p>\n<p>&nbsp;<\/p>\n<blockquote><p>\u201cNos propusimos presentar una lista propia que va a enfrentar a la del intendente\u201d en las pr\u00f3ximas elecciones legislativas dijo, y se\u00f1al\u00f3 que Ezequiel Galli se refiri\u00f3 al tema d\u00edas pasados para considerar que \u201ccreemos que vamos por buen camino, le hemos marcado un poco la cancha\u201d.<\/p><\/blockquote>\n<p>&nbsp;<\/p>\n<p>En el \u00faltimo tramo de su intervenci\u00f3n se refiri\u00f3 a los objetivos de la conducci\u00f3n interna, con la reconstrucci\u00f3n de la sede y la intenci\u00f3n de conformar m\u00e1s \u201ccircuitos\u201d internos con llegada a barrios y localidades. <strong>\u201cVamos a poder representar a todos los vecinos, no solamente a los radicales\u201d cerr\u00f3 Gonzalo Dolagaray<\/strong>.<\/p>\n","protected":false},"excerpt":{"rendered":"<p>Se realiz\u00f3 en un acto virtual. Gonzalo Dolagaray ya es el presidente y reforz\u00f3 la intenci\u00f3n de trabajar \u201cpor la<\/p>\n","protected":false},"author":4,"featured_media":21575,"comment_status":"closed","ping_status":"closed","sticky":false,"template":"","format":"standard","meta":{"_jetpack_memberships_contains_paid_content":false,"footnotes":""},"categories":[4,1],"tags":[],"class_list":["post-21570","post","type-post","status-publish","format-standard","has-post-thumbnail","hentry","category-politica","category-portada"],"jetpack_featured_media_url":"https:\/\/i0.wp.com\/cdnoticias.com\/wp-content\/uploads\/2021\/05\/UCR-3.jpeg?fit=1040%2C585&ssl=1","jetpack_sharing_enabled":true,"_links":{"self":[{"href":"https:\/\/cdnoticias.com\/index.php\/wp-json\/wp\/v2\/posts\/21570","targetHints":{"allow":["GET"]}}],"collection":[{"href":"https:\/\/cdnoticias.com\/index.php\/wp-json\/wp\/v2\/posts"}],"about":[{"href":"https:\/\/cdnoticias.com\/index.php\/wp-json\/wp\/v2\/types\/post"}],"author":[{"embeddable":true,"href":"https:\/\/cdnoticias.com\/index.php\/wp-json\/wp\/v2\/users\/4"}],"replies":[{"embeddable":true,"href":"https:\/\/cdnoticias.com\/index.php\/wp-json\/wp\/v2\/comments?post=21570"}],"version-history":[{"count":0,"href":"https:\/\/cdnoticias.com\/index.php\/wp-json\/wp\/v2\/posts\/21570\/revisions"}],"wp:featuredmedia":[{"embeddable":true,"href":"https:\/\/cdnoticias.com\/index.php\/wp-json\/wp\/v2\/media\/21575"}],"wp:attachment":[{"href":"https:\/\/cdnoticias.com\/index.php\/wp-json\/wp\/v2\/media?parent=21570"}],"wp:term":[{"taxonomy":"category","embeddable":true,"href":"https:\/\/cdnoticias.com\/index.php\/wp-json\/wp\/v2\/categories?post=21570"},{"taxonomy":"post_tag","embeddable":true,"href":"https:\/\/cdnoticias.com\/index.php\/wp-json\/wp\/v2\/tags?post=21570"}],"curies":[{"name":"wp","href":"https:\/\/api.w.org\/{rel}","templated":true}]}}