{"id":21558,"date":"2021-05-15T12:05:36","date_gmt":"2021-05-15T15:05:36","guid":{"rendered":"http:\/\/www.centraldenoticias.com.ar\/?p=21558"},"modified":"2021-05-15T13:46:49","modified_gmt":"2021-05-15T16:46:49","slug":"este-sabado-nueva-conferencia-del-intendente-galli","status":"publish","type":"post","link":"https:\/\/cdnoticias.com\/index.php\/2021\/05\/15\/este-sabado-nueva-conferencia-del-intendente-galli\/","title":{"rendered":"Este s\u00e1bado, nueva conferencia del intendente Galli"},"content":{"rendered":"<p>Se anunci\u00f3 que desde las 20 hablar\u00e1 el jefe comunal. La situaci\u00f3n sanitaria actual y las novedades de las restricciones ser\u00e1n el eje de la exposici\u00f3n.<!--more--><\/p>\n<hr \/>\n<p><strong>Este s\u00e1bado a las 20 horas el intendente Ezequiel Galli brindar\u00e1 una nueva conferencia de prensa<\/strong>.<\/p>\n<p>&nbsp;<\/p>\n<p>Se anunci\u00f3 desde el Municipio que, <strong>en el sal\u00f3n Rivadavia, el jefe comunal abordar\u00e1 \u201cla situaci\u00f3n sanitaria actual\u201d<\/strong>.<\/p>\n<p>&nbsp;<\/p>\n<blockquote><p>Se esperan novedades en torno de las restricciones dispuestas en el marco de la pandemia.<\/p><\/blockquote>\n<p>&nbsp;<\/p>\n<p>En ese marco, cabe recordar que esta semana <strong>Galli, junto a otros funcionarios, se reunieron con representantes de <a href=\"https:\/\/cdnoticias.com\/index.php\/2021\/05\/14\/galli-recibio-a-representantes-de-establecimientos-gastronomicos\/\" target=\"_blank\" rel=\"noopener\">empresas del rubro\u00a0gastron\u00f3mico local<\/a><\/strong>.<\/p>\n<p>&nbsp;<\/p>\n<p>Asimismo, en cuanto al <strong>avance de la enfermedad<\/strong>, la cantidad de <a href=\"https:\/\/cdnoticias.com\/index.php\/2021\/05\/14\/fallecieron-dos-pacientes-con-coronavirus-en-olavarria\/\" target=\"_blank\" rel=\"noopener\">casos positivos detectados diariamente ha bajado<\/a>, pero <strong>se mantiene alta la ocupaci\u00f3n hospitalaria: hay 39 pacientes con Covid internados<\/strong> en el Hospital Municipal.<\/p>\n<p>&nbsp;<\/p>\n<p>El \u00faltimo informe oficial expuso <a href=\"https:\/\/cdnoticias.com\/index.php\/2021\/05\/14\/german-caputo-en-terapia-tenemos-dos-camas-libres\/\" target=\"_blank\" rel=\"noopener\">75% de ocupaci\u00f3n en la Sala Covid y en UTI<\/a>, lo cual implica 13 y cinco camas libres respectivamente.<\/p>\n","protected":false},"excerpt":{"rendered":"<p>Se anunci\u00f3 que desde las 20 hablar\u00e1 el jefe comunal. La situaci\u00f3n sanitaria actual y las novedades de las restricciones<\/p>\n","protected":false},"author":4,"featured_media":18575,"comment_status":"closed","ping_status":"closed","sticky":false,"template":"","format":"standard","meta":{"_jetpack_memberships_contains_paid_content":false,"footnotes":""},"categories":[16,1],"tags":[],"class_list":["post-21558","post","type-post","status-publish","format-standard","has-post-thumbnail","hentry","category-covid-19","category-portada"],"jetpack_featured_media_url":"https:\/\/i0.wp.com\/cdnoticias.com\/wp-content\/uploads\/2021\/04\/conferencia4.jpg?fit=1152%2C768&ssl=1","jetpack_sharing_enabled":true,"_links":{"self":[{"href":"https:\/\/cdnoticias.com\/index.php\/wp-json\/wp\/v2\/posts\/21558","targetHints":{"allow":["GET"]}}],"collection":[{"href":"https:\/\/cdnoticias.com\/index.php\/wp-json\/wp\/v2\/posts"}],"about":[{"href":"https:\/\/cdnoticias.com\/index.php\/wp-json\/wp\/v2\/types\/post"}],"author":[{"embeddable":true,"href":"https:\/\/cdnoticias.com\/index.php\/wp-json\/wp\/v2\/users\/4"}],"replies":[{"embeddable":true,"href":"https:\/\/cdnoticias.com\/index.php\/wp-json\/wp\/v2\/comments?post=21558"}],"version-history":[{"count":0,"href":"https:\/\/cdnoticias.com\/index.php\/wp-json\/wp\/v2\/posts\/21558\/revisions"}],"wp:featuredmedia":[{"embeddable":true,"href":"https:\/\/cdnoticias.com\/index.php\/wp-json\/wp\/v2\/media\/18575"}],"wp:attachment":[{"href":"https:\/\/cdnoticias.com\/index.php\/wp-json\/wp\/v2\/media?parent=21558"}],"wp:term":[{"taxonomy":"category","embeddable":true,"href":"https:\/\/cdnoticias.com\/index.php\/wp-json\/wp\/v2\/categories?post=21558"},{"taxonomy":"post_tag","embeddable":true,"href":"https:\/\/cdnoticias.com\/index.php\/wp-json\/wp\/v2\/tags?post=21558"}],"curies":[{"name":"wp","href":"https:\/\/api.w.org\/{rel}","templated":true}]}}