{"id":2155,"date":"2020-09-22T15:29:13","date_gmt":"2020-09-22T18:29:13","guid":{"rendered":"http:\/\/www.centraldenoticias.com.ar\/?p=2155"},"modified":"2020-09-22T17:25:31","modified_gmt":"2020-09-22T20:25:31","slug":"trabajamos-como-podemos-con-lo-que-tenemos","status":"publish","type":"post","link":"https:\/\/cdnoticias.com\/index.php\/2020\/09\/22\/trabajamos-como-podemos-con-lo-que-tenemos\/","title":{"rendered":"\u201cTrabajamos como podemos con lo que tenemos\u201d"},"content":{"rendered":"<p>Este \u00faltimo lunes hubo al menos 7 casos en la subsecretar\u00eda de Seguridad, tendencia que lleva algunos d\u00edas. Si bien la oficina contin\u00faa funcionando, se hace \u201cde forma m\u00ednima\u201d. Adem\u00e1s, se reemplazaron a efectivos de Control Urbano pero no alcanzan a cubrir todos los puestos. \u201cLaburamos con lo que tenemos, no queda otra\u201d se\u00f1al\u00f3 el funcionario Daniel Borra.<!--more--><\/p>\n<hr \/>\n<p>En la jornada del \u00faltimo lunes, del<a href=\"https:\/\/cdnoticias.com\/index.php\/2020\/09\/21\/coronavirus-56-nuevos-en-casos-en-olavarria\/\"> total de casos confirmados de COVID-19<\/a> al menos siete se dieron en la subsecretar\u00eda de Seguridad, \u00e1rea sensible de gobierno en materia de gesti\u00f3n de la pandemia. <strong>El funcionario Daniel Borra dialog\u00f3 con Central de Noticias e indic\u00f3 que siguen funcionando <em>\u201ccomo podemos con lo que tenemos\u201d.<\/em><\/strong><\/p>\n<p>&nbsp;<\/p>\n<p><strong>Se trata de dos empleados de la subsecretar\u00eda y al menos cinco en el \u00e1rea de Tr\u00e1nsito<\/strong>. Si bien se desinfectaron todas las oficinas y es un trabajo constante en materia de protocolos, todo seguir\u00e1 funcionando al menos con la m\u00ednima cantidad de personal por la sensibilidad del \u00e1rea.<\/p>\n<p>&nbsp;<\/p>\n<blockquote><p>\u201cSe trata de reemplazar a los efectivos para cubrir lugares clave, ya sea patrullaje, controles, entre otros\u201d dijo Borra, aunque se admiti\u00f3 que no todos los puestos pueden ser reemplazados.<\/p><\/blockquote>\n<p>&nbsp;<\/p>\n<p><em>\u201cLaburamos con lo que tenemos, no queda otra\u201d.<\/em> Si bien Borra dijo que \u201cestamos bien\u201d, asegur\u00f3 que<strong><em> \u201chay muchos positivos, aislados, m\u00e1s sus familias, y trabajamos como podemos con lo que tenemos\u201d<\/em><\/strong> cerr\u00f3.<\/p>\n","protected":false},"excerpt":{"rendered":"<p>Este \u00faltimo lunes hubo al menos 7 casos en la subsecretar\u00eda de Seguridad, tendencia que lleva algunos d\u00edas. Si bien<\/p>\n","protected":false},"author":2,"featured_media":1435,"comment_status":"closed","ping_status":"closed","sticky":false,"template":"","format":"standard","meta":{"_jetpack_memberships_contains_paid_content":false,"footnotes":""},"categories":[5,1],"tags":[],"class_list":["post-2155","post","type-post","status-publish","format-standard","has-post-thumbnail","hentry","category-informacion-general","category-portada"],"jetpack_featured_media_url":"https:\/\/i0.wp.com\/cdnoticias.com\/wp-content\/uploads\/2020\/09\/WhatsApp-Image-2020-09-12-at-17.58.49.jpeg?fit=1280%2C853&ssl=1","jetpack_sharing_enabled":true,"_links":{"self":[{"href":"https:\/\/cdnoticias.com\/index.php\/wp-json\/wp\/v2\/posts\/2155","targetHints":{"allow":["GET"]}}],"collection":[{"href":"https:\/\/cdnoticias.com\/index.php\/wp-json\/wp\/v2\/posts"}],"about":[{"href":"https:\/\/cdnoticias.com\/index.php\/wp-json\/wp\/v2\/types\/post"}],"author":[{"embeddable":true,"href":"https:\/\/cdnoticias.com\/index.php\/wp-json\/wp\/v2\/users\/2"}],"replies":[{"embeddable":true,"href":"https:\/\/cdnoticias.com\/index.php\/wp-json\/wp\/v2\/comments?post=2155"}],"version-history":[{"count":0,"href":"https:\/\/cdnoticias.com\/index.php\/wp-json\/wp\/v2\/posts\/2155\/revisions"}],"wp:featuredmedia":[{"embeddable":true,"href":"https:\/\/cdnoticias.com\/index.php\/wp-json\/wp\/v2\/media\/1435"}],"wp:attachment":[{"href":"https:\/\/cdnoticias.com\/index.php\/wp-json\/wp\/v2\/media?parent=2155"}],"wp:term":[{"taxonomy":"category","embeddable":true,"href":"https:\/\/cdnoticias.com\/index.php\/wp-json\/wp\/v2\/categories?post=2155"},{"taxonomy":"post_tag","embeddable":true,"href":"https:\/\/cdnoticias.com\/index.php\/wp-json\/wp\/v2\/tags?post=2155"}],"curies":[{"name":"wp","href":"https:\/\/api.w.org\/{rel}","templated":true}]}}