{"id":21549,"date":"2021-05-15T11:35:10","date_gmt":"2021-05-15T14:35:10","guid":{"rendered":"http:\/\/www.centraldenoticias.com.ar\/?p=21549"},"modified":"2021-05-15T12:07:47","modified_gmt":"2021-05-15T15:07:47","slug":"con-energia-solar-mapis-tiene-nuevas-luminarias","status":"publish","type":"post","link":"https:\/\/cdnoticias.com\/index.php\/2021\/05\/15\/con-energia-solar-mapis-tiene-nuevas-luminarias\/","title":{"rendered":"Con energ\u00eda solar, Mapis tiene nuevas luminarias"},"content":{"rendered":"<p>Se colocaron cinco luminarias en distintos puntos de la localidad. Es una experiencia piloto de aplicaci\u00f3n a la iluminaci\u00f3n de la v\u00eda p\u00fablica.<!--more--><\/p>\n<hr \/>\n<p>Con la finalidad de brindar el servicio de alumbrado p\u00fablico en Mapis, <strong>Coopelectric junto a la Municipalidad de Olavarr\u00eda instalaron cinco luminarias con tecnolog\u00eda solar de una intensidad lum\u00ednica de 9000 l\u00famenes<\/strong> cada una, en distintos sectores de la localidad rural.<\/p>\n<p>&nbsp;<\/p>\n<blockquote><p>Fueron ubicadas en el frente del edificio donde funcionan el Jard\u00edn de Infantes N\u00ba 904 y la Escuela Primaria N\u00ba 35 \u201cJos\u00e9 Lamas\u201d, en el frente del Club Social y Deportivo Belgrano, en el acceso a la Iglesia, en el frente del Museo (donde antiguamente funcionaba la Estaci\u00f3n) y otra iluminando el sector donde se sit\u00faa el cartel de acceso a Mapis.<\/p><\/blockquote>\n<p><img data-recalc-dims=\"1\" loading=\"lazy\" decoding=\"async\" class=\"aligncenter wp-image-21551 size-full\" src=\"https:\/\/i0.wp.com\/cdnoticias.com\/wp-content\/uploads\/2021\/05\/mapis-alumbrado-02.jpg?resize=800%2C445&#038;ssl=1\" alt=\"\" width=\"800\" height=\"445\" srcset=\"https:\/\/i0.wp.com\/cdnoticias.com\/wp-content\/uploads\/2021\/05\/mapis-alumbrado-02.jpg?w=800&amp;ssl=1 800w, https:\/\/i0.wp.com\/cdnoticias.com\/wp-content\/uploads\/2021\/05\/mapis-alumbrado-02.jpg?resize=300%2C167&amp;ssl=1 300w, https:\/\/i0.wp.com\/cdnoticias.com\/wp-content\/uploads\/2021\/05\/mapis-alumbrado-02.jpg?resize=768%2C427&amp;ssl=1 768w\" sizes=\"auto, (max-width: 800px) 100vw, 800px\" \/><\/p>\n<p>&nbsp;<\/p>\n<p>Esta localidad se encuentra ubicada a 130 kil\u00f3metros de la planta urbana y no cuenta con extensi\u00f3n de red el\u00e9ctrica, por lo que <strong>el uso de la tecnolog\u00eda fotovoltaica ha permitido la colocaci\u00f3n de las luminarias<\/strong> en las instituciones de la localidad.<\/p>\n<p>&nbsp;<\/p>\n<blockquote><p>Seg\u00fan el gerente de Operaciones y Calidad de Servicio, Jorge Vornetti, se trata de \u201cuna experiencia piloto porque es la primera vez que la Cooperativa utiliza energ\u00eda solar aplicada a la iluminaci\u00f3n de la v\u00eda p\u00fablica\u201d.<\/p><\/blockquote>\n<p><img data-recalc-dims=\"1\" loading=\"lazy\" decoding=\"async\" class=\"aligncenter wp-image-21552 size-full\" src=\"https:\/\/i0.wp.com\/cdnoticias.com\/wp-content\/uploads\/2021\/05\/mapis-alumbrado-03.jpg?resize=800%2C445&#038;ssl=1\" alt=\"\" width=\"800\" height=\"445\" srcset=\"https:\/\/i0.wp.com\/cdnoticias.com\/wp-content\/uploads\/2021\/05\/mapis-alumbrado-03.jpg?w=800&amp;ssl=1 800w, https:\/\/i0.wp.com\/cdnoticias.com\/wp-content\/uploads\/2021\/05\/mapis-alumbrado-03.jpg?resize=300%2C167&amp;ssl=1 300w, https:\/\/i0.wp.com\/cdnoticias.com\/wp-content\/uploads\/2021\/05\/mapis-alumbrado-03.jpg?resize=768%2C427&amp;ssl=1 768w\" sizes=\"auto, (max-width: 800px) 100vw, 800px\" \/><\/p>\n<p>&nbsp;<\/p>\n<p>Al mismo tiempo lo calific\u00f3 como la \u201c<strong>oportunidad de desarrollar el aprendizaje necesario para una correcta utilizaci\u00f3n de este tipo de luminarias<\/strong>, ya que requieren de un equilibrio apropiado entre la intensidad lum\u00ednica y la autonom\u00eda de las mismas\u201d.<\/p>\n<p>&nbsp;<\/p>\n<p>Se detall\u00f3 desde la cooperativa que <strong>las luminarias incluyen un control remoto que permite modificar la modalidad de funcionamiento<\/strong>. En una de ellas la fotoc\u00e9lula interna controla el encendido y lo hace con una intensidad moderada, pasando a su plenitud lum\u00ednica cuando detecta movimiento en la zona de influencia. En otras, enciende a pleno pero con un tiempo de encendido predefinido de tres, cinco y ocho horas. <em>\u201cTodas estas opciones permiten adaptar la prestaci\u00f3n de los equipos con los requerimientos lum\u00ednicos que pueden variar circunstancialmente, y con la autonom\u00eda de la bater\u00eda de cada una de ellas\u201d<\/em>, explic\u00f3 Vornetti.<\/p>\n<p><img data-recalc-dims=\"1\" loading=\"lazy\" decoding=\"async\" class=\"aligncenter wp-image-21553\" src=\"https:\/\/i0.wp.com\/cdnoticias.com\/wp-content\/uploads\/2021\/05\/mapis-alumbrado-04.jpg?resize=400%2C405&#038;ssl=1\" alt=\"\" width=\"400\" height=\"405\" srcset=\"https:\/\/i0.wp.com\/cdnoticias.com\/wp-content\/uploads\/2021\/05\/mapis-alumbrado-04.jpg?w=600&amp;ssl=1 600w, https:\/\/i0.wp.com\/cdnoticias.com\/wp-content\/uploads\/2021\/05\/mapis-alumbrado-04.jpg?resize=296%2C300&amp;ssl=1 296w\" sizes=\"auto, (max-width: 400px) 100vw, 400px\" \/><\/p>\n<p>&nbsp;<\/p>\n<p>Es importante destacar que <strong>se trabaj\u00f3 de forma articulada con quienes viven o se desempe\u00f1an en Mapis<\/strong>, con ellos se consensu\u00f3 la ubicaci\u00f3n de las luminarias y son quienes programan su tipo de funcionamiento.<\/p>\n<p>&nbsp;<\/p>\n<blockquote><p>\u201cLo interesante es que la experiencia de los propios usuarios ser\u00e1 las que les permitir\u00e1 determinar la modalidad de uso m\u00e1s adecuada\u201d afirm\u00f3 el gerente de Operaciones y Calidad de Servicio.<\/p><\/blockquote>\n<p><img data-recalc-dims=\"1\" loading=\"lazy\" decoding=\"async\" class=\"aligncenter wp-image-21555 size-full\" src=\"https:\/\/i0.wp.com\/cdnoticias.com\/wp-content\/uploads\/2021\/05\/mapis-alumbrado-00.jpg?resize=800%2C445&#038;ssl=1\" alt=\"\" width=\"800\" height=\"445\" srcset=\"https:\/\/i0.wp.com\/cdnoticias.com\/wp-content\/uploads\/2021\/05\/mapis-alumbrado-00.jpg?w=800&amp;ssl=1 800w, https:\/\/i0.wp.com\/cdnoticias.com\/wp-content\/uploads\/2021\/05\/mapis-alumbrado-00.jpg?resize=300%2C167&amp;ssl=1 300w, https:\/\/i0.wp.com\/cdnoticias.com\/wp-content\/uploads\/2021\/05\/mapis-alumbrado-00.jpg?resize=768%2C427&amp;ssl=1 768w\" sizes=\"auto, (max-width: 800px) 100vw, 800px\" \/><\/p>\n<p>&nbsp;<\/p>\n<p>Sobre esta iniciativa, <strong>el presidente del Consejo de Administraci\u00f3n, Ignacio Aramburu<\/strong>, manifest\u00f3 \u201chace un tiempo se plante\u00f3 la intenci\u00f3n de brindar alumbrado p\u00fablico a Mapis y desde el \u00e1rea t\u00e9cnica <em>se analiz\u00f3 la mejor alternativa teniendo en cuenta que no llegamos hasta all\u00ed con nuestras redes el\u00e9ctricas<\/em>.<strong> El avance de las energ\u00edas renovables es significativo<\/strong> y hoy nos permite concretar un anhelo que compart\u00edamos con el Municipio\u201d.<\/p>\n<p>&nbsp;<\/p>\n<p>A continuaci\u00f3n agreg\u00f3 \u201caqu\u00ed se evidencia <em>el valor del cooperativismo al servicio de la comunidad, el compromiso y la mirada puesta en acompa\u00f1ar a las personas<\/em> motoriza este tipo de acciones que son propias de la econom\u00eda social y solidaria\u201d.<\/p>\n<p><img data-recalc-dims=\"1\" loading=\"lazy\" decoding=\"async\" class=\"alignnone size-full wp-image-21556\" src=\"https:\/\/i0.wp.com\/cdnoticias.com\/wp-content\/uploads\/2021\/05\/mapis-alumbrado-01.jpg?resize=800%2C444&#038;ssl=1\" alt=\"\" width=\"800\" height=\"444\" srcset=\"https:\/\/i0.wp.com\/cdnoticias.com\/wp-content\/uploads\/2021\/05\/mapis-alumbrado-01.jpg?w=800&amp;ssl=1 800w, https:\/\/i0.wp.com\/cdnoticias.com\/wp-content\/uploads\/2021\/05\/mapis-alumbrado-01.jpg?resize=300%2C167&amp;ssl=1 300w, https:\/\/i0.wp.com\/cdnoticias.com\/wp-content\/uploads\/2021\/05\/mapis-alumbrado-01.jpg?resize=768%2C426&amp;ssl=1 768w\" sizes=\"auto, (max-width: 800px) 100vw, 800px\" \/><\/p>\n","protected":false},"excerpt":{"rendered":"<p>Se colocaron cinco luminarias en distintos puntos de la localidad. Es una experiencia piloto de aplicaci\u00f3n a la iluminaci\u00f3n de<\/p>\n","protected":false},"author":4,"featured_media":21554,"comment_status":"closed","ping_status":"closed","sticky":false,"template":"","format":"standard","meta":{"_jetpack_memberships_contains_paid_content":false,"footnotes":""},"categories":[5,1],"tags":[],"class_list":["post-21549","post","type-post","status-publish","format-standard","has-post-thumbnail","hentry","category-informacion-general","category-portada"],"jetpack_featured_media_url":"https:\/\/i0.wp.com\/cdnoticias.com\/wp-content\/uploads\/2021\/05\/mapis-alumbrado-05.jpg?fit=800%2C444&ssl=1","jetpack_sharing_enabled":true,"_links":{"self":[{"href":"https:\/\/cdnoticias.com\/index.php\/wp-json\/wp\/v2\/posts\/21549","targetHints":{"allow":["GET"]}}],"collection":[{"href":"https:\/\/cdnoticias.com\/index.php\/wp-json\/wp\/v2\/posts"}],"about":[{"href":"https:\/\/cdnoticias.com\/index.php\/wp-json\/wp\/v2\/types\/post"}],"author":[{"embeddable":true,"href":"https:\/\/cdnoticias.com\/index.php\/wp-json\/wp\/v2\/users\/4"}],"replies":[{"embeddable":true,"href":"https:\/\/cdnoticias.com\/index.php\/wp-json\/wp\/v2\/comments?post=21549"}],"version-history":[{"count":0,"href":"https:\/\/cdnoticias.com\/index.php\/wp-json\/wp\/v2\/posts\/21549\/revisions"}],"wp:featuredmedia":[{"embeddable":true,"href":"https:\/\/cdnoticias.com\/index.php\/wp-json\/wp\/v2\/media\/21554"}],"wp:attachment":[{"href":"https:\/\/cdnoticias.com\/index.php\/wp-json\/wp\/v2\/media?parent=21549"}],"wp:term":[{"taxonomy":"category","embeddable":true,"href":"https:\/\/cdnoticias.com\/index.php\/wp-json\/wp\/v2\/categories?post=21549"},{"taxonomy":"post_tag","embeddable":true,"href":"https:\/\/cdnoticias.com\/index.php\/wp-json\/wp\/v2\/tags?post=21549"}],"curies":[{"name":"wp","href":"https:\/\/api.w.org\/{rel}","templated":true}]}}