{"id":21531,"date":"2021-05-14T20:15:18","date_gmt":"2021-05-14T23:15:18","guid":{"rendered":"http:\/\/www.centraldenoticias.com.ar\/?p=21531"},"modified":"2021-05-14T20:15:18","modified_gmt":"2021-05-14T23:15:18","slug":"en-olavarria-cerca-de-la-mitad-de-los-anotados-ya-recibieron-la-primera-dosis","status":"publish","type":"post","link":"https:\/\/cdnoticias.com\/index.php\/2021\/05\/14\/en-olavarria-cerca-de-la-mitad-de-los-anotados-ya-recibieron-la-primera-dosis\/","title":{"rendered":"En Olavarr\u00eda cerca de la mitad de los anotados ya recibieron la primera dosis"},"content":{"rendered":"<p>la par, m\u00e1s de 6 mil vecinos ya completaron su proceso de vacunaci\u00f3n al recibir el segundo componente. Este viernes fueron aplicadas m\u00e1s de mil dosis.<!--more--><\/p>\n<hr \/>\n<p>El Plan Provincial de vacunaci\u00f3n contra el coronavirus avanza a ritmo sostenido en Olavarr\u00eda. Tal es as\u00ed que este viernes fueron aplicadas m\u00e1s de mil dosis. <strong>La cifra total de olavarrienses que ya recibieron la primera dosis es de 24.257, sobre 48.717 anotados.<\/strong><\/p>\n<p>&nbsp;<\/p>\n<p>El otro dato a tener en cuenta es que <strong>m\u00e1s de 6 mil olavarrienses completaron el proceso de vacunaci\u00f3n al recibir el segundo componente<\/strong>. En ese sentido, la totalidad de <strong>las 1047 dosis aplicadas este viernes corresponden, precisamente, a segundos componentes.<\/strong><\/p>\n<p>&nbsp;<\/p>\n<p><img data-recalc-dims=\"1\" loading=\"lazy\" decoding=\"async\" class=\"alignnone size-full wp-image-20669\" src=\"https:\/\/i0.wp.com\/cdnoticias.com\/wp-content\/uploads\/2021\/05\/WhatsApp-Image-2021-05-04-at-19.48.00.jpeg?resize=800%2C513&#038;ssl=1\" alt=\"\" width=\"800\" height=\"513\" srcset=\"https:\/\/i0.wp.com\/cdnoticias.com\/wp-content\/uploads\/2021\/05\/WhatsApp-Image-2021-05-04-at-19.48.00.jpeg?w=960&amp;ssl=1 960w, https:\/\/i0.wp.com\/cdnoticias.com\/wp-content\/uploads\/2021\/05\/WhatsApp-Image-2021-05-04-at-19.48.00.jpeg?resize=300%2C192&amp;ssl=1 300w, https:\/\/i0.wp.com\/cdnoticias.com\/wp-content\/uploads\/2021\/05\/WhatsApp-Image-2021-05-04-at-19.48.00.jpeg?resize=768%2C492&amp;ssl=1 768w\" sizes=\"auto, (max-width: 800px) 100vw, 800px\" \/><\/p>\n<p>&nbsp;<\/p>\n<p>En detalle, <strong>en la Mutual Carlos Alberto Moreno se aplicaron aplic\u00f3 183 dosis, mientras que en el Servicio Territorial Municipal N\u00b02 otras 355. Por su parte, el Hospital de Oncolog\u00eda fueron 179 los olavarrienses vacunados. Por \u00faltimo, en el sal\u00f3n de usos m\u00faltiples de la Facultad de Ciencias de la Salud fueron inoculadas 330 personas<\/strong>.<\/p>\n<p>&nbsp;<\/p>\n<p>Como siempre, se record\u00f3 que<strong> la vacunaci\u00f3n es \u00fanicamente por turnos, tanto para primeras como segundas dosis,\u00a0 por lo que se le pide a la comunidad que est\u00e9n atentos a los mensajes con la notificaci\u00f3n del d\u00eda y horario para aplicarse la dosis correspondiente<\/strong>. Todos los interesados en acceder al plan provincial de vacunaci\u00f3n contra el coronavirus, que es p\u00fablico, gratuito y optativo, pueden sacar turno de manera virtual entrando en la <a href=\"https:\/\/vacunatepba.gba.gob.ar\/\" target=\"_blank\" rel=\"noopener\">p\u00e1gina del Programa Provincial Vacunate<\/a> o de forma presencial en ANSES, IOMA, PAMI, Ministerio de trabajo, Centro de Documentaci\u00f3n R\u00e1pida, entre otros.<\/p>\n","protected":false},"excerpt":{"rendered":"<p>la par, m\u00e1s de 6 mil vecinos ya completaron su proceso de vacunaci\u00f3n al recibir el segundo componente. Este viernes<\/p>\n","protected":false},"author":3,"featured_media":21242,"comment_status":"closed","ping_status":"closed","sticky":false,"template":"","format":"standard","meta":{"_jetpack_memberships_contains_paid_content":false,"footnotes":""},"categories":[16,1],"tags":[],"class_list":["post-21531","post","type-post","status-publish","format-standard","has-post-thumbnail","hentry","category-covid-19","category-portada"],"jetpack_featured_media_url":"https:\/\/i0.wp.com\/cdnoticias.com\/wp-content\/uploads\/2021\/05\/WhatsApp-Image-2021-05-11-at-19.55.58.jpeg?fit=1280%2C713&ssl=1","jetpack_sharing_enabled":true,"_links":{"self":[{"href":"https:\/\/cdnoticias.com\/index.php\/wp-json\/wp\/v2\/posts\/21531","targetHints":{"allow":["GET"]}}],"collection":[{"href":"https:\/\/cdnoticias.com\/index.php\/wp-json\/wp\/v2\/posts"}],"about":[{"href":"https:\/\/cdnoticias.com\/index.php\/wp-json\/wp\/v2\/types\/post"}],"author":[{"embeddable":true,"href":"https:\/\/cdnoticias.com\/index.php\/wp-json\/wp\/v2\/users\/3"}],"replies":[{"embeddable":true,"href":"https:\/\/cdnoticias.com\/index.php\/wp-json\/wp\/v2\/comments?post=21531"}],"version-history":[{"count":0,"href":"https:\/\/cdnoticias.com\/index.php\/wp-json\/wp\/v2\/posts\/21531\/revisions"}],"wp:featuredmedia":[{"embeddable":true,"href":"https:\/\/cdnoticias.com\/index.php\/wp-json\/wp\/v2\/media\/21242"}],"wp:attachment":[{"href":"https:\/\/cdnoticias.com\/index.php\/wp-json\/wp\/v2\/media?parent=21531"}],"wp:term":[{"taxonomy":"category","embeddable":true,"href":"https:\/\/cdnoticias.com\/index.php\/wp-json\/wp\/v2\/categories?post=21531"},{"taxonomy":"post_tag","embeddable":true,"href":"https:\/\/cdnoticias.com\/index.php\/wp-json\/wp\/v2\/tags?post=21531"}],"curies":[{"name":"wp","href":"https:\/\/api.w.org\/{rel}","templated":true}]}}