{"id":21525,"date":"2021-05-14T18:38:26","date_gmt":"2021-05-14T21:38:26","guid":{"rendered":"http:\/\/www.centraldenoticias.com.ar\/?p=21525"},"modified":"2021-05-14T18:38:26","modified_gmt":"2021-05-14T21:38:26","slug":"german-caputo-en-terapia-tenemos-dos-camas-libres","status":"publish","type":"post","link":"https:\/\/cdnoticias.com\/index.php\/2021\/05\/14\/german-caputo-en-terapia-tenemos-dos-camas-libres\/","title":{"rendered":"Germ\u00e1n Caputo: \u201cEn terapia tenemos dos camas libres\u201d"},"content":{"rendered":"<p>En el marco de la entrega de nuevo equipamiento, el secretario de Salud habl\u00f3 sobre la situaci\u00f3n del Hospital Municipal. Agreg\u00f3 que el s\u00e1bado ser\u00e1 un \u201cd\u00eda clave\u201d.<!--more--><\/p>\n<hr \/>\n<p>En la tarde de este viernes <a href=\"https:\/\/cdnoticias.com\/index.php\/2021\/05\/14\/el-hospital-municipal-recibio-nuevos-respiradores-y-equipamiento\/\" target=\"_blank\" rel=\"noopener\">Olavarr\u00eda recibi\u00f3 nuevo equipamiento de salud que fue enviado desde el gobierno provincial para equipar el \u00e1rea de cuidados cr\u00edticos<\/a>. La entrega fue realizada por el director de Regi\u00f3n Sanitaria IX, Ramiro Borzi, y del acto formal tom\u00f3 parte activa el secretario de Salud Municipal Germ\u00e1n Caputo. Instantes despu\u00e9s ambos hablaron con los medios presentes y <strong>el intercambio de preguntas permiti\u00f3 conocer cu\u00e1l es el estado de situaci\u00f3n del centro asistencial local.<\/strong><\/p>\n<p>&nbsp;<\/p>\n<p><strong>\u201cHoy en terapia tenemos 2 camas libres\u201d<\/strong>, expres\u00f3 Caputo a medida que daba cuenta que \u201cde las camas ocupadas 3 no son Covid\u201d. En ese marco las preguntas giraron en torno a si este nuevo equipamiento, al que deben sumarse <a href=\"https:\/\/cdnoticias.com\/index.php\/2021\/05\/12\/llegaron-las-nuevas-camas-para-la-unidad-de-terapia-intensiva-del-hospital-municipal\/\" target=\"_blank\" rel=\"noopener\">las camas entregadas d\u00edas atr\u00e1s<\/a>, se traducen en un aumento de la capacidad, algo que el funcionario municipal insisti\u00f3 en que no es tan directa la relaci\u00f3n.<\/p>\n<p>&nbsp;<\/p>\n<p><img data-recalc-dims=\"1\" loading=\"lazy\" decoding=\"async\" class=\"alignnone size-full wp-image-21521\" src=\"https:\/\/i0.wp.com\/cdnoticias.com\/wp-content\/uploads\/2021\/05\/hospital-respiradores3.jpg?resize=800%2C445&#038;ssl=1\" alt=\"\" width=\"800\" height=\"445\" srcset=\"https:\/\/i0.wp.com\/cdnoticias.com\/wp-content\/uploads\/2021\/05\/hospital-respiradores3.jpg?w=800&amp;ssl=1 800w, https:\/\/i0.wp.com\/cdnoticias.com\/wp-content\/uploads\/2021\/05\/hospital-respiradores3.jpg?resize=300%2C167&amp;ssl=1 300w, https:\/\/i0.wp.com\/cdnoticias.com\/wp-content\/uploads\/2021\/05\/hospital-respiradores3.jpg?resize=768%2C427&amp;ssl=1 768w\" sizes=\"auto, (max-width: 800px) 100vw, 800px\" \/><\/p>\n<p>&nbsp;<\/p>\n<p>Tal como se narr\u00f3 previamente, se\u00f1al\u00f3 que en una primera instancia servir\u00e1n de \u201cback up\u201d y para optimizar con lo que ya se cuenta. En la continuidad de la explicaci\u00f3n traz\u00f3 un paralelismo y explic\u00f3 que \u201csi vos ten\u00e9s un hotel con 20 camas no pod\u00e9s tener las 20 habitaciones completas, todos los d\u00edas a toda hora. <strong>Vos lo que ten\u00e9s que tener un <em>back up<\/em> para ir resolviendo situaciones que van viniendo<\/strong>. Hay habitaci\u00f3n que son de sost\u00e9n, por ejemplo viene un paciente que requiere una di\u00e1lisis y va a una habitaci\u00f3n de sost\u00e9n, viene un paciente que requiere un control estricto por un politrauma por unas horas y va tambi\u00e9n a una habitaci\u00f3n de sost\u00e9n. <strong>Es variable lo que es una cama de terapia y no es tan f\u00e1cil aumentarla<\/strong>\u201d.<\/p>\n<p>&nbsp;<\/p>\n<p>Acerca de la merma de casos de la \u00faltima semana y su correlato en el Hospital expres\u00f3 que \u201clos n\u00fameros en esta pandemia se comportaron siempre de manera muy prolija. Aumentan los casos, aumenta la internaci\u00f3n en sala Covid, aumenta la ocupaci\u00f3n en UTI, aumentan los fallecidos. <strong>La baja es inversa, si disminuyen los casos disminuye la ocupaci\u00f3n en Covid, y disminuye por \u00faltimo la ocupaci\u00f3n en UTI. Todav\u00eda no se est\u00e1 logrando esto, pero la baja en Covid y guardia ya se est\u00e1 viendo<\/strong>\u201d.<\/p>\n<p>&nbsp;<\/p>\n<p><img data-recalc-dims=\"1\" loading=\"lazy\" decoding=\"async\" class=\"alignnone size-full wp-image-21520\" src=\"https:\/\/i0.wp.com\/cdnoticias.com\/wp-content\/uploads\/2021\/05\/hospital-respiradores2.jpg?resize=800%2C445&#038;ssl=1\" alt=\"\" width=\"800\" height=\"445\" srcset=\"https:\/\/i0.wp.com\/cdnoticias.com\/wp-content\/uploads\/2021\/05\/hospital-respiradores2.jpg?w=800&amp;ssl=1 800w, https:\/\/i0.wp.com\/cdnoticias.com\/wp-content\/uploads\/2021\/05\/hospital-respiradores2.jpg?resize=300%2C167&amp;ssl=1 300w, https:\/\/i0.wp.com\/cdnoticias.com\/wp-content\/uploads\/2021\/05\/hospital-respiradores2.jpg?resize=768%2C427&amp;ssl=1 768w\" sizes=\"auto, (max-width: 800px) 100vw, 800px\" \/><\/p>\n<p>&nbsp;<\/p>\n<p>Por otra parte, expres\u00f3 que en la jornada de este viernes fue alto el n\u00famero de hisopados y que el n\u00famero de casos de este s\u00e1bado ser\u00e1 \u201cclave\u201d para determinar la situaci\u00f3n sanitaria del Parido. <strong>\u201cVa mostrando una baja con respecto a la semana anterior, pero no hay que bajar la guardia, esto no termin\u00f3\u201d<\/strong>.<\/p>\n<p>&nbsp;<\/p>\n<p>Por \u00faltimo, revel\u00f3 que en las \u00faltimas horas se dio el ingreso de una paciente de General La Madrid. \u201cNo est\u00e1bamos hasta hoy en condiciones de recibir a nadie\u201d, se\u00f1al\u00f3 y agreg\u00f3 que se trata de \u201cla mam\u00e1 de una m\u00e9dica, fue un caso especial, porque la recibimos en la guardia, la tuvimos en la internaci\u00f3n y posteriormente la internamos en terapia. <strong>Siempre colaboramos con la regi\u00f3n, a veces se nos hace imposible, porque no podemos con nosotros mismos, pero siempre, en pandemia y fuera de pandemia, se colabor\u00f3 con la regi\u00f3n y en todo tipo de especialidad<\/strong>\u201d, finaliz\u00f3.<\/p>\n","protected":false},"excerpt":{"rendered":"<p>En el marco de la entrega de nuevo equipamiento, el secretario de Salud habl\u00f3 sobre la situaci\u00f3n del Hospital Municipal.<\/p>\n","protected":false},"author":4,"featured_media":21522,"comment_status":"closed","ping_status":"closed","sticky":false,"template":"","format":"standard","meta":{"_jetpack_memberships_contains_paid_content":false,"footnotes":""},"categories":[16,1],"tags":[],"class_list":["post-21525","post","type-post","status-publish","format-standard","has-post-thumbnail","hentry","category-covid-19","category-portada"],"jetpack_featured_media_url":"https:\/\/i0.wp.com\/cdnoticias.com\/wp-content\/uploads\/2021\/05\/hospital-respiradores4.jpg?fit=800%2C445&ssl=1","jetpack_sharing_enabled":true,"_links":{"self":[{"href":"https:\/\/cdnoticias.com\/index.php\/wp-json\/wp\/v2\/posts\/21525","targetHints":{"allow":["GET"]}}],"collection":[{"href":"https:\/\/cdnoticias.com\/index.php\/wp-json\/wp\/v2\/posts"}],"about":[{"href":"https:\/\/cdnoticias.com\/index.php\/wp-json\/wp\/v2\/types\/post"}],"author":[{"embeddable":true,"href":"https:\/\/cdnoticias.com\/index.php\/wp-json\/wp\/v2\/users\/4"}],"replies":[{"embeddable":true,"href":"https:\/\/cdnoticias.com\/index.php\/wp-json\/wp\/v2\/comments?post=21525"}],"version-history":[{"count":0,"href":"https:\/\/cdnoticias.com\/index.php\/wp-json\/wp\/v2\/posts\/21525\/revisions"}],"wp:featuredmedia":[{"embeddable":true,"href":"https:\/\/cdnoticias.com\/index.php\/wp-json\/wp\/v2\/media\/21522"}],"wp:attachment":[{"href":"https:\/\/cdnoticias.com\/index.php\/wp-json\/wp\/v2\/media?parent=21525"}],"wp:term":[{"taxonomy":"category","embeddable":true,"href":"https:\/\/cdnoticias.com\/index.php\/wp-json\/wp\/v2\/categories?post=21525"},{"taxonomy":"post_tag","embeddable":true,"href":"https:\/\/cdnoticias.com\/index.php\/wp-json\/wp\/v2\/tags?post=21525"}],"curies":[{"name":"wp","href":"https:\/\/api.w.org\/{rel}","templated":true}]}}