{"id":21500,"date":"2021-05-14T15:45:19","date_gmt":"2021-05-14T18:45:19","guid":{"rendered":"http:\/\/www.centraldenoticias.com.ar\/?p=21500"},"modified":"2021-05-14T15:45:41","modified_gmt":"2021-05-14T18:45:41","slug":"por-el-aumento-de-casos-coronel-suarez-tambien-bajo-a-fase-2","status":"publish","type":"post","link":"https:\/\/cdnoticias.com\/index.php\/2021\/05\/14\/por-el-aumento-de-casos-coronel-suarez-tambien-bajo-a-fase-2\/","title":{"rendered":"Por el aumento de casos, Coronel Su\u00e1rez tambi\u00e9n baj\u00f3 a fase 2"},"content":{"rendered":"<p>La medida fue requerida por el propio municipio y avalada desde el gobierno provincial en las \u00faltimas horas.<!--more--><\/p>\n<hr \/>\n<p>Las complicaciones por la segunda ola de coronavirus se sienten y mucho en el interior bonaerense, al punto que otro distrito de la regi\u00f3n tambi\u00e9n baj\u00f3 a fase 2. Al igual que lo sucedido d\u00edas atr\u00e1s con <a href=\"https:\/\/cdnoticias.com\/index.php\/2021\/05\/14\/bolivar-mas-restricciones-por-alta-ocupacion-hospitalaria-y-el-intendente-aislado\/\" target=\"_blank\" rel=\"noopener\">Bol\u00edvar<\/a> y <a href=\"https:\/\/cdnoticias.com\/index.php\/2021\/05\/11\/olavarria-sigue-en-fase-3-y-entre-los-pases-a-fase-2-esta-tandil\/\" target=\"_blank\" rel=\"noopener\">Tandil<\/a>, <strong>ahora se sum\u00f3 Coronel Su\u00e1rez, cuyo municipio fue el que requiri\u00f3 retroceder para incrementar las restricciones y medidas preventivas para impedir el avance del virus.<\/strong><\/p>\n<p>&nbsp;<\/p>\n<p><strong>\u201cLa situaci\u00f3n no da para m\u00e1s\u201d<\/strong>, expres\u00f3 el jefe comunal Ricardo Moccero a medios suarenses, mientras que el secretario de salud de ese distrito, Fernando Migliavaca, se\u00f1al\u00f3 que \u201cestamos transitando el peor momento que hemos tenido de toda la pandemia\u201d. <strong>\u201cEs la peor situaci\u00f3n que pod\u00edamos esperar\u201d<\/strong>, concluy\u00f3.<\/p>\n<p>&nbsp;<\/p>\n<p><img data-recalc-dims=\"1\" loading=\"lazy\" decoding=\"async\" class=\"alignnone size-full wp-image-21502\" src=\"https:\/\/i0.wp.com\/cdnoticias.com\/wp-content\/uploads\/2021\/05\/whatsapp-image-20210514-at-09.23.24.jpeg?resize=800%2C800&#038;ssl=1\" alt=\"\" width=\"800\" height=\"800\" srcset=\"https:\/\/i0.wp.com\/cdnoticias.com\/wp-content\/uploads\/2021\/05\/whatsapp-image-20210514-at-09.23.24.jpeg?w=940&amp;ssl=1 940w, https:\/\/i0.wp.com\/cdnoticias.com\/wp-content\/uploads\/2021\/05\/whatsapp-image-20210514-at-09.23.24.jpeg?resize=150%2C150&amp;ssl=1 150w, https:\/\/i0.wp.com\/cdnoticias.com\/wp-content\/uploads\/2021\/05\/whatsapp-image-20210514-at-09.23.24.jpeg?resize=300%2C300&amp;ssl=1 300w, https:\/\/i0.wp.com\/cdnoticias.com\/wp-content\/uploads\/2021\/05\/whatsapp-image-20210514-at-09.23.24.jpeg?resize=768%2C768&amp;ssl=1 768w\" sizes=\"auto, (max-width: 800px) 100vw, 800px\" \/><\/p>\n<p>&nbsp;<\/p>\n<p>El parte sanitario emitido en la ma\u00f1ana de este viernes da cuenta de <strong>255 casos activos, 174 de los cuales corresponden a la ciudad cabecera, mientras que los 81 restantes se tratan de pacientes de Huanguel\u00e9n<\/strong>. Adem\u00e1s, cuentan con 15 casos en estudio y 56 fallecimientos. A la par de esas cifras, registran una ocupaci\u00f3n total de las camas de terapia intensiva.<\/p>\n<p>&nbsp;<\/p>\n<p>Es por ello que <strong>el intendente de esa ciudad solicit\u00f3 a Provincia el pase a fase 2, el cual fue avalado en las \u00faltimas horas tras una audiencia virtual con el gobernador Axel Kicillof y el ministro de Salud, Daniel Goll\u00e1n<\/strong>. No obstante ello, previo a contar con el aval del Ejecutivo bonaerense, comenz\u00f3 a implementar diversas restricciones que se prolongar\u00e1n, en principio, hasta fin del presente mes. \u201c<strong>Hoy tenemos m\u00e1s de 200 casos y el Hospital revent\u00f3 porque los cambios clim\u00e1ticos quiz\u00e1s ayudaron a complicar la situaci\u00f3n, pero tambi\u00e9n es cierto que la gente no se cuid\u00f3\u201d<\/strong>, concluy\u00f3 Moccero.<\/p>\n<p>&nbsp;<\/p>\n<p><em>Con informaci\u00f3n de la Nueva Radio de Suarez \/ Foto de portada de DIB<\/em><\/p>\n","protected":false},"excerpt":{"rendered":"<p>La medida fue requerida por el propio municipio y avalada desde el gobierno provincial en las \u00faltimas horas.<\/p>\n","protected":false},"author":4,"featured_media":21501,"comment_status":"closed","ping_status":"closed","sticky":false,"template":"","format":"standard","meta":{"_jetpack_memberships_contains_paid_content":false,"footnotes":""},"categories":[6,1],"tags":[],"class_list":["post-21500","post","type-post","status-publish","format-standard","has-post-thumbnail","hentry","category-nacionales","category-portada"],"jetpack_featured_media_url":"https:\/\/i0.wp.com\/cdnoticias.com\/wp-content\/uploads\/2021\/05\/Moccero-con-Kicillof-800x533.jpg?fit=800%2C533&ssl=1","jetpack_sharing_enabled":true,"_links":{"self":[{"href":"https:\/\/cdnoticias.com\/index.php\/wp-json\/wp\/v2\/posts\/21500","targetHints":{"allow":["GET"]}}],"collection":[{"href":"https:\/\/cdnoticias.com\/index.php\/wp-json\/wp\/v2\/posts"}],"about":[{"href":"https:\/\/cdnoticias.com\/index.php\/wp-json\/wp\/v2\/types\/post"}],"author":[{"embeddable":true,"href":"https:\/\/cdnoticias.com\/index.php\/wp-json\/wp\/v2\/users\/4"}],"replies":[{"embeddable":true,"href":"https:\/\/cdnoticias.com\/index.php\/wp-json\/wp\/v2\/comments?post=21500"}],"version-history":[{"count":0,"href":"https:\/\/cdnoticias.com\/index.php\/wp-json\/wp\/v2\/posts\/21500\/revisions"}],"wp:featuredmedia":[{"embeddable":true,"href":"https:\/\/cdnoticias.com\/index.php\/wp-json\/wp\/v2\/media\/21501"}],"wp:attachment":[{"href":"https:\/\/cdnoticias.com\/index.php\/wp-json\/wp\/v2\/media?parent=21500"}],"wp:term":[{"taxonomy":"category","embeddable":true,"href":"https:\/\/cdnoticias.com\/index.php\/wp-json\/wp\/v2\/categories?post=21500"},{"taxonomy":"post_tag","embeddable":true,"href":"https:\/\/cdnoticias.com\/index.php\/wp-json\/wp\/v2\/tags?post=21500"}],"curies":[{"name":"wp","href":"https:\/\/api.w.org\/{rel}","templated":true}]}}