{"id":21468,"date":"2021-05-14T14:00:27","date_gmt":"2021-05-14T17:00:27","guid":{"rendered":"http:\/\/www.centraldenoticias.com.ar\/?p=21468"},"modified":"2021-05-14T14:38:50","modified_gmt":"2021-05-14T17:38:50","slug":"entrega-de-viviendas-para-familias-que-atraviesan-situaciones-de-violencia-de-genero","status":"publish","type":"post","link":"https:\/\/cdnoticias.com\/index.php\/2021\/05\/14\/entrega-de-viviendas-para-familias-que-atraviesan-situaciones-de-violencia-de-genero\/","title":{"rendered":"Entrega de viviendas para familias que atraviesan situaciones de violencia de g\u00e9nero"},"content":{"rendered":"<p>En la ma\u00f1ana de este viernes, el intendente Ezequiel Galli encabez\u00f3 el acto de entrega de dos viviendas para familias que atraviesan situaciones de violencia de g\u00e9nero.<\/p>\n<p><!--more--><\/p>\n<hr \/>\n<p>&nbsp;<\/p>\n<p>El intendente <strong>Ezequiel Galli<\/strong> encabez\u00f3 el <strong>acto de entrega de dos viviendas para familias que atraviesan situaciones de violencia de g\u00e9nero.<\/strong><\/p>\n<p>&nbsp;<\/p>\n<p>Estuvo acompa\u00f1ado por los Secretarios de Desarrollo Humano y Calidad de Vida<strong> Diego Robbiani<\/strong>, y de Mantenimiento y Obras P\u00fablicas <strong>Julio Ferraro<\/strong>, la Subsecretaria de Derechos, Igualdad y Oportunidades <strong>Valeria Chiramberro<\/strong>, la directora de Pol\u00edticas de G\u00e9nero<strong> Florencia Ju\u00e1rez<\/strong>, la concejala <strong>Cecilia Krivochen<\/strong>, integrantes del <strong>equipo de abordaje de la DPG<\/strong> y <strong>familiares de las mujeres<\/strong> que recibieron su casa.<\/p>\n<p>&nbsp;<\/p>\n<p>Con respecto a la <strong>selecci\u00f3n de las familias<\/strong>, &#8220;responde a un <strong>trabajo interno interdisciplinario<\/strong> con todo el equipo de la Direcci\u00f3n de Pol\u00edticas de G\u00e9nero. A trav\u00e9s de una serie de encuentros participativos se acordaron<strong> criterios y variables<\/strong> para pensar en un dispositivo de pre-selecci\u00f3n de beneficiarias, cuyo proceso final ser\u00eda definido por un <strong>sorteo<\/strong>&#8221; se indic\u00f3 desde la Municipalidad.<\/p>\n<p>&nbsp;<\/p>\n<p>&nbsp;<\/p>\n<p><img data-recalc-dims=\"1\" loading=\"lazy\" decoding=\"async\" class=\"aligncenter wp-image-21472 size-large\" src=\"https:\/\/i0.wp.com\/cdnoticias.com\/wp-content\/uploads\/2021\/05\/Obras-Entrega-Viviendas-Genero-3-scaled.jpg?resize=800%2C534&#038;ssl=1\" alt=\"\" width=\"800\" height=\"534\" srcset=\"https:\/\/i0.wp.com\/cdnoticias.com\/wp-content\/uploads\/2021\/05\/Obras-Entrega-Viviendas-Genero-3-scaled.jpg?resize=1024%2C684&amp;ssl=1 1024w, https:\/\/i0.wp.com\/cdnoticias.com\/wp-content\/uploads\/2021\/05\/Obras-Entrega-Viviendas-Genero-3-scaled.jpg?resize=300%2C201&amp;ssl=1 300w, https:\/\/i0.wp.com\/cdnoticias.com\/wp-content\/uploads\/2021\/05\/Obras-Entrega-Viviendas-Genero-3-scaled.jpg?resize=768%2C513&amp;ssl=1 768w, https:\/\/i0.wp.com\/cdnoticias.com\/wp-content\/uploads\/2021\/05\/Obras-Entrega-Viviendas-Genero-3-scaled.jpg?resize=272%2C182&amp;ssl=1 272w, https:\/\/i0.wp.com\/cdnoticias.com\/wp-content\/uploads\/2021\/05\/Obras-Entrega-Viviendas-Genero-3-scaled.jpg?w=1600&amp;ssl=1 1600w, https:\/\/i0.wp.com\/cdnoticias.com\/wp-content\/uploads\/2021\/05\/Obras-Entrega-Viviendas-Genero-3-scaled.jpg?w=2400&amp;ssl=1 2400w\" sizes=\"auto, (max-width: 800px) 100vw, 800px\" \/><\/p>\n<p>&nbsp;<\/p>\n<blockquote><p>&#8220;Es un d\u00eda s\u00faper emocionante, no solamente para ellas, sino para todo el equipo de la Direcci\u00f3n de Pol\u00edticas de G\u00e9nero que las acompa\u00f1a\u201d expres\u00f3 la Directora de Pol\u00edticas de G\u00e9nero Florencia Ju\u00e1rez.<\/p><\/blockquote>\n<p>&nbsp;<\/p>\n<p>Adem\u00e1s,\u00a0 Ju\u00e1rez valor\u00f3 \u201cel<strong> importante esfuerzo del municipio por construir estas casitas<\/strong>\u201d. \u201cEstamos felices por las chicas, porque con el equipo pudimos acompa\u00f1arlas desde el d\u00eda uno\u201d destac\u00f3 la funcionaria.<\/p>\n<p>&nbsp;<\/p>\n<blockquote><p>\u201cQue hoy tengan su lugarcito para vivir es impresionante. El d\u00eda de hoy es de felicidad plena, gracias por permitirme trabajar en este espacio\u201d, destac\u00f3 la directora de\u00a0 Pol\u00edticas\u00a0 de G\u00e9nero y concluy\u00f3: \u201cfeliz por ustedes, ojal\u00e1 las disfruten y podamos seguir acompa\u00f1\u00e1ndolas, a trav\u00e9s de las promotoras de g\u00e9nero y trabajadoras sociales de otros servicios, para que no se sientan que solas\u201d agreg\u00f3.<\/p><\/blockquote>\n<p>&nbsp;<\/p>\n<p>El Intendente subray\u00f3 que \u201c<strong>es un d\u00eda muy emotivo<\/strong>\u201d. \u201cVan a hacer cinco a\u00f1os y medio que soy Intendente y no hay en la gesti\u00f3n algo m\u00e1s lindo y emocionante que <strong>entregar la llave de una casa<\/strong>. M\u00e1s a\u00fan en este contexto que trabajamos articuladamente, y <strong>decidimos destinar los recursos para dos mujeres<\/strong> que van tener su casa, su techo, su hogar\u201d.<\/p>\n<p>&nbsp;<\/p>\n<p><img data-recalc-dims=\"1\" loading=\"lazy\" decoding=\"async\" class=\"aligncenter wp-image-21474 size-large\" src=\"https:\/\/i0.wp.com\/cdnoticias.com\/wp-content\/uploads\/2021\/05\/Obras-Entrega-Viviendas-Genero-2-scaled.jpg?resize=800%2C534&#038;ssl=1\" alt=\"\" width=\"800\" height=\"534\" srcset=\"https:\/\/i0.wp.com\/cdnoticias.com\/wp-content\/uploads\/2021\/05\/Obras-Entrega-Viviendas-Genero-2-scaled.jpg?resize=1024%2C684&amp;ssl=1 1024w, https:\/\/i0.wp.com\/cdnoticias.com\/wp-content\/uploads\/2021\/05\/Obras-Entrega-Viviendas-Genero-2-scaled.jpg?resize=300%2C201&amp;ssl=1 300w, https:\/\/i0.wp.com\/cdnoticias.com\/wp-content\/uploads\/2021\/05\/Obras-Entrega-Viviendas-Genero-2-scaled.jpg?resize=768%2C513&amp;ssl=1 768w, https:\/\/i0.wp.com\/cdnoticias.com\/wp-content\/uploads\/2021\/05\/Obras-Entrega-Viviendas-Genero-2-scaled.jpg?resize=272%2C182&amp;ssl=1 272w, https:\/\/i0.wp.com\/cdnoticias.com\/wp-content\/uploads\/2021\/05\/Obras-Entrega-Viviendas-Genero-2-scaled.jpg?w=1600&amp;ssl=1 1600w, https:\/\/i0.wp.com\/cdnoticias.com\/wp-content\/uploads\/2021\/05\/Obras-Entrega-Viviendas-Genero-2-scaled.jpg?w=2400&amp;ssl=1 2400w\" sizes=\"auto, (max-width: 800px) 100vw, 800px\" \/><\/p>\n<p>&nbsp;<\/p>\n<p>\u201cPara nosotros es important\u00edsimo que se sientan acompa\u00f1adas por el equipo, que yo s\u00e9 que est\u00e1n haciendo un trabajo formidable con una problem\u00e1tica que nos interpela d\u00eda a d\u00eda. En Olavarr\u00eda tenemos un equipo de lujo que aborda estas situaciones desde todos los \u00e1mbitos\u201d agreg\u00f3 Galli.<\/p>\n<p>&nbsp;<\/p>\n<blockquote><p>\u00a0\u201cHacer realidad estas casas es emocionante. No es poca cosa entregar las llaves de una casa. Va a llevar tiempo, pero de a poco seguiremos trabajando para eso. Que esto sea el puntapi\u00e9 para seguir trabajando de esta manera y poder seguir construyendo viviendas, para que otras familias tengan su lugar\u201d, finaliz\u00f3 el Intendente.<\/p><\/blockquote>\n<p>&nbsp;<\/p>\n<p>Visiblemente conmovida, <strong>una de las mujeres que tendr\u00e1 su vivienda agradeci\u00f3 al Municipio y a \u201clas chicas de Pol\u00edticas de G\u00e9nero<\/strong>\u201d. \u201cEsto es un sue\u00f1o cumplido, no tiene explicaci\u00f3n. Una no lo podr\u00eda haber hecho nunca. Y <strong>las chicas siempre me contuvieron<\/strong>, estuvieron. Gracias a ellas yo sal\u00ed adelante. No puedo decir otra cosa que gracias\u201d a\u00f1adi\u00f3.<\/p>\n<p>&nbsp;<\/p>\n<p>Por \u00faltimo otra de las mujeres que habitar\u00e1n las viviendas agreg\u00f3: \u201cSin palabras con el equipo de Pol\u00edticas de G\u00e9nero. <strong>Las chicas siempre al pie del ca\u00f1\u00f3n con todo<\/strong>, con los nenes, si necesitamos ayuda. <strong>Agradecida eternamente<\/strong> a todos\u201d cerr\u00f3.<\/p>\n<p>&nbsp;<\/p>\n","protected":false},"excerpt":{"rendered":"<p>En la ma\u00f1ana de este viernes, el intendente Ezequiel Galli encabez\u00f3 el acto de entrega de dos viviendas para familias<\/p>\n","protected":false},"author":6,"featured_media":21469,"comment_status":"closed","ping_status":"closed","sticky":false,"template":"","format":"standard","meta":{"_jetpack_memberships_contains_paid_content":false,"footnotes":""},"categories":[3,1],"tags":[],"class_list":["post-21468","post","type-post","status-publish","format-standard","has-post-thumbnail","hentry","category-genero","category-portada"],"jetpack_featured_media_url":"https:\/\/i0.wp.com\/cdnoticias.com\/wp-content\/uploads\/2021\/05\/Obras-Entrega-Viviendas-Genero-1-scaled.jpg?fit=2560%2C1711&ssl=1","jetpack_sharing_enabled":true,"_links":{"self":[{"href":"https:\/\/cdnoticias.com\/index.php\/wp-json\/wp\/v2\/posts\/21468","targetHints":{"allow":["GET"]}}],"collection":[{"href":"https:\/\/cdnoticias.com\/index.php\/wp-json\/wp\/v2\/posts"}],"about":[{"href":"https:\/\/cdnoticias.com\/index.php\/wp-json\/wp\/v2\/types\/post"}],"author":[{"embeddable":true,"href":"https:\/\/cdnoticias.com\/index.php\/wp-json\/wp\/v2\/users\/6"}],"replies":[{"embeddable":true,"href":"https:\/\/cdnoticias.com\/index.php\/wp-json\/wp\/v2\/comments?post=21468"}],"version-history":[{"count":0,"href":"https:\/\/cdnoticias.com\/index.php\/wp-json\/wp\/v2\/posts\/21468\/revisions"}],"wp:featuredmedia":[{"embeddable":true,"href":"https:\/\/cdnoticias.com\/index.php\/wp-json\/wp\/v2\/media\/21469"}],"wp:attachment":[{"href":"https:\/\/cdnoticias.com\/index.php\/wp-json\/wp\/v2\/media?parent=21468"}],"wp:term":[{"taxonomy":"category","embeddable":true,"href":"https:\/\/cdnoticias.com\/index.php\/wp-json\/wp\/v2\/categories?post=21468"},{"taxonomy":"post_tag","embeddable":true,"href":"https:\/\/cdnoticias.com\/index.php\/wp-json\/wp\/v2\/tags?post=21468"}],"curies":[{"name":"wp","href":"https:\/\/api.w.org\/{rel}","templated":true}]}}