{"id":21462,"date":"2021-05-14T12:53:48","date_gmt":"2021-05-14T15:53:48","guid":{"rendered":"http:\/\/www.centraldenoticias.com.ar\/?p=21462"},"modified":"2021-05-14T14:00:44","modified_gmt":"2021-05-14T17:00:44","slug":"se-licito-la-primera-etapa-de-repavimentacion-de-la-avenida-alberdi","status":"publish","type":"post","link":"https:\/\/cdnoticias.com\/index.php\/2021\/05\/14\/se-licito-la-primera-etapa-de-repavimentacion-de-la-avenida-alberdi\/","title":{"rendered":"Se licit\u00f3 la primera etapa de repavimentaci\u00f3n de la avenida Alberdi"},"content":{"rendered":"<p>Fue en la ma\u00f1ana de este viernes. Encabezaron la apertura de sobres el secretario de Mantenimiento y Obras P\u00fablicas Julio Ferraro y la directora de Licitaciones Pilar Ciardelli.<\/p>\n<p><!--more--><\/p>\n<hr \/>\n<p>En la ma\u00f1ana de este viernes, el secretario de Mantenimiento y Obras P\u00fablicas<strong> Julio Ferraro<\/strong> y la directora de Licitaciones <strong>Pilar Ciardelli<\/strong> encabezaron la <strong>apertura de sobres del acto licitatorio para la pavimentaci\u00f3n de Alberdi<\/strong>, entre Sarmiento y Col\u00f3n.<\/p>\n<p>&nbsp;<\/p>\n<p>Se cotiz\u00f3<a href=\"https:\/\/cdnoticias.com\/index.php\/2021\/04\/22\/invertiran-cerca-de-60-millones-de-pesos-para-repavimentar-un-tramo-de-avenida-alberdi\/\"> <strong>la primera etapa de la obra<\/strong><\/a>, ya que la segunda contempla la pavimentaci\u00f3n \u2013tambi\u00e9n de Alberdi\u2013 entre Col\u00f3n y San Mart\u00edn, cuya licitaci\u00f3n se llevar\u00e1 a cabo el <strong>pr\u00f3ximo martes 18 de mayo a las 11 horas<\/strong>.<\/p>\n<p>&nbsp;<\/p>\n<p>Las <strong>empresas<\/strong> que se presentaron:<\/p>\n<p>&nbsp;<\/p>\n<p><strong>Atak SRL<\/strong>: cotiz\u00f3 la suma de <strong>32.083.300 pesos<\/strong>.<\/p>\n<p>&nbsp;<\/p>\n<p><strong>Burgart N\u00e9stor Miguel<\/strong>: cotiz\u00f3 la suma de <strong>28.004.500 pesos.<\/strong><\/p>\n<p>&nbsp;<\/p>\n<p>Est\u00e1 previsto que la obra se lleve a cabo en <strong>dos etapas<\/strong> y alcanza un total de<strong> 12 cuadras: desde avenida Sarmiento hasta\u00a0San Mart\u00edn.<\/strong><\/p>\n<p>&nbsp;<\/p>\n<p>Cabe mencionar que el <strong>presupuesto oficial es de 29.492.500 pesos.<\/strong><\/p>\n<p>&nbsp;<\/p>\n","protected":false},"excerpt":{"rendered":"<p>Fue en la ma\u00f1ana de este viernes. Encabezaron la apertura de sobres el secretario de Mantenimiento y Obras P\u00fablicas Julio<\/p>\n","protected":false},"author":6,"featured_media":21463,"comment_status":"closed","ping_status":"closed","sticky":false,"template":"","format":"standard","meta":{"_jetpack_memberships_contains_paid_content":false,"footnotes":""},"categories":[5,1],"tags":[],"class_list":["post-21462","post","type-post","status-publish","format-standard","has-post-thumbnail","hentry","category-informacion-general","category-portada"],"jetpack_featured_media_url":"https:\/\/i0.wp.com\/cdnoticias.com\/wp-content\/uploads\/2021\/05\/Licitaciones-Repavimentacion-Av-Alberti-1%C2%B0Etapa-1024x685.jpg?fit=1024%2C685&ssl=1","jetpack_sharing_enabled":true,"_links":{"self":[{"href":"https:\/\/cdnoticias.com\/index.php\/wp-json\/wp\/v2\/posts\/21462","targetHints":{"allow":["GET"]}}],"collection":[{"href":"https:\/\/cdnoticias.com\/index.php\/wp-json\/wp\/v2\/posts"}],"about":[{"href":"https:\/\/cdnoticias.com\/index.php\/wp-json\/wp\/v2\/types\/post"}],"author":[{"embeddable":true,"href":"https:\/\/cdnoticias.com\/index.php\/wp-json\/wp\/v2\/users\/6"}],"replies":[{"embeddable":true,"href":"https:\/\/cdnoticias.com\/index.php\/wp-json\/wp\/v2\/comments?post=21462"}],"version-history":[{"count":0,"href":"https:\/\/cdnoticias.com\/index.php\/wp-json\/wp\/v2\/posts\/21462\/revisions"}],"wp:featuredmedia":[{"embeddable":true,"href":"https:\/\/cdnoticias.com\/index.php\/wp-json\/wp\/v2\/media\/21463"}],"wp:attachment":[{"href":"https:\/\/cdnoticias.com\/index.php\/wp-json\/wp\/v2\/media?parent=21462"}],"wp:term":[{"taxonomy":"category","embeddable":true,"href":"https:\/\/cdnoticias.com\/index.php\/wp-json\/wp\/v2\/categories?post=21462"},{"taxonomy":"post_tag","embeddable":true,"href":"https:\/\/cdnoticias.com\/index.php\/wp-json\/wp\/v2\/tags?post=21462"}],"curies":[{"name":"wp","href":"https:\/\/api.w.org\/{rel}","templated":true}]}}