{"id":2146,"date":"2020-09-22T10:42:48","date_gmt":"2020-09-22T13:42:48","guid":{"rendered":"http:\/\/www.centraldenoticias.com.ar\/?p=2146"},"modified":"2020-09-22T10:42:48","modified_gmt":"2020-09-22T13:42:48","slug":"reabrio-el-juzgado-de-faltas-municipal","status":"publish","type":"post","link":"https:\/\/cdnoticias.com\/index.php\/2020\/09\/22\/reabrio-el-juzgado-de-faltas-municipal\/","title":{"rendered":"Reabri\u00f3 el Juzgado de Faltas municipal"},"content":{"rendered":"<p>Es tras descartar casos sospechosos de COVID en la oficina local. De esta forma, los turnos que no pudieron ser atendidos durante el lunes ser\u00e1n reprogramados.<!--more--><\/p>\n<hr \/>\n<p>Tras <a href=\"https:\/\/cdnoticias.com\/index.php\/2020\/09\/20\/cierra-el-juzgado-de-faltas-por-un-caso-sospechoso-de-covid-19\/\">descartar casos de COVID en trabajadores de la oficina local<\/a>, desde el <strong>Juzgado de Faltas se inform\u00f3 que este martes retom\u00f3 la atenci\u00f3n al p\u00fablico en la sede de San Mart\u00edn 2522.<\/strong><\/p>\n<p>&nbsp;<\/p>\n<p>De esta manera,<strong> aquellas audiencias que se hubieran realizado ayer lunes ser\u00e1n reprogramadas<\/strong> y la citaci\u00f3n llegar\u00e1 a cada domicilio de las personas que las tuvieran.<\/p>\n<p>&nbsp;<\/p>\n<p><strong>El resto de las audiencias<\/strong> previstas para esta semana y las siguientes, <strong>se realizar\u00e1n normalmente.<\/strong><\/p>\n","protected":false},"excerpt":{"rendered":"<p>Es tras descartar casos sospechosos de COVID en la oficina local. De esta forma, los turnos que no pudieron ser<\/p>\n","protected":false},"author":2,"featured_media":1990,"comment_status":"closed","ping_status":"closed","sticky":false,"template":"","format":"standard","meta":{"_jetpack_memberships_contains_paid_content":false,"footnotes":""},"categories":[5,1],"tags":[],"class_list":["post-2146","post","type-post","status-publish","format-standard","has-post-thumbnail","hentry","category-informacion-general","category-portada"],"jetpack_featured_media_url":"https:\/\/i0.wp.com\/cdnoticias.com\/wp-content\/uploads\/2020\/09\/JUZGADO.jpg?fit=712%2C542&ssl=1","jetpack_sharing_enabled":true,"_links":{"self":[{"href":"https:\/\/cdnoticias.com\/index.php\/wp-json\/wp\/v2\/posts\/2146","targetHints":{"allow":["GET"]}}],"collection":[{"href":"https:\/\/cdnoticias.com\/index.php\/wp-json\/wp\/v2\/posts"}],"about":[{"href":"https:\/\/cdnoticias.com\/index.php\/wp-json\/wp\/v2\/types\/post"}],"author":[{"embeddable":true,"href":"https:\/\/cdnoticias.com\/index.php\/wp-json\/wp\/v2\/users\/2"}],"replies":[{"embeddable":true,"href":"https:\/\/cdnoticias.com\/index.php\/wp-json\/wp\/v2\/comments?post=2146"}],"version-history":[{"count":0,"href":"https:\/\/cdnoticias.com\/index.php\/wp-json\/wp\/v2\/posts\/2146\/revisions"}],"wp:featuredmedia":[{"embeddable":true,"href":"https:\/\/cdnoticias.com\/index.php\/wp-json\/wp\/v2\/media\/1990"}],"wp:attachment":[{"href":"https:\/\/cdnoticias.com\/index.php\/wp-json\/wp\/v2\/media?parent=2146"}],"wp:term":[{"taxonomy":"category","embeddable":true,"href":"https:\/\/cdnoticias.com\/index.php\/wp-json\/wp\/v2\/categories?post=2146"},{"taxonomy":"post_tag","embeddable":true,"href":"https:\/\/cdnoticias.com\/index.php\/wp-json\/wp\/v2\/tags?post=2146"}],"curies":[{"name":"wp","href":"https:\/\/api.w.org\/{rel}","templated":true}]}}