{"id":21430,"date":"2021-05-14T09:18:45","date_gmt":"2021-05-14T12:18:45","guid":{"rendered":"http:\/\/www.centraldenoticias.com.ar\/?p=21430"},"modified":"2021-05-14T10:25:45","modified_gmt":"2021-05-14T13:25:45","slug":"bolivar-mas-restricciones-por-alta-ocupacion-hospitalaria-y-el-intendente-aislado","status":"publish","type":"post","link":"https:\/\/cdnoticias.com\/index.php\/2021\/05\/14\/bolivar-mas-restricciones-por-alta-ocupacion-hospitalaria-y-el-intendente-aislado\/","title":{"rendered":"Bol\u00edvar: m\u00e1s restricciones por alta ocupaci\u00f3n hospitalaria y el intendente, aislado"},"content":{"rendered":"<p>En la localidad hablan de \u201cfase 1\u201d. Cierre comercial generalizado, con la excepci\u00f3n de los rubros esenciales. El intendente Pisano present\u00f3 s\u00edntomas de Covid.<!--more--><\/p>\n<hr \/>\n<p><strong>La situaci\u00f3n sanitaria en el vecino distrito de Bol\u00edvar sigue complicada<\/strong>: no cesa el aumento de Covid y la ocupaci\u00f3n hospitalaria se mantiene por encima de 90%. En ese marco, <strong>el jefe comunal defini\u00f3 nuevas medidas restrictivas que fueron definidas como \u201cfase 1\u201d y hasta se habla de \u201ccat\u00e1strofe\u201d <\/strong>tal como expuso el <em>Diario La Ma\u00f1ana<\/em>.<\/p>\n<p>&nbsp;<\/p>\n<p>Cabe recordar que hace dos semanas que el distrito <a href=\"https:\/\/cdnoticias.com\/index.php\/2021\/05\/11\/olavarria-sigue-en-fase-3-y-entre-los-pases-a-fase-2-esta-tandil\/\" target=\"_blank\" rel=\"noopener\">se encuentra en la fase 2 del sistema bonaerense<\/a>, lo cual incluye la suspensi\u00f3n de las clases presenciales.<\/p>\n<p><img data-recalc-dims=\"1\" loading=\"lazy\" decoding=\"async\" class=\"aligncenter wp-image-21431 size-full\" src=\"https:\/\/i0.wp.com\/cdnoticias.com\/wp-content\/uploads\/2021\/05\/Bolivar-Covid-00.jpg?resize=676%2C512&#038;ssl=1\" alt=\"\" width=\"676\" height=\"512\" srcset=\"https:\/\/i0.wp.com\/cdnoticias.com\/wp-content\/uploads\/2021\/05\/Bolivar-Covid-00.jpg?w=676&amp;ssl=1 676w, https:\/\/i0.wp.com\/cdnoticias.com\/wp-content\/uploads\/2021\/05\/Bolivar-Covid-00.jpg?resize=300%2C227&amp;ssl=1 300w\" sizes=\"auto, (max-width: 676px) 100vw, 676px\" \/><\/p>\n<p>&nbsp;<\/p>\n<p><strong>Desde este s\u00e1bado regir\u00e1 el decreto 1274\/21<\/strong> dictado por el intendente Marcos Pisano que busca reducir casi a cero la circulaci\u00f3n en el distrito. Paralelamente, <strong>se confirm\u00f3 que el dirigente est\u00e1 aislado ya que presenta s\u00edntomas de la enfermedad<\/strong> y se adelant\u00f3 que ser\u00e1 hisopado este viernes.<\/p>\n<p>&nbsp;<\/p>\n<p>En acuerdo con el Gobierno Provincial, Pisano evalu\u00f3 las nuevas disposiciones y adem\u00e1s <strong>mantuvo contactos con diferentes instituciones<\/strong> como la C\u00e1mara Comercial y la Sociedad Rural. Tambi\u00e9n fueron compartidas con los presidentes de los bloques del HCD. En cada caso recibi\u00f3 apoyo para las decisiones.<\/p>\n<p>&nbsp;<\/p>\n<blockquote><p>\u201cLas nuevas medidas responden al aumento exponencial de casos de Covid-19 que hubo en el Partido de Bol\u00edvar durante las \u00faltimas semanas, y la reducida disponibilidad de camas en el Hospital M. Capredoni\u201d inform\u00f3 la Municipalidad de Bol\u00edvar.<\/p><\/blockquote>\n<p>&nbsp;<\/p>\n<p><strong>Las medidas<\/strong><\/p>\n<p>&nbsp;<\/p>\n<p><strong>El horario de circulaci\u00f3n ser\u00e1 de 9 a 17<\/strong>. <em>Las actividades comerciales permitidas para su funcionamiento son las de rubro alimenticio, farmacias, atenci\u00f3n en consultorios m\u00e9dicos, \u00f3pticas, expendio de combustibles, gomer\u00edas y talleres para auxilios y emergencias<\/em>.<\/p>\n<p><img data-recalc-dims=\"1\" loading=\"lazy\" decoding=\"async\" class=\"aligncenter wp-image-21433 size-full\" src=\"https:\/\/i0.wp.com\/cdnoticias.com\/wp-content\/uploads\/2021\/05\/Bolivar-LA-MA%C3%91ANA-Municipalidad9-696x391.jpg?resize=800%2C445&#038;ssl=1\" alt=\"\" width=\"800\" height=\"445\" srcset=\"https:\/\/i0.wp.com\/cdnoticias.com\/wp-content\/uploads\/2021\/05\/Bolivar-LA-MA%C3%91ANA-Municipalidad9-696x391.jpg?w=800&amp;ssl=1 800w, https:\/\/i0.wp.com\/cdnoticias.com\/wp-content\/uploads\/2021\/05\/Bolivar-LA-MA%C3%91ANA-Municipalidad9-696x391.jpg?resize=300%2C167&amp;ssl=1 300w, https:\/\/i0.wp.com\/cdnoticias.com\/wp-content\/uploads\/2021\/05\/Bolivar-LA-MA%C3%91ANA-Municipalidad9-696x391.jpg?resize=768%2C427&amp;ssl=1 768w\" sizes=\"auto, (max-width: 800px) 100vw, 800px\" \/><\/p>\n<p>&nbsp;<\/p>\n<p><strong>Actividades gastron\u00f3micas<\/strong> como bares, restaurantes, rotiser\u00edas y helader\u00edas deber\u00e1n permanecer cerradas al p\u00fablico y trabajar bajo modalidad delivery hasta las 23 horas.<\/p>\n<p>&nbsp;<\/p>\n<p>Se estableci\u00f3 tambi\u00e9n el<strong> cierre de las instituciones educativas<\/strong> que trabajar\u00e1n sin personal presencial. Lo mismo suceder\u00e1 con el <strong>Palacio Municipal<\/strong>, las <strong>delegaciones y dependencias municipales<\/strong>, el <strong>Parque Las Acollaradas<\/strong> y el <strong>cementerio<\/strong>: <strong>no abrir\u00e1n al p\u00fablico.<\/strong><\/p>\n<p>&nbsp;<\/p>\n<p>Se suspendi\u00f3 la pr\u00e1ctica deportiva y recreativa, los talleres culturales, educativos y actividades de \u00edndole religiosa.<strong> Se prohibi\u00f3 la permanencia en los espacios p\u00fablicos<\/strong> y quedar\u00e1n cerradas las obras p\u00fablicas, privadas y los corralones. Asimismo, se suspendieron las ferias agropecuarias y artesanales.<\/p>\n<p>&nbsp;<\/p>\n<p><strong>Situaci\u00f3n sanitaria<\/strong><\/p>\n<p>&nbsp;<\/p>\n<p><strong>El Partido de Bol\u00edvar cuenta con 1.053 casos activos y 74 fallecidos por Covid<\/strong>. Este jueves se analizaron 261 muestras y 93 dieron positivo.\u00a0 Se contabilizan 68 pacientes recuperados. Fallecieron tres pacientes, dos hombres de 79 y 76 a\u00f1os y una mujer de 81 a\u00f1os. En tanto <strong>la ocupaci\u00f3n del Hospital Capredoni se mantiene por encima del 90%<\/strong>.<\/p>\n<p>&nbsp;<\/p>\n<p><img data-recalc-dims=\"1\" loading=\"lazy\" decoding=\"async\" class=\"aligncenter wp-image-21432 size-full\" src=\"https:\/\/i0.wp.com\/cdnoticias.com\/wp-content\/uploads\/2021\/05\/Bolivar-Covid-400.jpg?resize=400%2C400&#038;ssl=1\" alt=\"\" width=\"400\" height=\"400\" srcset=\"https:\/\/i0.wp.com\/cdnoticias.com\/wp-content\/uploads\/2021\/05\/Bolivar-Covid-400.jpg?w=400&amp;ssl=1 400w, https:\/\/i0.wp.com\/cdnoticias.com\/wp-content\/uploads\/2021\/05\/Bolivar-Covid-400.jpg?resize=150%2C150&amp;ssl=1 150w, https:\/\/i0.wp.com\/cdnoticias.com\/wp-content\/uploads\/2021\/05\/Bolivar-Covid-400.jpg?resize=300%2C300&amp;ssl=1 300w\" sizes=\"auto, (max-width: 400px) 100vw, 400px\" \/><\/p>\n<p>&nbsp;<\/p>\n<blockquote><p>En ese marco, el intendente Marcos Pisano tambi\u00e9n est\u00e1 aislado por s\u00edntomas de coronavirus y se adelant\u00f3 que este viernes ser\u00e1 hisopado.<\/p><\/blockquote>\n<p>&nbsp;<\/p>\n<p>Se interpret\u00f3 en ese marco el comunicado que emiti\u00f3 la Municipalidad con la informaci\u00f3n de las nuevas restricciones, ya que <strong>se esperaba una conferencia en la que el intendente las presentara personalmente<\/strong>.<\/p>\n<p>&nbsp;<\/p>\n<p>Fuente:<em> con informaci\u00f3n del Diario La Ma\u00f1ana<\/em><\/p>\n","protected":false},"excerpt":{"rendered":"<p>En la localidad hablan de \u201cfase 1\u201d. Cierre comercial generalizado, con la excepci\u00f3n de los rubros esenciales. El intendente Pisano<\/p>\n","protected":false},"author":4,"featured_media":21434,"comment_status":"closed","ping_status":"closed","sticky":false,"template":"","format":"standard","meta":{"_jetpack_memberships_contains_paid_content":false,"footnotes":""},"categories":[6,1],"tags":[],"class_list":["post-21430","post","type-post","status-publish","format-standard","has-post-thumbnail","hentry","category-nacionales","category-portada"],"jetpack_featured_media_url":"https:\/\/i0.wp.com\/cdnoticias.com\/wp-content\/uploads\/2021\/05\/Bolivar-LA-MA%C3%91ANA-Pisano38-696x391.jpg?fit=800%2C445&ssl=1","jetpack_sharing_enabled":true,"_links":{"self":[{"href":"https:\/\/cdnoticias.com\/index.php\/wp-json\/wp\/v2\/posts\/21430","targetHints":{"allow":["GET"]}}],"collection":[{"href":"https:\/\/cdnoticias.com\/index.php\/wp-json\/wp\/v2\/posts"}],"about":[{"href":"https:\/\/cdnoticias.com\/index.php\/wp-json\/wp\/v2\/types\/post"}],"author":[{"embeddable":true,"href":"https:\/\/cdnoticias.com\/index.php\/wp-json\/wp\/v2\/users\/4"}],"replies":[{"embeddable":true,"href":"https:\/\/cdnoticias.com\/index.php\/wp-json\/wp\/v2\/comments?post=21430"}],"version-history":[{"count":0,"href":"https:\/\/cdnoticias.com\/index.php\/wp-json\/wp\/v2\/posts\/21430\/revisions"}],"wp:featuredmedia":[{"embeddable":true,"href":"https:\/\/cdnoticias.com\/index.php\/wp-json\/wp\/v2\/media\/21434"}],"wp:attachment":[{"href":"https:\/\/cdnoticias.com\/index.php\/wp-json\/wp\/v2\/media?parent=21430"}],"wp:term":[{"taxonomy":"category","embeddable":true,"href":"https:\/\/cdnoticias.com\/index.php\/wp-json\/wp\/v2\/categories?post=21430"},{"taxonomy":"post_tag","embeddable":true,"href":"https:\/\/cdnoticias.com\/index.php\/wp-json\/wp\/v2\/tags?post=21430"}],"curies":[{"name":"wp","href":"https:\/\/api.w.org\/{rel}","templated":true}]}}