{"id":21425,"date":"2021-05-14T08:41:05","date_gmt":"2021-05-14T11:41:05","guid":{"rendered":"http:\/\/www.centraldenoticias.com.ar\/?p=21425"},"modified":"2021-05-14T08:41:45","modified_gmt":"2021-05-14T11:41:45","slug":"diputados-aprobo-el-proyecto-para-que-provincia-compre-vacunas","status":"publish","type":"post","link":"https:\/\/cdnoticias.com\/index.php\/2021\/05\/14\/diputados-aprobo-el-proyecto-para-que-provincia-compre-vacunas\/","title":{"rendered":"Covid: Diputados aprob\u00f3 el proyecto para que la Provincia compre vacunas"},"content":{"rendered":"<p>La iniciativa contempla la pr\u00f3rroga de jurisdicci\u00f3n en casos de litigio y las cl\u00e1usulas de confidencialidad que piden las farmac\u00e9uticas. Hubo negociaciones con la oposici\u00f3n porque el proyecto requiri\u00f3 mayor\u00eda especial.<!--more--><\/p>\n<hr \/>\n<p><strong>La C\u00e1mara de Diputados bonaerenses aprob\u00f3 el proyecto de ley enviado por el gobernador Axel Kicillof para blindar legalmente la operatoria de compra de vacunas por parte de la Provincia<\/strong>, que de esa manera busca mejorar la perfomance para hacer frente a la segunda ola.<\/p>\n<p>&nbsp;<\/p>\n<p>La iniciativa, que <strong>ser\u00e1 tratada la semana pr\u00f3xima en el Senado<\/strong>, fue aprobada este jueves en la sesi\u00f3n que realiz\u00f3 Diputados. Se introdujeron <strong>algunas modificaciones al proyecto original<\/strong> para llegar a un acuerdo con la oposici\u00f3n.<\/p>\n<p>&nbsp;<\/p>\n<p>Es que el proyecto, al no tener despacho de comisiones, <strong>debi\u00f3 tratarse bajo la modalidad sobre tablas<\/strong> que exige<strong> el voto de los dos tercios<\/strong> de los legisladores presentes, mayor\u00eda con la que no cuenta el oficialismo.<\/p>\n<p>&nbsp;<\/p>\n<blockquote><p>Por ello, m\u00e1s all\u00e1 de los cuestionamientos que realiz\u00f3 en la sesi\u00f3n la bancada de Juntos por el Cambio al plan de vacunaci\u00f3n contra el coronavirus, dio su apoyo al proyecto enviado por el gobernador.<\/p><\/blockquote>\n<p>&nbsp;<\/p>\n<p>La iniciativa faculta al Poder Ejecutivo bonaerense, a trav\u00e9s de los Ministerios de Salud y Jefatura de Gabinete, \u201ca adoptar <strong>medidas tendientes a la adquisici\u00f3n de vacunas durante la vigencia de la emergencia sanitaria<\/strong>, declarada mediante Decreto N\u00b0 132\/2020, ratificado y prorrogado\u201d.<\/p>\n<p>&nbsp;<\/p>\n<p>Establece tambi\u00e9n que<strong> los contratos a firmarse deber\u00e1n tener el aval de la Asesor\u00eda General de Gobierno, la Contadur\u00eda y la Fiscal\u00eda de Estado<\/strong> y, una vez firmados, deber\u00e1n informarse a la Comisi\u00f3n Bicameral de Seguimiento y Fiscalizaci\u00f3n de la Emergencia, que funciona en la Legislatura provincial.<\/p>\n<p>&nbsp;<\/p>\n<p>All\u00ed se estableci\u00f3 que <em>el informe deber\u00e1 ser cada 60 d\u00edas y que la Comisi\u00f3n tiene facultades para solicitar las cl\u00e1usulas de confidencialidad<\/em> de los contratos en los casos en que \u00e9stas existan.<\/p>\n<p>&nbsp;<\/p>\n<blockquote><p>El proyecto de ley que motoriza el Ejecutivo bonaerense expresa que en el contexto actual \u201cse presenta como imprescindible dotar al Poder Ejecutivo (bonaerense) de las facultades que resulten necesarias para contribuir a mejorar la disponibilidad de dosis, estableciendo el marco jur\u00eddico que demanda esta clase de transacciones en el mercado internacional\u201d.<\/p><\/blockquote>\n<p>&nbsp;<\/p>\n<p>Se prev\u00e9, de este modo, facultar al Ejecutivo a<strong> iniciar negociaciones y celebrar contratos<\/strong> (incluyendo la moneda extranjera) que resulten necesarios para la adquisici\u00f3n de vacunas.<\/p>\n<p>&nbsp;<\/p>\n<p>Con ese prop\u00f3sito, se propone admitir legislativamente que tales contratos contengan cl\u00e1usulas de confidencialidad y condiciones de indemnidad patrimonial o pr\u00f3rroga de jurisdicci\u00f3n en los casos de litigio judicial.<\/p>\n<p>&nbsp;<\/p>\n<p>Durante su exposici\u00f3n en el recinto, <strong>la diputada del Frente de Todos, Mar\u00eda Laura Ramirez<\/strong> asegur\u00f3 que \u201ctransitamos la campa\u00f1a de vacunaci\u00f3n m\u00e1s exitosa con m\u00e1s de 3,5 millones de vacunas aplicadas en la provincia de Buenos Aires\u201d.<\/p>\n<p>&nbsp;<\/p>\n<p>Precis\u00f3 que con el proyecto \u201cel gobernador pide autorizaci\u00f3n para negociar con las reglas que impone el mercado internacional\u201d y pidi\u00f3 a la oposici\u00f3n dejar \u201cde mentir y caminar la calle para ver la esperanza de cada vecino cuando va a un centro de vacunaci\u00f3n\u201d.<\/p>\n<p>&nbsp;<\/p>\n<p>\u201cPara ustedes (se\u00f1al\u00f3 al referirse a la bancada de Juntos por el Cambio) ni la salud p\u00fablica ni la educaci\u00f3n eran una agenda en su gobierno\u201d, grafic\u00f3.<\/p>\n<p>&nbsp;<\/p>\n<p>En tanto, <strong>Mario Giacobbe, del boque 17 de noviembre<\/strong>, consider\u00f3 que la Provincia de Buenos Aires \u201chace punta con su intenci\u00f3n de comprar vacunas\u201d y precis\u00f3 que \u201cesto marca la segunda etapa de la pandemia en la que las jurisdicciones provinciales tomar\u00e1n esa postura\u201d.<\/p>\n<p>&nbsp;<\/p>\n<p>\u201cTodos sab\u00edamos que las vacunas iban a ser un bien escaso, como pas\u00f3 con los insumos al principio de la pandemia\u201d, dijo Giacobbe y resalt\u00f3 que \u201clos pa\u00edses grandes no es que se quedan con las vacunas, las fabrican y por eso primero vacunan a sus habitantes\u201d.<\/p>\n<p>&nbsp;<\/p>\n<p>La diputada de <strong>Juntos por el Cambio, Mar\u00eda Alejandra Lorden<\/strong> asegur\u00f3 que para su bloque \u201cla salud de los argentinos es una prioridad\u201d y si bien sostuvo que apoyaban el proyecto, dej\u00f3 en claro que el espacio cuestiona la gesti\u00f3n del Gobierno nacional para adquirir vacunas.<\/p>\n<p>&nbsp;<\/p>\n<p>Fuente: <em>Agencia DIB<\/em><\/p>\n","protected":false},"excerpt":{"rendered":"<p>La iniciativa contempla la pr\u00f3rroga de jurisdicci\u00f3n en casos de litigio y las cl\u00e1usulas de confidencialidad que piden las farmac\u00e9uticas.<\/p>\n","protected":false},"author":4,"featured_media":21426,"comment_status":"closed","ping_status":"closed","sticky":false,"template":"","format":"standard","meta":{"_jetpack_memberships_contains_paid_content":false,"footnotes":""},"categories":[6,1],"tags":[],"class_list":["post-21425","post","type-post","status-publish","format-standard","has-post-thumbnail","hentry","category-nacionales","category-portada"],"jetpack_featured_media_url":"https:\/\/i0.wp.com\/cdnoticias.com\/wp-content\/uploads\/2021\/05\/DIB-diputados-bonaerenses-800x533.jpeg?fit=800%2C533&ssl=1","jetpack_sharing_enabled":true,"_links":{"self":[{"href":"https:\/\/cdnoticias.com\/index.php\/wp-json\/wp\/v2\/posts\/21425","targetHints":{"allow":["GET"]}}],"collection":[{"href":"https:\/\/cdnoticias.com\/index.php\/wp-json\/wp\/v2\/posts"}],"about":[{"href":"https:\/\/cdnoticias.com\/index.php\/wp-json\/wp\/v2\/types\/post"}],"author":[{"embeddable":true,"href":"https:\/\/cdnoticias.com\/index.php\/wp-json\/wp\/v2\/users\/4"}],"replies":[{"embeddable":true,"href":"https:\/\/cdnoticias.com\/index.php\/wp-json\/wp\/v2\/comments?post=21425"}],"version-history":[{"count":0,"href":"https:\/\/cdnoticias.com\/index.php\/wp-json\/wp\/v2\/posts\/21425\/revisions"}],"wp:featuredmedia":[{"embeddable":true,"href":"https:\/\/cdnoticias.com\/index.php\/wp-json\/wp\/v2\/media\/21426"}],"wp:attachment":[{"href":"https:\/\/cdnoticias.com\/index.php\/wp-json\/wp\/v2\/media?parent=21425"}],"wp:term":[{"taxonomy":"category","embeddable":true,"href":"https:\/\/cdnoticias.com\/index.php\/wp-json\/wp\/v2\/categories?post=21425"},{"taxonomy":"post_tag","embeddable":true,"href":"https:\/\/cdnoticias.com\/index.php\/wp-json\/wp\/v2\/tags?post=21425"}],"curies":[{"name":"wp","href":"https:\/\/api.w.org\/{rel}","templated":true}]}}