{"id":21421,"date":"2021-05-14T08:26:33","date_gmt":"2021-05-14T11:26:33","guid":{"rendered":"http:\/\/www.centraldenoticias.com.ar\/?p=21421"},"modified":"2021-05-14T08:26:33","modified_gmt":"2021-05-14T11:26:33","slug":"nestor-oscar-suarez-quique-q-e-p-d","status":"publish","type":"post","link":"https:\/\/cdnoticias.com\/index.php\/2021\/05\/14\/nestor-oscar-suarez-quique-q-e-p-d\/","title":{"rendered":"N\u00e9stor Oscar Suarez &#8220;Quique&#8221; (Q.E.P.D.)"},"content":{"rendered":"<p>Falleci\u00f3 en Olavarr\u00eda el d\u00eda 14 de mayo de 2021 a los 72 a\u00f1os de edad.<\/p>\n<p>&nbsp;<\/p>\n<p>Sin velatorio. Sin responso. Inhumaci\u00f3n: Cementerio Loma de Paz, viernes 14 de mayo a las 10:30 horas.<\/p>\n<p>&nbsp;<\/p>\n<p>Vecino de Barrio Pueblo Nuevo.<\/p>\n<p>&nbsp;<\/p>\n<p>Nacido en Neuqu\u00e9n.<\/p>\n<p>&nbsp;<\/p>\n<p>Jubilado Alba\u00f1il.<\/p>\n","protected":false},"excerpt":{"rendered":"<p>Falleci\u00f3 en Olavarr\u00eda el d\u00eda 14 de mayo de 2021 a los 72 a\u00f1os de edad. &nbsp; Sin velatorio. Sin<\/p>\n","protected":false},"author":4,"featured_media":0,"comment_status":"closed","ping_status":"closed","sticky":false,"template":"","format":"standard","meta":{"_jetpack_memberships_contains_paid_content":false,"footnotes":""},"categories":[10],"tags":[],"class_list":["post-21421","post","type-post","status-publish","format-standard","hentry","category-necrologicas"],"jetpack_featured_media_url":"","jetpack_sharing_enabled":true,"_links":{"self":[{"href":"https:\/\/cdnoticias.com\/index.php\/wp-json\/wp\/v2\/posts\/21421","targetHints":{"allow":["GET"]}}],"collection":[{"href":"https:\/\/cdnoticias.com\/index.php\/wp-json\/wp\/v2\/posts"}],"about":[{"href":"https:\/\/cdnoticias.com\/index.php\/wp-json\/wp\/v2\/types\/post"}],"author":[{"embeddable":true,"href":"https:\/\/cdnoticias.com\/index.php\/wp-json\/wp\/v2\/users\/4"}],"replies":[{"embeddable":true,"href":"https:\/\/cdnoticias.com\/index.php\/wp-json\/wp\/v2\/comments?post=21421"}],"version-history":[{"count":0,"href":"https:\/\/cdnoticias.com\/index.php\/wp-json\/wp\/v2\/posts\/21421\/revisions"}],"wp:attachment":[{"href":"https:\/\/cdnoticias.com\/index.php\/wp-json\/wp\/v2\/media?parent=21421"}],"wp:term":[{"taxonomy":"category","embeddable":true,"href":"https:\/\/cdnoticias.com\/index.php\/wp-json\/wp\/v2\/categories?post=21421"},{"taxonomy":"post_tag","embeddable":true,"href":"https:\/\/cdnoticias.com\/index.php\/wp-json\/wp\/v2\/tags?post=21421"}],"curies":[{"name":"wp","href":"https:\/\/api.w.org\/{rel}","templated":true}]}}