{"id":21419,"date":"2021-05-13T20:47:52","date_gmt":"2021-05-13T23:47:52","guid":{"rendered":"http:\/\/www.centraldenoticias.com.ar\/?p=21419"},"modified":"2021-05-14T09:19:10","modified_gmt":"2021-05-14T12:19:10","slug":"tres-anos-de-prision-condicional-para-el-acusado-por-la-muerte-de-un-joven-en-un-siniestro-vial","status":"publish","type":"post","link":"https:\/\/cdnoticias.com\/index.php\/2021\/05\/13\/tres-anos-de-prision-condicional-para-el-acusado-por-la-muerte-de-un-joven-en-un-siniestro-vial\/","title":{"rendered":"Tres a\u00f1os de prisi\u00f3n condicional para el acusado por la muerte de un joven en un siniestro vial"},"content":{"rendered":"<p>Es por la muerte de un joven de 18 a\u00f1os,\u00a0 quien fue atropellado en Sierras Bayas. Adem\u00e1s se le impuso una inhabilitaci\u00f3n para conducir de 7 a\u00f1os.<!--more--><\/p>\n<hr \/>\n<p>En la tarde de este jueves culmin\u00f3, al menos en su primera instancia <strong>el proceso judicial contra un joven olavarriense, a quien se lo acusa de ser el autor material de la muerte de Rodrigo Zurita, un joven de 18 a\u00f1os que falleci\u00f3 en agosto del 2019<\/strong>, a ra\u00edz de las grav\u00edsimas heridas sufridas tras ser impactado por un auto en el camino vecinal que une las localidades de Sierras Bayas y Colonia San Miguel.<\/p>\n<p>&nbsp;<\/p>\n<p><a href=\"https:\/\/cdnoticias.com\/index.php\/2021\/04\/27\/comenzo-el-juicio-por-la-muerte-de-un-joven-de-18-anos-en-un-accidente-en-sierras-bayas\/\" target=\"_blank\" rel=\"noopener\">Tal como se hab\u00eda narrado d\u00edas atr\u00e1s<\/a>, las audiencias se llevaron a cabo por plataformas virtuales que fueron encabezadas por la jueza en lo Correccional local, la doctora Cecilia Desiata.<strong> Durante los \u00faltimos d\u00edas declararon numerosos testigos y para la tarde de este jueves fue pautada la lectura de la sentencia de la causa contra Carlos Daniel Martinefsky, \u00fanico acusado por los hechos<\/strong>.<\/p>\n<p>&nbsp;<\/p>\n<p><img data-recalc-dims=\"1\" loading=\"lazy\" decoding=\"async\" class=\"alignnone size-large wp-image-1882\" src=\"https:\/\/i0.wp.com\/cdnoticias.com\/wp-content\/uploads\/2020\/09\/WhatsApp-Image-2020-08-31-at-16.11.41-4.jpeg?resize=800%2C600&#038;ssl=1\" alt=\"\" width=\"800\" height=\"600\" \/><\/p>\n<p>&nbsp;<\/p>\n<p>Seg\u00fan qued\u00f3 expuesto en el debate, <strong>todo sucedi\u00f3 alrededor de la 1.30 del 18 agosto, cuando el imputado guiaba un Volkswagen Bora con un dosaje de alcohol en sangre de 0,8 (cuando lo permitido es 0,5)<\/strong>. \u201cEn tanto, por el mismo camino y en la misma direcci\u00f3n se desplazaban a pie,\u00a0 tres grupos de j\u00f3venes, alumbrando el camino con las linternas de los celulares\u201d, se a\u00f1adi\u00f3 en la resoluci\u00f3n a la que tuvo acceso este portal.<\/p>\n<p>&nbsp;<\/p>\n<p>En el detalle de los hechos se a\u00f1adi\u00f3 que <strong>el auto iba a 97 km\/h, \u201cvelocidad no precautoria en\u00a0 atenci\u00f3n al\u00a0 consumo de alcohol y\u00a0 la oscuridad reinante en el lugar\u201d<\/strong>. En ese marco embisti\u00f3 no solo a Zurita, sino tambi\u00e9n a otra joven que sufri\u00f3 diversas lesiones, delito por el que tambi\u00e9n se lo imput\u00f3 a Martinefsky. Los hechos fueron tipificados como \u201chomicidio culposo por la conducci\u00f3n negligente e imprudente de un veh\u00edculo automotor y lesiones leves culposas en concurso real de acciones\u201d, encuadre con el que se lleg\u00f3 a la instancia de debate.<\/p>\n<p>&nbsp;<\/p>\n<p><img data-recalc-dims=\"1\" loading=\"lazy\" decoding=\"async\" class=\"alignnone size-large wp-image-1879\" src=\"https:\/\/i0.wp.com\/cdnoticias.com\/wp-content\/uploads\/2020\/09\/WhatsApp-Image-2020-08-31-at-16.11.41-1.jpeg?resize=800%2C600&#038;ssl=1\" alt=\"\" width=\"800\" height=\"600\" \/><\/p>\n<p>&nbsp;<\/p>\n<p>En la continuidad del escrito la jueza Desiata fue descartando cada uno de los elementos esgrimidos desde la defensa, entre ellos <strong>el testimonio de una joven que afirm\u00f3 ser la conductora del Bora, algo que no solo contrast\u00f3 lo dicho por testigos, sino que adem\u00e1s tampoco coincidi\u00f3 con las pericias en torno al recorrido y maniobras realizadas por el Volkswagen<\/strong>.<\/p>\n<p>&nbsp;<\/p>\n<p>Es por ello que el acusado fue hallado culpable de cada uno de los delitos en su contra, siendo ponderado como atenuante la ausencia de antecedentes penales y \u201cel buen concepto del que goza\u201d. Con ello fue condenado, por un lado, a la pena de<strong> 3 a\u00f1os de prisi\u00f3n de ejecuci\u00f3n condicional<\/strong>, per\u00edodo en el que deber\u00e1 ce\u00f1irse a diversas pautas de conducta. Y, por el otro, se lo conden\u00f3 tambi\u00e9n a una <strong>inhabilitaci\u00f3n especial de 7 a\u00f1os para conducir<\/strong>.<\/p>\n","protected":false},"excerpt":{"rendered":"<p>Es por la muerte de un joven de 18 a\u00f1os,\u00a0 quien fue atropellado en Sierras Bayas. Adem\u00e1s se le impuso<\/p>\n","protected":false},"author":3,"featured_media":20049,"comment_status":"closed","ping_status":"closed","sticky":false,"template":"","format":"standard","meta":{"_jetpack_memberships_contains_paid_content":false,"footnotes":""},"categories":[14,1],"tags":[],"class_list":["post-21419","post","type-post","status-publish","format-standard","has-post-thumbnail","hentry","category-policiales","category-portada"],"jetpack_featured_media_url":"https:\/\/i0.wp.com\/cdnoticias.com\/wp-content\/uploads\/2021\/04\/correcional.jpg?fit=800%2C445&ssl=1","jetpack_sharing_enabled":true,"_links":{"self":[{"href":"https:\/\/cdnoticias.com\/index.php\/wp-json\/wp\/v2\/posts\/21419","targetHints":{"allow":["GET"]}}],"collection":[{"href":"https:\/\/cdnoticias.com\/index.php\/wp-json\/wp\/v2\/posts"}],"about":[{"href":"https:\/\/cdnoticias.com\/index.php\/wp-json\/wp\/v2\/types\/post"}],"author":[{"embeddable":true,"href":"https:\/\/cdnoticias.com\/index.php\/wp-json\/wp\/v2\/users\/3"}],"replies":[{"embeddable":true,"href":"https:\/\/cdnoticias.com\/index.php\/wp-json\/wp\/v2\/comments?post=21419"}],"version-history":[{"count":0,"href":"https:\/\/cdnoticias.com\/index.php\/wp-json\/wp\/v2\/posts\/21419\/revisions"}],"wp:featuredmedia":[{"embeddable":true,"href":"https:\/\/cdnoticias.com\/index.php\/wp-json\/wp\/v2\/media\/20049"}],"wp:attachment":[{"href":"https:\/\/cdnoticias.com\/index.php\/wp-json\/wp\/v2\/media?parent=21419"}],"wp:term":[{"taxonomy":"category","embeddable":true,"href":"https:\/\/cdnoticias.com\/index.php\/wp-json\/wp\/v2\/categories?post=21419"},{"taxonomy":"post_tag","embeddable":true,"href":"https:\/\/cdnoticias.com\/index.php\/wp-json\/wp\/v2\/tags?post=21419"}],"curies":[{"name":"wp","href":"https:\/\/api.w.org\/{rel}","templated":true}]}}