{"id":2141,"date":"2020-09-22T10:37:36","date_gmt":"2020-09-22T13:37:36","guid":{"rendered":"http:\/\/www.centraldenoticias.com.ar\/?p=2141"},"modified":"2020-09-22T13:33:53","modified_gmt":"2020-09-22T16:33:53","slug":"coronavirus-la-semana-comenzo-con-dos-records-de-positivos-acumulados","status":"publish","type":"post","link":"https:\/\/cdnoticias.com\/index.php\/2020\/09\/22\/coronavirus-la-semana-comenzo-con-dos-records-de-positivos-acumulados\/","title":{"rendered":"Coronavirus: la semana comenz\u00f3 con dos r\u00e9cords de positivos acumulados"},"content":{"rendered":"<p>El ascenso de casos que se registra en Olavarr\u00eda comenz\u00f3 a fines de agosto y se ha sostenido. El lunes se registr\u00f3 el segundo pico de casos positivos consecutivo: 227 personas conviven con el virus.<!--more--><\/p>\n<hr \/>\n<p><strong>Olavarr\u00eda transita durante septiembre un crecimiento notable de los casos de coronavirus<\/strong>: los contagios alcanzan centralmente a personal esencial y a contactos por reuniones sociales, seg\u00fan los informes que emite diariamente la Municipalidad de Olavarr\u00eda.<\/p>\n<p>El domingo comenz\u00f3 la semana epidemiol\u00f3gica 39 y tanto ese d\u00eda como el lunes se registraron r\u00e9cords de casos positivos acumulados en el distrito desde el inicio de la pandemia. <strong>Fue 197 el pico que se alcanz\u00f3 el domingo y fue superado al d\u00eda siguiente: <a href=\"https:\/\/cdnoticias.com\/index.php\/2020\/09\/21\/coronavirus-56-nuevos-en-casos-en-olavarria\/\">227 personas transitan la enfermedad actualmente<\/a><\/strong>. En ambas jornadas, se detectaron en total 78 nuevos contagios.<\/p>\n<p>&nbsp;<\/p>\n<p><iframe loading=\"lazy\" style=\"border: none;\" title=\"Semana epidemiologica 38 - 39\" src=\"https:\/\/e.infogram.com\/a014f962-5cdf-48bb-92e6-7b232e3b04bc?src=embed\" width=\"700\" height=\"736\" frameborder=\"0\" scrolling=\"no\" allowfullscreen=\"allowfullscreen\"><\/iframe><\/p>\n<div style=\"padding: 8px 0; font-family: Arial!important; font-size: 13px!important; line-height: 15px!important; text-align: center; border-top: 1px solid #dadada; margin: 0 30px; width: 640px;\"><a style=\"color: #989898!important; text-decoration: none!important;\" href=\"https:\/\/infogram.com\/a014f962-5cdf-48bb-92e6-7b232e3b04bc\" target=\"_blank\" rel=\"noopener\">Semana epidemiologica 38 &#8211; 39<\/a><br \/>\n<a style=\"color: #989898!important; text-decoration: none!important;\" href=\"https:\/\/infogram.com\" target=\"_blank\" rel=\"nofollow noopener\">Infogram<\/a><\/div>\n<p>&nbsp;<\/p>\n<p>A su vez, durante la misma semana, el lunes 14 se hab\u00eda alcanzado el <strong>pico de casos positivos detectados<\/strong> desde el inicio de la emergencia sanitaria: <a href=\"https:\/\/cdnoticias.com\/index.php\/2020\/09\/14\/ia-64-casos-positivos-de-covid-19\/\">64 casos en un solo d\u00eda<\/a>. Coincidi\u00f3 tambi\u00e9n con el <strong>m\u00e1ximo de casos curados<\/strong>: 41 en el misma jornada. Cabe se\u00f1alar igualmente que esta situaci\u00f3n se dio en el marco de modificaciones en el protocolo que establece las altas.<\/p>\n<p>Por \u00faltimo, cabe se\u00f1alar que <strong>7 personas fallecieron a lo largo de la semana 38<\/strong>, con testeos positivos de Covid-19. Esta semana se registr\u00f3 el fallecimiento de una persona en la jornada del lunes.<\/p>\n<p>La tendencia al ascenso no es un fen\u00f3meno exclusivamente local: <a href=\"https:\/\/cdnoticias.com\/index.php\/2020\/09\/21\/coronavirus-el-interior-bonaerense-en-ascenso-llega-al-20-de-los-contagios\/\">se registra en todo el interior bonaerense<\/a>. Justamente desde la Provincia se enfatiz\u00f3 el lunes que la proporci\u00f3n de registros bonaerense ya tiene en el interior al 20% del total. A principios de agosto, esta regi\u00f3n representaba el 7%.<\/p>\n","protected":false},"excerpt":{"rendered":"<p>El ascenso de casos que se registra en Olavarr\u00eda comenz\u00f3 a fines de agosto y se ha sostenido. El lunes<\/p>\n","protected":false},"author":4,"featured_media":705,"comment_status":"closed","ping_status":"closed","sticky":false,"template":"","format":"standard","meta":{"_jetpack_memberships_contains_paid_content":false,"footnotes":""},"categories":[5,1],"tags":[],"class_list":["post-2141","post","type-post","status-publish","format-standard","has-post-thumbnail","hentry","category-informacion-general","category-portada"],"jetpack_featured_media_url":"https:\/\/i0.wp.com\/cdnoticias.com\/wp-content\/uploads\/2020\/09\/hospital4.jpg?fit=818%2C542&ssl=1","jetpack_sharing_enabled":true,"_links":{"self":[{"href":"https:\/\/cdnoticias.com\/index.php\/wp-json\/wp\/v2\/posts\/2141","targetHints":{"allow":["GET"]}}],"collection":[{"href":"https:\/\/cdnoticias.com\/index.php\/wp-json\/wp\/v2\/posts"}],"about":[{"href":"https:\/\/cdnoticias.com\/index.php\/wp-json\/wp\/v2\/types\/post"}],"author":[{"embeddable":true,"href":"https:\/\/cdnoticias.com\/index.php\/wp-json\/wp\/v2\/users\/4"}],"replies":[{"embeddable":true,"href":"https:\/\/cdnoticias.com\/index.php\/wp-json\/wp\/v2\/comments?post=2141"}],"version-history":[{"count":0,"href":"https:\/\/cdnoticias.com\/index.php\/wp-json\/wp\/v2\/posts\/2141\/revisions"}],"wp:featuredmedia":[{"embeddable":true,"href":"https:\/\/cdnoticias.com\/index.php\/wp-json\/wp\/v2\/media\/705"}],"wp:attachment":[{"href":"https:\/\/cdnoticias.com\/index.php\/wp-json\/wp\/v2\/media?parent=2141"}],"wp:term":[{"taxonomy":"category","embeddable":true,"href":"https:\/\/cdnoticias.com\/index.php\/wp-json\/wp\/v2\/categories?post=2141"},{"taxonomy":"post_tag","embeddable":true,"href":"https:\/\/cdnoticias.com\/index.php\/wp-json\/wp\/v2\/tags?post=2141"}],"curies":[{"name":"wp","href":"https:\/\/api.w.org\/{rel}","templated":true}]}}