{"id":214013,"date":"2026-09-06T18:41:49","date_gmt":"2026-09-06T21:41:49","guid":{"rendered":"https:\/\/cdnoticias.com\/?p=214013"},"modified":"2026-09-06T19:58:28","modified_gmt":"2026-09-06T22:58:28","slug":"came-reporto-que-en-agosto-las-ventas-minoristas-pyme-descendieron-02-interanual","status":"publish","type":"post","link":"https:\/\/cdnoticias.com\/index.php\/2026\/09\/06\/came-reporto-que-en-agosto-las-ventas-minoristas-pyme-descendieron-02-interanual\/","title":{"rendered":"CAME report\u00f3 que en agosto las ventas minoristas pyme descendieron 0,2% interanual"},"content":{"rendered":"<p>El acumulado anual es una ca\u00edda de 2,4%. El rubro con mejor desempe\u00f1o fue perfumer\u00eda. Alimentos y farmacia, a la baja. Las ventas online tuvieron suba interanual de 17,6%.<\/p>\n\n\n<hr class=\"wp-block-separator has-alpha-channel-opacity\"\/>\n\n\n\n<!--more-->\n\n\n\n<p>La <strong>C\u00e1mara Argentina de la Mediana Empresa (CAME)<\/strong> brind\u00f3 su <strong>informe de ventas minoristas pymes <\/strong>del mes de<strong> agosto <\/strong>en el que destac\u00f3 que hubo un <strong>leve descenso interanual de 0,2%<\/strong>.<\/p>\n\n\n\n<p><\/p>\n\n\n\n<p>La medici\u00f3n<strong> frente al mes anterior reflej\u00f3 una baja del 2,7%,<\/strong> con lo cual la actividad acumula un <strong>descenso del 2,4% en lo que va del a\u00f1o<\/strong>.<\/p>\n\n\n\n<p><\/p>\n\n\n\n<blockquote class=\"wp-block-quote is-layout-flow wp-block-quote-is-layout-flow\">\n<p>\u201cEsta din\u00e1mica negativa en la comparaci\u00f3n interanual respondi\u00f3 a la reducci\u00f3n del poder adquisitivo por los incrementos en las tarifas de los servicios y por el endeudamiento familiar. Adem\u00e1s, el menor movimiento posvacacional y la p\u00e9rdida de tracci\u00f3n de los ingresos disponibles acentuaron la cautela del consumidor, limitando las operaciones comerciales a gastos indispensables\u201d interpret\u00f3 CAME.<\/p>\n<\/blockquote>\n\n\n\n<p><\/p>\n\n\n\n<p>Al analizar el balance cualitativo sobre la evoluci\u00f3n interanual de los comercios, el<strong> 47,4% de los due\u00f1os consultados indic\u00f3 que su nivel de actividad se mantuvo <\/strong>en relaci\u00f3n con el mismo per\u00edodo del a\u00f1o previo. Dicho registro evidencia una merma de 0,7 puntos porcentuales en comparaci\u00f3n con la medici\u00f3n del mes anterior. En paralelo, la proporci\u00f3n de respuestas que report\u00f3 un <strong>empeoramiento en las condiciones de su negocio ascendi\u00f3 al 46,5%<\/strong>, reflejando un incremento de dos puntos porcentuales frente al 44,5% constatado en julio. Por \u00faltimo, la fracci\u00f3n de pymes que tuvo una <strong>mejora en su desempe\u00f1o operativo represent\u00f3 \u00fanicamente el 6,1% <\/strong>del total de unidades relevadas durante el per\u00edodo.<\/p>\n\n\n\n<p><\/p>\n\n\n\n<p>En cuanto a las <strong>proyecciones para los pr\u00f3ximos 12 meses<\/strong>, el <strong>43,9% de los encuestados prev\u00e9 que su situaci\u00f3n econ\u00f3mica continuar\u00e1 sin modificaciones<\/strong>, lo que implica una reducci\u00f3n de 2,4 puntos porcentuales en la lectura neutra respecto al informe precedente. Por su parte, el <strong>42,8% estim\u00f3 un escenario futuro superior<\/strong> \u2014mostrando una variaci\u00f3n marginal frente al 42,4% de julio\u2014, mientras que el <strong>13,3% restante espera un deterioro<\/strong>. Finalmente, en lo concerniente a las <strong>decisiones de financiamiento y destino de fondos<\/strong>, el 57,9% consider\u00f3 que no es momento para concretar inversiones en su firma, en tanto que un 28,6% no fij\u00f3 postura al respecto y un 13,5% respondi\u00f3 afirmativamente a dicha consulta.<\/p>\n\n\n\n<p><\/p>\n\n\n\n<figure class=\"wp-block-image size-full\"><img data-recalc-dims=\"1\" loading=\"lazy\" decoding=\"async\" width=\"800\" height=\"445\" src=\"https:\/\/i0.wp.com\/cdnoticias.com\/wp-content\/uploads\/2026\/09\/ventas-minoristas-came-agosto-2026.jpg?resize=800%2C445&#038;ssl=1\" alt=\"\" class=\"wp-image-214014\" srcset=\"https:\/\/i0.wp.com\/cdnoticias.com\/wp-content\/uploads\/2026\/09\/ventas-minoristas-came-agosto-2026.jpg?w=1000&amp;ssl=1 1000w, https:\/\/i0.wp.com\/cdnoticias.com\/wp-content\/uploads\/2026\/09\/ventas-minoristas-came-agosto-2026.jpg?resize=300%2C167&amp;ssl=1 300w, https:\/\/i0.wp.com\/cdnoticias.com\/wp-content\/uploads\/2026\/09\/ventas-minoristas-came-agosto-2026.jpg?resize=768%2C427&amp;ssl=1 768w, https:\/\/i0.wp.com\/cdnoticias.com\/wp-content\/uploads\/2026\/09\/ventas-minoristas-came-agosto-2026.jpg?resize=800%2C445&amp;ssl=1 800w\" sizes=\"auto, (max-width: 800px) 100vw, 800px\" \/><\/figure>\n\n\n\n<p><\/p>\n\n\n\n<h2 class=\"wp-block-heading\">Por rubro<\/h2>\n\n\n\n<p><\/p>\n\n\n\n<p>En el desagregado sectorial, CAME inform\u00f3 que <strong>cuatro de los siete rubros medidos presentaron tasas de variaci\u00f3n interanual positivas<\/strong>.<\/p>\n\n\n\n<p><\/p>\n\n\n\n<p>La suba m\u00e1s pronunciada correspondi\u00f3 a <strong>Perfumer\u00eda (+12,8%)<\/strong>, ubic\u00e1ndose luego Textil e indumentaria (+6,4%), Calzado y marroquiner\u00eda (+1,2%) y Ferreter\u00eda, materiales el\u00e9ctricos y materiales para la construcci\u00f3n (+0,3%). Por el contrario, tres sectores registraron bajas frente al mismo per\u00edodo del a\u00f1o previo, con la mayor ca\u00edda en Bazar, decoraci\u00f3n, textiles para el hogar y muebles (-4,8%), seguida por<strong> Alimentos y bebidas (-2,5%) y Farmacia (-0,5%)<\/strong>.<\/p>\n\n\n\n<p><\/p>\n\n\n\n<p>Adem\u00e1s, durante agosto se detect\u00f3 que las <strong>ventas online <\/strong>realizadas por los comercios con local a la calle registraron un<strong> incremento interanual del 17,6%<\/strong> y una leve <strong>suba intermensual del 0,4%<\/strong>.<\/p>\n\n\n\n<p><\/p>\n\n\n\n<figure class=\"wp-block-embed is-type-wp-embed is-provider-central-de-noticias-olavarr-a wp-block-embed-central-de-noticias-olavarr-a\"><div class=\"wp-block-embed__wrapper\">\n<blockquote class=\"wp-embedded-content\" data-secret=\"WPpdXolCIQ\"><a href=\"https:\/\/cdnoticias.com\/index.php\/2026\/09\/05\/un-comercio-que-anuncio-su-cierre-expuso-las-dificultades-del-rubro-y-pidio-bancar-a-los-negocios-de-olavarria\/\">Un comercio que anunci\u00f3 su cierre expuso las dificultades del rubro y pidi\u00f3 \u201cbancar a los negocios de Olavarr\u00eda\u201d<\/a><\/blockquote><iframe loading=\"lazy\" class=\"wp-embedded-content\" sandbox=\"allow-scripts\" security=\"restricted\" style=\"position: absolute; visibility: hidden;\" title=\"&#8220;Un comercio que anunci\u00f3 su cierre expuso las dificultades del rubro y pidi\u00f3 \u201cbancar a los negocios de Olavarr\u00eda\u201d&#8221; &#8212; Central de Noticias | Olavarr\u00eda\" src=\"https:\/\/cdnoticias.com\/index.php\/2026\/09\/05\/un-comercio-que-anuncio-su-cierre-expuso-las-dificultades-del-rubro-y-pidio-bancar-a-los-negocios-de-olavarria\/embed\/#?secret=uS2eamikh2#?secret=WPpdXolCIQ\" data-secret=\"WPpdXolCIQ\" width=\"600\" height=\"338\" frameborder=\"0\" marginwidth=\"0\" marginheight=\"0\" scrolling=\"no\"><\/iframe>\n<\/div><\/figure>\n\n\n\n<p><\/p>\n\n\n\n<h2 class=\"wp-block-heading\">Demanda condicionada<\/h2>\n\n\n\n<p><\/p>\n\n\n\n<p>\u201cEl desempe\u00f1o minorista de agosto reflej\u00f3 la persistencia de una demanda condicionada por el peso de las tarifas y el endeudamiento familiar acumulado. Si bien los comerciantes reportaron <strong>compras puntuales<\/strong> en panificados, indumentaria infantil y regaler\u00eda a ra\u00edz del <strong>calendario escolar y festivo por el D\u00eda del Ni\u00f1o<\/strong>, estas operaciones<strong> no alcanzaron el volumen necesario para compensar la ca\u00edda general <\/strong>del consumo en los rubros masivos\u201d sostuvo CAME.<\/p>\n\n\n\n<p><\/p>\n\n\n\n<blockquote class=\"wp-block-quote is-layout-flow wp-block-quote-is-layout-flow\">\n<p>Se a\u00f1adi\u00f3 en el informe que \u201cde este modo, las transacciones continuaron acotadas a reposiciones impostergables y tratamientos esenciales, mientras que los bienes durables, el calzado formal y los art\u00edculos de mayor valor permanecieron postergados bajo un esquema de compra cauteloso y fragmentado\u201d.<\/p>\n<\/blockquote>\n\n\n\n<p><\/p>\n\n\n\n<p>Desde la perspectiva de la oferta, los comercios operaron con <strong>m\u00e1rgenes de rentabilidad acotados<\/strong> debido a las continuas <strong>actualizaciones en las listas mayoristas, los fletes y la competencia de mercader\u00eda importada<\/strong> de bajo costo. La dificultad para disponer de planes de cuotas sin inter\u00e9s oblig\u00f3 a multiplicar descuentos por pago al contado, liquidaciones de fin de temporada y promociones bancarias para movilizar el inventario existente.<\/p>\n\n\n\n<p><\/p>\n\n\n\n<p>CAME cerr\u00f3 se\u00f1alando que \u201cante este escenario de costos operativos crecientes y l\u00edmites de financiamiento en los hogares, las empresas mantuvieron una <strong>gesti\u00f3n prudente del capital<\/strong>, restringiendo la reposici\u00f3n preventiva y evitando nuevas decisiones de inversi\u00f3n\u201d.<\/p>\n\n\n\n<p><\/p>\n\n\n\n<p><a href=\"https:\/\/www.redcame.org.ar\/advf\/documentos\/2026\/09\/6a9c482b9e1bd.pdf\" target=\"_blank\" rel=\"noreferrer noopener\">Acceso al informe completo del mes de agosto<\/a>.<\/p>\n\n\n\n<p><\/p>\n","protected":false},"excerpt":{"rendered":"<p>El acumulado anual es una ca\u00edda de 2,4%. El rubro con mejor desempe\u00f1o fue perfumer\u00eda. Alimentos y farmacia, a la<\/p>\n","protected":false},"author":4,"featured_media":214015,"comment_status":"closed","ping_status":"closed","sticky":false,"template":"","format":"standard","meta":{"_xspeed_no_cache":false,"_xspeed_expiry_hours":0,"_jetpack_memberships_contains_paid_content":false,"footnotes":""},"categories":[6,1],"tags":[],"class_list":["post-214013","post","type-post","status-publish","format-standard","has-post-thumbnail","hentry","category-nacionales","category-portada"],"jetpack_featured_media_url":"https:\/\/i0.wp.com\/cdnoticias.com\/wp-content\/uploads\/2026\/09\/ventas-perfumeria.jpg?fit=1000%2C556&ssl=1","jetpack_sharing_enabled":true,"_links":{"self":[{"href":"https:\/\/cdnoticias.com\/index.php\/wp-json\/wp\/v2\/posts\/214013","targetHints":{"allow":["GET"]}}],"collection":[{"href":"https:\/\/cdnoticias.com\/index.php\/wp-json\/wp\/v2\/posts"}],"about":[{"href":"https:\/\/cdnoticias.com\/index.php\/wp-json\/wp\/v2\/types\/post"}],"author":[{"embeddable":true,"href":"https:\/\/cdnoticias.com\/index.php\/wp-json\/wp\/v2\/users\/4"}],"replies":[{"embeddable":true,"href":"https:\/\/cdnoticias.com\/index.php\/wp-json\/wp\/v2\/comments?post=214013"}],"version-history":[{"count":1,"href":"https:\/\/cdnoticias.com\/index.php\/wp-json\/wp\/v2\/posts\/214013\/revisions"}],"predecessor-version":[{"id":214016,"href":"https:\/\/cdnoticias.com\/index.php\/wp-json\/wp\/v2\/posts\/214013\/revisions\/214016"}],"wp:featuredmedia":[{"embeddable":true,"href":"https:\/\/cdnoticias.com\/index.php\/wp-json\/wp\/v2\/media\/214015"}],"wp:attachment":[{"href":"https:\/\/cdnoticias.com\/index.php\/wp-json\/wp\/v2\/media?parent=214013"}],"wp:term":[{"taxonomy":"category","embeddable":true,"href":"https:\/\/cdnoticias.com\/index.php\/wp-json\/wp\/v2\/categories?post=214013"},{"taxonomy":"post_tag","embeddable":true,"href":"https:\/\/cdnoticias.com\/index.php\/wp-json\/wp\/v2\/tags?post=214013"}],"curies":[{"name":"wp","href":"https:\/\/api.w.org\/{rel}","templated":true}]}}