{"id":21401,"date":"2021-05-13T17:24:36","date_gmt":"2021-05-13T20:24:36","guid":{"rendered":"http:\/\/www.centraldenoticias.com.ar\/?p=21401"},"modified":"2021-05-13T20:48:49","modified_gmt":"2021-05-13T23:48:49","slug":"el-bloque-local-del-frente-renovador-celebro-el-proyecto-de-zona-fria-para-olavarria-y-la-region","status":"publish","type":"post","link":"https:\/\/cdnoticias.com\/index.php\/2021\/05\/13\/el-bloque-local-del-frente-renovador-celebro-el-proyecto-de-zona-fria-para-olavarria-y-la-region\/","title":{"rendered":"El bloque local del Frente Renovador celebr\u00f3 el proyecto de Zona Fr\u00eda para Olavarr\u00eda y la regi\u00f3n"},"content":{"rendered":"<p>\u201cBeneficio para los olavarrienses y m\u00e1s de 3 millones de argentinos y argentinas\u201d, se enfatiz\u00f3 desde el espacio.<!--more--><\/p>\n<hr \/>\n<p>En la jornada de este jueves la diputada nacional olavarriense Liliana Schwindt presentar\u00e1 un proyecto de ley para <a href=\"https:\/\/cdnoticias.com\/index.php\/2021\/05\/13\/proyecto-de-liliana-schwindt-en-diputados-para-subsidiar-el-consumo-de-gas\/\" target=\"_blank\" rel=\"noopener\">subsidiar el consumo del gas domicilio en la considerada \u201czona fr\u00eda\u201d, la cual alcanza distritos de cuatro provincias, entre ellos Olavarr\u00eda<\/a>. La medida fue celebrada desde diversos sectores y el bloque local del Frente Renovador no fue la excepci\u00f3n, desde donde se emiti\u00f3 un comunicado en las \u00faltimas horas.<\/p>\n<p>&nbsp;<\/p>\n<p><strong>\u201cBeneficio para los olavarrienses y m\u00e1s de 3 millones de argentinos y argentinas\u201d<\/strong>, fue el nombre del documento publicado a trav\u00e9s de las redes sociales. \u201cSergio Massa y Diputados de la Naci\u00f3n del Frente de Todos presentar\u00e1n Proyecto que implica una disminuci\u00f3n del 30% y 50% sobre las facturas de gas correspondiente para usuarias y usuarios residenciales, dependiendo su situaci\u00f3n de mayor o menor vulnerabilidad (concretamente se tomaron quienes est\u00e1n comprendidos en el decreto presidencial 311\/20)\u201d, a\u00f1adieron.<\/p>\n<p>&nbsp;<\/p>\n<p>Luego, hicieron un pormenorizado detalle acerca de qu\u00e9 se trata el proyecto, o mejor dicho cu\u00e1les ser\u00edan los beneficios para los habitantes de cada uno de los distritos incluidos en la denominada Zona fr\u00eda. \u201c<strong>En las nuevas localidades la tarifa diferencial implica una disminuci\u00f3n del 50% de la factura de gas correspondiente, en el caso de los siguientes usuarios residenciales<\/strong>: Beneficiarios y beneficiarias de la Asignaci\u00f3n Universal por Hijo (AUH) y la Asignaci\u00f3n por Embarazo; Beneficiarios y beneficiarias de Pensiones no Contributivas que perciban ingresos mensuales brutos no superiores a CUATRO (4) veces el Salario M\u00ednimo Vital y M\u00f3vil; Usuarios inscriptos y usuarias inscriptas en el R\u00e9gimen de Monotributo Social; \u00a0Jubilados y jubiladas; pensionadas y pensionados; y trabajadores y trabajadoras en relaci\u00f3n de dependencia que perciban una remuneraci\u00f3n bruta menor o igual a CUATRO (4) Salarios M\u00ednimos Vitales y M\u00f3viles; Trabajadores monotributistas inscriptos y trabajadoras monotributistas inscriptas en una categor\u00eda cuyo ingreso anual mensualizado no supere en TRES (3) veces el Salario M\u00ednimo Vital y M\u00f3vil; Usuarios y usuarias que perciben seguro de desempleo; Electrodependientes, beneficiarios de la Ley N\u00ba 27.351; Usuarios incorporados y usuarias incorporadas en el R\u00e9gimen Especial de Seguridad Social para Empleados de Casas Particulares (Ley N\u00ba 26.844); Exentos en el pago de ABL o tributos locales de igual naturaleza; Ser titular de una Pensi\u00f3n Vitalicia a Veteranos de Guerra del Atl\u00e1ntico Sur\u201d.<\/p>\n<p>&nbsp;<\/p>\n<p><strong>\u201cRespecto del resto de las usuarias y usuarios residenciales, la tarifa diferencial implicar\u00e1 una disminuci\u00f3n del 30% de la factura de gas correspondiente<\/strong>. La ampliaci\u00f3n en cuesti\u00f3n incorpora a las localidades actualmente alcanzadas, las comprendidas en el frente mar\u00edtimo y subzonas del sur de la provincia de Buenos Aires\u201d, concluyeron.<\/p>\n","protected":false},"excerpt":{"rendered":"<p>\u201cBeneficio para los olavarrienses y m\u00e1s de 3 millones de argentinos y argentinas\u201d, se enfatiz\u00f3 desde el espacio.<\/p>\n","protected":false},"author":4,"featured_media":21402,"comment_status":"closed","ping_status":"closed","sticky":false,"template":"","format":"standard","meta":{"_jetpack_memberships_contains_paid_content":false,"footnotes":""},"categories":[4],"tags":[],"class_list":["post-21401","post","type-post","status-publish","format-standard","has-post-thumbnail","hentry","category-politica"],"jetpack_featured_media_url":"https:\/\/i0.wp.com\/cdnoticias.com\/wp-content\/uploads\/2021\/05\/185867627_179094484108471_3053558149276694875_n.jpg?fit=800%2C480&ssl=1","jetpack_sharing_enabled":true,"_links":{"self":[{"href":"https:\/\/cdnoticias.com\/index.php\/wp-json\/wp\/v2\/posts\/21401","targetHints":{"allow":["GET"]}}],"collection":[{"href":"https:\/\/cdnoticias.com\/index.php\/wp-json\/wp\/v2\/posts"}],"about":[{"href":"https:\/\/cdnoticias.com\/index.php\/wp-json\/wp\/v2\/types\/post"}],"author":[{"embeddable":true,"href":"https:\/\/cdnoticias.com\/index.php\/wp-json\/wp\/v2\/users\/4"}],"replies":[{"embeddable":true,"href":"https:\/\/cdnoticias.com\/index.php\/wp-json\/wp\/v2\/comments?post=21401"}],"version-history":[{"count":0,"href":"https:\/\/cdnoticias.com\/index.php\/wp-json\/wp\/v2\/posts\/21401\/revisions"}],"wp:featuredmedia":[{"embeddable":true,"href":"https:\/\/cdnoticias.com\/index.php\/wp-json\/wp\/v2\/media\/21402"}],"wp:attachment":[{"href":"https:\/\/cdnoticias.com\/index.php\/wp-json\/wp\/v2\/media?parent=21401"}],"wp:term":[{"taxonomy":"category","embeddable":true,"href":"https:\/\/cdnoticias.com\/index.php\/wp-json\/wp\/v2\/categories?post=21401"},{"taxonomy":"post_tag","embeddable":true,"href":"https:\/\/cdnoticias.com\/index.php\/wp-json\/wp\/v2\/tags?post=21401"}],"curies":[{"name":"wp","href":"https:\/\/api.w.org\/{rel}","templated":true}]}}