{"id":213998,"date":"2026-09-06T14:30:19","date_gmt":"2026-09-06T17:30:19","guid":{"rendered":"https:\/\/cdnoticias.com\/?p=213998"},"modified":"2026-09-06T14:30:21","modified_gmt":"2026-09-06T17:30:21","slug":"comenzo-la-quinta-edicion-de-la-fiesta-del-dia-del-inmigrante-en-olavarria","status":"publish","type":"post","link":"https:\/\/cdnoticias.com\/index.php\/2026\/09\/06\/comenzo-la-quinta-edicion-de-la-fiesta-del-dia-del-inmigrante-en-olavarria\/","title":{"rendered":"Comenz\u00f3 la quinta edici\u00f3n de la Fiesta del D\u00eda del Inmigrante en Olavarr\u00eda"},"content":{"rendered":"\n<p>La jornada re\u00fane a las colectividades del Partido de Olavarr\u00eda con propuestas gastron\u00f3micas, m\u00fasica y danzas t\u00edpicas. Las actividades se extender\u00e1n hasta las 21 horas.<\/p>\n\n\n\n<hr class=\"wp-block-separator aligncenter has-alpha-channel-opacity\"\/>\n\n\n\n<p>Este <strong>domingo 6 de septiembre<\/strong> comenz\u00f3 la <strong>quinta edici\u00f3n de la Fiesta del D\u00eda del Inmigrante en el Centro Cultural \u201cSan Jos\u00e9\u201d,<\/strong> organizada conjuntamente por el <strong>Municipio de Olavarr\u00eda y la Uni\u00f3n de Colectividades de Olavarr\u00eda.<\/strong><\/p>\n\n\n\n<p><\/p>\n\n\n\n<blockquote class=\"wp-block-quote is-layout-flow wp-block-quote-is-layout-flow\">\n<p>La jornada se desarrollar\u00e1 hasta las 21 horas y cuenta con propuestas gastron\u00f3micas de las diferentes colectividades del Partido de Olavarr\u00eda, adem\u00e1s de la participaci\u00f3n de cerveceros locales.<\/p>\n<\/blockquote>\n\n\n\n<p><\/p>\n\n\n\n<p>Durante el encuentro <strong>se presentar\u00e1n danzas t\u00edpicas y grupos musicales en un escenario dispuesto para la ocasi\u00f3n.<\/strong> En el <strong>interior del Centro Cultural \u201cSan Jos\u00e9\u201d<\/strong> tambi\u00e9n se puede recorrer una<strong> muestra est\u00e1tica con objetos y trajes t\u00edpicos pertenecientes a las distintas colectividades.<\/strong><\/p>\n\n\n\n<p><\/p>\n\n\n\n<figure class=\"wp-block-image aligncenter size-full\"><img data-recalc-dims=\"1\" loading=\"lazy\" decoding=\"async\" width=\"800\" height=\"531\" src=\"https:\/\/i0.wp.com\/cdnoticias.com\/wp-content\/uploads\/2026\/09\/dia-del-inmigrante-quintaedicion1.jpg?resize=800%2C531&#038;ssl=1\" alt=\"\" class=\"wp-image-214004\" srcset=\"https:\/\/i0.wp.com\/cdnoticias.com\/wp-content\/uploads\/2026\/09\/dia-del-inmigrante-quintaedicion1.jpg?w=900&amp;ssl=1 900w, https:\/\/i0.wp.com\/cdnoticias.com\/wp-content\/uploads\/2026\/09\/dia-del-inmigrante-quintaedicion1.jpg?resize=300%2C199&amp;ssl=1 300w, https:\/\/i0.wp.com\/cdnoticias.com\/wp-content\/uploads\/2026\/09\/dia-del-inmigrante-quintaedicion1.jpg?resize=768%2C509&amp;ssl=1 768w\" sizes=\"auto, (max-width: 800px) 100vw, 800px\" \/><\/figure>\n\n\n\n<p><\/p>\n\n\n\n<blockquote class=\"wp-block-quote is-layout-flow wp-block-quote-is-layout-flow\">\n<p>La propuesta busca reconocer el trabajo y el legado de las colectividades que forman parte de la historia de Olavarr\u00eda, a trav\u00e9s de una jornada que re\u00fane gastronom\u00eda, m\u00fasica y tradiciones.<\/p>\n<\/blockquote>\n\n\n\n<p><\/p>\n\n\n\n<figure class=\"wp-block-image aligncenter size-full\"><img data-recalc-dims=\"1\" loading=\"lazy\" decoding=\"async\" width=\"800\" height=\"516\" src=\"https:\/\/i0.wp.com\/cdnoticias.com\/wp-content\/uploads\/2026\/09\/dia-del-inmigrante-quintaedicion2.jpg?resize=800%2C516&#038;ssl=1\" alt=\"\" class=\"wp-image-214003\" srcset=\"https:\/\/i0.wp.com\/cdnoticias.com\/wp-content\/uploads\/2026\/09\/dia-del-inmigrante-quintaedicion2.jpg?w=900&amp;ssl=1 900w, https:\/\/i0.wp.com\/cdnoticias.com\/wp-content\/uploads\/2026\/09\/dia-del-inmigrante-quintaedicion2.jpg?resize=300%2C193&amp;ssl=1 300w, https:\/\/i0.wp.com\/cdnoticias.com\/wp-content\/uploads\/2026\/09\/dia-del-inmigrante-quintaedicion2.jpg?resize=768%2C495&amp;ssl=1 768w\" sizes=\"auto, (max-width: 800px) 100vw, 800px\" \/><\/figure>\n\n\n\n<p><\/p>\n\n\n\n<h3 class=\"wp-block-heading\"><strong>Cronograma<\/strong><\/h3>\n\n\n\n<p><strong>Escenario<\/strong><\/p>\n\n\n\n<ul class=\"wp-block-list\">\n<li><strong>15:15 horas:<\/strong> Grupo Rancho Azinheira (Sociedad Portuguesa).<\/li>\n\n\n\n<li><strong>15:30 horas:<\/strong> Grupo de danzas del Centro Vasco.<\/li>\n\n\n\n<li><strong>15:45 horas:<\/strong> Grupo de danzas \u201cWir Bringen Freude\u201d (Alemanes Del Volga).<\/li>\n\n\n\n<li><strong>16:00 horas:<\/strong> Grupo Ibero Danza, direcci\u00f3n Mar\u00eda Baldini, con danza flamenca (Sociedad Espa\u00f1ola de Socorros Mutuos de Olavarr\u00eda).<\/li>\n\n\n\n<li><strong>16:15 horas:<\/strong> Taller de Folclore por Silvia Todesco (Sociedad Espa\u00f1ola de Socorros Mutuos de Olavarr\u00eda).<\/li>\n\n\n\n<li><strong>17:30 horas:<\/strong> Escuela de danzas \u201cAlhambra\u201d de Vanesa Prestipino (Sociedad Libanesa).<\/li>\n\n\n\n<li><strong>17:45 horas:<\/strong> Danzas de la India por Denisa Laborde (Escuela Municipal de Danzas).<\/li>\n\n\n\n<li><strong>18:30 horas:<\/strong> Fraternidad de los Walaychos de Olavarr\u00eda \u2013 Kory Wayra y ballet art\u00edstico Caporales Sangre Morena (Agrupaci\u00f3n y Asociaci\u00f3n Bolivianos).<\/li>\n\n\n\n<li><strong>19:30 horas:<\/strong> Grupo de folklore Herederos.<\/li>\n<\/ul>\n\n\n\n<figure class=\"wp-block-image aligncenter size-full\"><img data-recalc-dims=\"1\" loading=\"lazy\" decoding=\"async\" width=\"800\" height=\"492\" src=\"https:\/\/i0.wp.com\/cdnoticias.com\/wp-content\/uploads\/2026\/09\/dia-del-inmigrante-quintaedicion4.jpg?resize=800%2C492&#038;ssl=1\" alt=\"\" class=\"wp-image-214001\" srcset=\"https:\/\/i0.wp.com\/cdnoticias.com\/wp-content\/uploads\/2026\/09\/dia-del-inmigrante-quintaedicion4.jpg?w=900&amp;ssl=1 900w, https:\/\/i0.wp.com\/cdnoticias.com\/wp-content\/uploads\/2026\/09\/dia-del-inmigrante-quintaedicion4.jpg?resize=300%2C185&amp;ssl=1 300w, https:\/\/i0.wp.com\/cdnoticias.com\/wp-content\/uploads\/2026\/09\/dia-del-inmigrante-quintaedicion4.jpg?resize=768%2C473&amp;ssl=1 768w\" sizes=\"auto, (max-width: 800px) 100vw, 800px\" \/><\/figure>\n\n\n\n<p><strong>Auditorio<\/strong><\/p>\n\n\n\n<ul class=\"wp-block-list\">\n<li><strong>16:30 horas:<\/strong> Coro Sociedad Italiana.<\/li>\n\n\n\n<li><strong>17:00 horas:<\/strong> M\u00fasica de la Sociedad Francesa, teclado a piano a cargo de Maximiliano Cooper Pondarr\u00e9.<\/li>\n\n\n\n<li><strong>18:00 horas:<\/strong> Charla sobre historia de los extranjeros en Olavarr\u00eda. \u201cOrganizaci\u00f3n, institucionalizaci\u00f3n y progreso\u201d, a cargo de Marcos Rodr\u00edguez.<\/li>\n<\/ul>\n\n\n\n<p><strong>Sala 4<\/strong><\/p>\n\n\n\n<p>Durante toda la jornada se desarrollar\u00e1 <strong>\u201cFamily Search\u201d<\/strong>, donde se brindar\u00e1 informaci\u00f3n y asistencia gratuita para descubrir el legado y la historia familiar.<\/p>\n\n\n\n<figure class=\"wp-block-image aligncenter size-full\"><img data-recalc-dims=\"1\" loading=\"lazy\" decoding=\"async\" width=\"800\" height=\"497\" src=\"https:\/\/i0.wp.com\/cdnoticias.com\/wp-content\/uploads\/2026\/09\/dia-del-inmigrante-quintaedicion3.jpg?resize=800%2C497&#038;ssl=1\" alt=\"\" class=\"wp-image-214002\" srcset=\"https:\/\/i0.wp.com\/cdnoticias.com\/wp-content\/uploads\/2026\/09\/dia-del-inmigrante-quintaedicion3.jpg?w=900&amp;ssl=1 900w, https:\/\/i0.wp.com\/cdnoticias.com\/wp-content\/uploads\/2026\/09\/dia-del-inmigrante-quintaedicion3.jpg?resize=300%2C186&amp;ssl=1 300w, https:\/\/i0.wp.com\/cdnoticias.com\/wp-content\/uploads\/2026\/09\/dia-del-inmigrante-quintaedicion3.jpg?resize=768%2C477&amp;ssl=1 768w\" sizes=\"auto, (max-width: 800px) 100vw, 800px\" \/><\/figure>\n","protected":false},"excerpt":{"rendered":"<p>La jornada re\u00fane a las colectividades del Partido de Olavarr\u00eda con propuestas gastron\u00f3micas, m\u00fasica y danzas t\u00edpicas. Las actividades se<\/p>\n","protected":false},"author":6,"featured_media":214000,"comment_status":"closed","ping_status":"closed","sticky":false,"template":"","format":"standard","meta":{"_xspeed_no_cache":false,"_xspeed_expiry_hours":0,"_jetpack_memberships_contains_paid_content":false,"footnotes":""},"categories":[9,7],"tags":[],"class_list":["post-213998","post","type-post","status-publish","format-standard","has-post-thumbnail","hentry","category-cultura","category-central"],"jetpack_featured_media_url":"https:\/\/i0.wp.com\/cdnoticias.com\/wp-content\/uploads\/2026\/09\/dia-del-inmigrante-quintaedicion5.jpg?fit=900%2C523&ssl=1","jetpack_sharing_enabled":true,"_links":{"self":[{"href":"https:\/\/cdnoticias.com\/index.php\/wp-json\/wp\/v2\/posts\/213998","targetHints":{"allow":["GET"]}}],"collection":[{"href":"https:\/\/cdnoticias.com\/index.php\/wp-json\/wp\/v2\/posts"}],"about":[{"href":"https:\/\/cdnoticias.com\/index.php\/wp-json\/wp\/v2\/types\/post"}],"author":[{"embeddable":true,"href":"https:\/\/cdnoticias.com\/index.php\/wp-json\/wp\/v2\/users\/6"}],"replies":[{"embeddable":true,"href":"https:\/\/cdnoticias.com\/index.php\/wp-json\/wp\/v2\/comments?post=213998"}],"version-history":[{"count":2,"href":"https:\/\/cdnoticias.com\/index.php\/wp-json\/wp\/v2\/posts\/213998\/revisions"}],"predecessor-version":[{"id":214005,"href":"https:\/\/cdnoticias.com\/index.php\/wp-json\/wp\/v2\/posts\/213998\/revisions\/214005"}],"wp:featuredmedia":[{"embeddable":true,"href":"https:\/\/cdnoticias.com\/index.php\/wp-json\/wp\/v2\/media\/214000"}],"wp:attachment":[{"href":"https:\/\/cdnoticias.com\/index.php\/wp-json\/wp\/v2\/media?parent=213998"}],"wp:term":[{"taxonomy":"category","embeddable":true,"href":"https:\/\/cdnoticias.com\/index.php\/wp-json\/wp\/v2\/categories?post=213998"},{"taxonomy":"post_tag","embeddable":true,"href":"https:\/\/cdnoticias.com\/index.php\/wp-json\/wp\/v2\/tags?post=213998"}],"curies":[{"name":"wp","href":"https:\/\/api.w.org\/{rel}","templated":true}]}}