{"id":213986,"date":"2026-09-06T12:31:23","date_gmt":"2026-09-06T15:31:23","guid":{"rendered":"https:\/\/cdnoticias.com\/?p=213986"},"modified":"2026-09-06T12:31:25","modified_gmt":"2026-09-06T15:31:25","slug":"ruta-226-cuatro-personas-heridas-tras-un-violento-choque","status":"publish","type":"post","link":"https:\/\/cdnoticias.com\/index.php\/2026\/09\/06\/ruta-226-cuatro-personas-heridas-tras-un-violento-choque\/","title":{"rendered":"Ruta 226: cuatro personas heridas tras un violento choque\u00a0"},"content":{"rendered":"\n<p>El siniestro ocurri\u00f3 este domingo a la altura del kil\u00f3metro 287, en el tramo comprendido entre Ruta 51 y el acceso a Sierras Bayas. Intervinieron polic\u00edas, bomberos y Polic\u00eda Cient\u00edfica.<\/p>\n\n\n\n<hr class=\"wp-block-separator aligncenter has-alpha-channel-opacity\"\/>\n\n\n\n<p>Una<strong> camioneta Toyota y un autom\u00f3vil Renault 12 <\/strong>protagonizaron este domingo un <strong>choque sobre la Ruta Nacional 226, a la altura del kil\u00f3metro 287, en el tramo comprendido entre Ruta 51 y el acceso a Sierras Bayas.&nbsp;<\/strong><\/p>\n\n\n\n<p><\/p>\n\n\n\n<p>Seg\u00fan se inform\u00f3, el hecho ocurri\u00f3 cuando, por circunstancias que son materia de investigaci\u00f3n, <strong>la camioneta Toyota Hilux donde circulaban dos personas embisti\u00f3 por alcance al autom\u00f3vil Renault 12 donde viajaban un hombre, una mujer y una menor de 14 a\u00f1os en direcci\u00f3n a Olavarr\u00eda.&nbsp;<\/strong><\/p>\n\n\n\n<p><\/p>\n\n\n\n<figure class=\"wp-block-image aligncenter size-full\"><img data-recalc-dims=\"1\" loading=\"lazy\" decoding=\"async\" width=\"800\" height=\"450\" src=\"https:\/\/i0.wp.com\/cdnoticias.com\/wp-content\/uploads\/2026\/09\/choque-ruta226-sierrasbayas1.jpg?resize=800%2C450&#038;ssl=1\" alt=\"\" class=\"wp-image-213988\" srcset=\"https:\/\/i0.wp.com\/cdnoticias.com\/wp-content\/uploads\/2026\/09\/choque-ruta226-sierrasbayas1.jpg?w=900&amp;ssl=1 900w, https:\/\/i0.wp.com\/cdnoticias.com\/wp-content\/uploads\/2026\/09\/choque-ruta226-sierrasbayas1.jpg?resize=300%2C169&amp;ssl=1 300w, https:\/\/i0.wp.com\/cdnoticias.com\/wp-content\/uploads\/2026\/09\/choque-ruta226-sierrasbayas1.jpg?resize=768%2C432&amp;ssl=1 768w\" sizes=\"auto, (max-width: 800px) 100vw, 800px\" \/><\/figure>\n\n\n\n<p><\/p>\n\n\n\n<p>En detalle, el <strong>autom\u00f3vil Renault 12 cay\u00f3 a la cuneta y volc\u00f3<\/strong> provocando que tres ocupantes salieran despedidos del veh\u00edculo.&nbsp;A ra\u00edz del impacto, c<strong>uatro personas heridas fueron trasladadas a un centro asistencial para recibir atenci\u00f3n m\u00e9dica<\/strong>. En el lugar trabajaron <strong>efectivos policiales, personal de Polic\u00eda Cient\u00edfica y bomberos.<\/strong><\/p>\n\n\n\n<p><\/p>\n\n\n\n<p>Por disposici\u00f3n del Ministerio P\u00fablico Fiscal (MPF) en turno, se solicitaron las diligencias de rigor y el <strong>secuestro de los rodados involucrados. <\/strong>En tanto, <strong>la ruta qued\u00f3 liberada al tr\u00e1nsito por un carril.<\/strong><\/p>\n\n\n\n<p><\/p>\n\n\n\n<p>Las actuaciones fueron caratuladas <strong>\u201cLesiones culposas\u201d<\/strong>, con intervenci\u00f3n de la <strong>UFI N\u00b0 10<\/strong> (Unidad Fiscal de Investigaci\u00f3n).<\/p>\n\n\n\n<p><\/p>\n\n\n\n<p><strong><em>Fotos: En Linea Noticias <\/em><\/strong><\/p>\n\n\n\n<p><\/p>\n","protected":false},"excerpt":{"rendered":"<p>El siniestro ocurri\u00f3 este domingo a la altura del kil\u00f3metro 287, en el tramo comprendido entre Ruta 51 y el<\/p>\n","protected":false},"author":6,"featured_media":213989,"comment_status":"closed","ping_status":"closed","sticky":false,"template":"","format":"standard","meta":{"_xspeed_no_cache":false,"_xspeed_expiry_hours":0,"_jetpack_memberships_contains_paid_content":false,"footnotes":""},"categories":[7,14],"tags":[],"class_list":["post-213986","post","type-post","status-publish","format-standard","has-post-thumbnail","hentry","category-central","category-policiales"],"jetpack_featured_media_url":"https:\/\/i0.wp.com\/cdnoticias.com\/wp-content\/uploads\/2026\/09\/choque-ruta226-sierrasbayas.jpg?fit=900%2C506&ssl=1","jetpack_sharing_enabled":true,"_links":{"self":[{"href":"https:\/\/cdnoticias.com\/index.php\/wp-json\/wp\/v2\/posts\/213986","targetHints":{"allow":["GET"]}}],"collection":[{"href":"https:\/\/cdnoticias.com\/index.php\/wp-json\/wp\/v2\/posts"}],"about":[{"href":"https:\/\/cdnoticias.com\/index.php\/wp-json\/wp\/v2\/types\/post"}],"author":[{"embeddable":true,"href":"https:\/\/cdnoticias.com\/index.php\/wp-json\/wp\/v2\/users\/6"}],"replies":[{"embeddable":true,"href":"https:\/\/cdnoticias.com\/index.php\/wp-json\/wp\/v2\/comments?post=213986"}],"version-history":[{"count":3,"href":"https:\/\/cdnoticias.com\/index.php\/wp-json\/wp\/v2\/posts\/213986\/revisions"}],"predecessor-version":[{"id":213991,"href":"https:\/\/cdnoticias.com\/index.php\/wp-json\/wp\/v2\/posts\/213986\/revisions\/213991"}],"wp:featuredmedia":[{"embeddable":true,"href":"https:\/\/cdnoticias.com\/index.php\/wp-json\/wp\/v2\/media\/213989"}],"wp:attachment":[{"href":"https:\/\/cdnoticias.com\/index.php\/wp-json\/wp\/v2\/media?parent=213986"}],"wp:term":[{"taxonomy":"category","embeddable":true,"href":"https:\/\/cdnoticias.com\/index.php\/wp-json\/wp\/v2\/categories?post=213986"},{"taxonomy":"post_tag","embeddable":true,"href":"https:\/\/cdnoticias.com\/index.php\/wp-json\/wp\/v2\/tags?post=213986"}],"curies":[{"name":"wp","href":"https:\/\/api.w.org\/{rel}","templated":true}]}}