{"id":213976,"date":"2026-09-06T17:38:57","date_gmt":"2026-09-06T20:38:57","guid":{"rendered":"https:\/\/cdnoticias.com\/?p=213976"},"modified":"2026-09-06T17:38:59","modified_gmt":"2026-09-06T20:38:59","slug":"jovenes-de-la-lista-amarilla-conduccion-realizaron-una-colecta-solidaria-por-el-dia-de-las-infancias","status":"publish","type":"post","link":"https:\/\/cdnoticias.com\/index.php\/2026\/09\/06\/jovenes-de-la-lista-amarilla-conduccion-realizaron-una-colecta-solidaria-por-el-dia-de-las-infancias\/","title":{"rendered":"J\u00f3venes de la Lista Amarilla Conducci\u00f3n realizaron una colecta solidaria por el D\u00eda de las Infancias\u00a0"},"content":{"rendered":"\n<p>La iniciativa permiti\u00f3 reunir recursos para preparar m\u00e1s de 400 bolsitas de golosinas. Las entregas alcanzaron a instituciones y espacios comunitarios de distintos barrios.<\/p>\n\n\n\n<hr class=\"wp-block-separator aligncenter has-alpha-channel-opacity\"\/>\n\n\n\n<p><strong>J\u00f3venes de la Lista Amarilla Conducci\u00f3n <\/strong>llevaron adelante una<strong> colecta solidaria en el marco de las celebraciones por el D\u00eda de las Infancias, <\/strong>con el objetivo de <strong>agasajar a ni\u00f1os y ni\u00f1as de distintos sectores de la ciudad.<\/strong><\/p>\n\n\n\n<p><\/p>\n\n\n\n<p>A partir del <strong>aporte voluntario de numerosos colaboradores<\/strong>, lograron reunir los recursos necesarios para preparar y <strong>distribuir m\u00e1s de 400 bolsitas de golosinas.<\/strong><\/p>\n\n\n\n<p><\/p>\n\n\n\n<p>La respuesta obtenida durante la colecta permiti\u00f3 ampliar el alcance de la iniciativa respecto de las estimaciones iniciales. De esta manera, <strong>las entregas llegaron a distintos espacios comunitarios.<\/strong><\/p>\n\n\n\n<p><\/p>\n\n\n\n<figure class=\"wp-block-image aligncenter size-full\"><img data-recalc-dims=\"1\" loading=\"lazy\" decoding=\"async\" width=\"800\" height=\"428\" src=\"https:\/\/i0.wp.com\/cdnoticias.com\/wp-content\/uploads\/2026\/09\/jovenes-lista-amarilla2.jpg?resize=800%2C428&#038;ssl=1\" alt=\"\" class=\"wp-image-213979\" srcset=\"https:\/\/i0.wp.com\/cdnoticias.com\/wp-content\/uploads\/2026\/09\/jovenes-lista-amarilla2.jpg?w=900&amp;ssl=1 900w, https:\/\/i0.wp.com\/cdnoticias.com\/wp-content\/uploads\/2026\/09\/jovenes-lista-amarilla2.jpg?resize=300%2C160&amp;ssl=1 300w, https:\/\/i0.wp.com\/cdnoticias.com\/wp-content\/uploads\/2026\/09\/jovenes-lista-amarilla2.jpg?resize=768%2C410&amp;ssl=1 768w\" sizes=\"auto, (max-width: 800px) 100vw, 800px\" \/><\/figure>\n\n\n\n<p><\/p>\n\n\n\n<blockquote class=\"wp-block-quote is-layout-flow wp-block-quote-is-layout-flow\">\n<p>Durante las diferentes jornadas, las y los j\u00f3venes visitaron el CEF N\u00b0 44 del Barrio Ceco, la Sociedad de Fomento Hip\u00f3lito Yrigoyen, el Merendero del Barrio Trabajadores y la Capilla Inmaculada Concepci\u00f3n.<\/p>\n<\/blockquote>\n\n\n\n<p><\/p>\n\n\n\n<p>En la<strong> Sociedad de Fomento Hip\u00f3lito Yrigoyen,<\/strong> su presidente, Oscar Atencio, <strong>recibi\u00f3 a los integrantes de la iniciativa y agradeci\u00f3 el acompa\u00f1amiento.<\/strong><\/p>\n\n\n\n<p><\/p>\n\n\n\n<p>Desde la juventud de la Lista Amarilla Conducci\u00f3n expresaron su agradecimiento a las personas que colaboraron con la colecta y destacaron el valor de la solidaridad y los principios del cooperativismo como parte de los gestos cotidianos.<\/p>\n\n\n\n<p><\/p>\n\n\n\n<figure class=\"wp-block-image aligncenter size-full\"><img data-recalc-dims=\"1\" loading=\"lazy\" decoding=\"async\" width=\"800\" height=\"458\" src=\"https:\/\/i0.wp.com\/cdnoticias.com\/wp-content\/uploads\/2026\/09\/jovenes-lista-amarilla3.jpg?resize=800%2C458&#038;ssl=1\" alt=\"\" class=\"wp-image-213978\" srcset=\"https:\/\/i0.wp.com\/cdnoticias.com\/wp-content\/uploads\/2026\/09\/jovenes-lista-amarilla3.jpg?w=900&amp;ssl=1 900w, https:\/\/i0.wp.com\/cdnoticias.com\/wp-content\/uploads\/2026\/09\/jovenes-lista-amarilla3.jpg?resize=300%2C172&amp;ssl=1 300w, https:\/\/i0.wp.com\/cdnoticias.com\/wp-content\/uploads\/2026\/09\/jovenes-lista-amarilla3.jpg?resize=768%2C439&amp;ssl=1 768w\" sizes=\"auto, (max-width: 800px) 100vw, 800px\" \/><\/figure>\n\n\n\n<p><\/p>\n\n\n\n<p>Asimismo, se\u00f1alaron que la iniciativa reafirma el compromiso de continuar trabajando de manera cercana y articulada con los distintos barrios de la ciudad.<\/p>\n","protected":false},"excerpt":{"rendered":"<p>La iniciativa permiti\u00f3 reunir recursos para preparar m\u00e1s de 400 bolsitas de golosinas. Las entregas alcanzaron a instituciones y espacios<\/p>\n","protected":false},"author":6,"featured_media":213980,"comment_status":"closed","ping_status":"closed","sticky":false,"template":"","format":"standard","meta":{"_xspeed_no_cache":false,"_xspeed_expiry_hours":0,"_jetpack_memberships_contains_paid_content":false,"footnotes":""},"categories":[4,1],"tags":[],"class_list":["post-213976","post","type-post","status-publish","format-standard","has-post-thumbnail","hentry","category-politica","category-portada"],"jetpack_featured_media_url":"https:\/\/i0.wp.com\/cdnoticias.com\/wp-content\/uploads\/2026\/09\/jovenes-lista-amarilla1.jpg?fit=900%2C530&ssl=1","jetpack_sharing_enabled":true,"_links":{"self":[{"href":"https:\/\/cdnoticias.com\/index.php\/wp-json\/wp\/v2\/posts\/213976","targetHints":{"allow":["GET"]}}],"collection":[{"href":"https:\/\/cdnoticias.com\/index.php\/wp-json\/wp\/v2\/posts"}],"about":[{"href":"https:\/\/cdnoticias.com\/index.php\/wp-json\/wp\/v2\/types\/post"}],"author":[{"embeddable":true,"href":"https:\/\/cdnoticias.com\/index.php\/wp-json\/wp\/v2\/users\/6"}],"replies":[{"embeddable":true,"href":"https:\/\/cdnoticias.com\/index.php\/wp-json\/wp\/v2\/comments?post=213976"}],"version-history":[{"count":0,"href":"https:\/\/cdnoticias.com\/index.php\/wp-json\/wp\/v2\/posts\/213976\/revisions"}],"wp:featuredmedia":[{"embeddable":true,"href":"https:\/\/cdnoticias.com\/index.php\/wp-json\/wp\/v2\/media\/213980"}],"wp:attachment":[{"href":"https:\/\/cdnoticias.com\/index.php\/wp-json\/wp\/v2\/media?parent=213976"}],"wp:term":[{"taxonomy":"category","embeddable":true,"href":"https:\/\/cdnoticias.com\/index.php\/wp-json\/wp\/v2\/categories?post=213976"},{"taxonomy":"post_tag","embeddable":true,"href":"https:\/\/cdnoticias.com\/index.php\/wp-json\/wp\/v2\/tags?post=213976"}],"curies":[{"name":"wp","href":"https:\/\/api.w.org\/{rel}","templated":true}]}}