{"id":213944,"date":"2026-09-06T09:36:11","date_gmt":"2026-09-06T12:36:11","guid":{"rendered":"https:\/\/cdnoticias.com\/?p=213944"},"modified":"2026-09-06T12:31:39","modified_gmt":"2026-09-06T15:31:39","slug":"petehs-presento-un-proyecto-para-que-veteranos-de-malvinas-puedan-viajar-a-las-islas","status":"publish","type":"post","link":"https:\/\/cdnoticias.com\/index.php\/2026\/09\/06\/petehs-presento-un-proyecto-para-que-veteranos-de-malvinas-puedan-viajar-a-las-islas\/","title":{"rendered":"Petehs present\u00f3 un proyecto para que veteranos de Malvinas puedan viajar a las islas"},"content":{"rendered":"\n<p>El proyecto ya tom\u00f3 estado parlamentario y comenz\u00f3 a ser analizado en comisiones. El concejal de Por M\u00e1s Libertad se\u00f1al\u00f3 que mantuvo reuniones con veteranos de guerra antes de presentar el proyecto y que fueron los primeros en conocer la iniciativa.<\/p>\n\n\n\n<hr class=\"wp-block-separator aligncenter has-alpha-channel-opacity\"\/>\n\n\n\n<p>El<strong> concejal que integra el bloque de Por M\u00e1s Libertad<\/strong>, <strong>Marcelo Petehs present\u00f3 un proyecto de ordenanza<\/strong> para establecer un <strong>programa de viajes de reconocimiento destinado a veteranos de la Guerra de Malvinas de Olavarr\u00eda que deseen regresar a las islas.<\/strong><\/p>\n\n\n\n<p><\/p>\n\n\n\n<p>En dialog\u00f3 con <em>Radio Sapiens, <\/em>explic\u00f3 que la propuesta busca que los excombatientes tengan la posibilidad de volver a recorrer los lugares donde combatieron, a partir de un programa que, seg\u00fan explic\u00f3 Petehs, no quede sujeto a la decisi\u00f3n del gobierno municipal de turno.<\/p>\n\n\n\n<p><\/p>\n\n\n\n<p>El concejal record\u00f3 que <strong>durante la gesti\u00f3n de Jos\u00e9 Eseverri se realizaron cinco viajes<\/strong>, en los que participaron doce veteranos de guerra. Posteriormente, durante <strong>la gesti\u00f3n de Ezequiel Galli,<\/strong> se anunci\u00f3 la continuidad de la iniciativa y se concret\u00f3 un viaje en el que participaron otros dos veteranos, aunque <strong>luego el programa qued\u00f3 interrumpido.<\/strong><\/p>\n\n\n\n<p><\/p>\n\n\n\n<blockquote class=\"wp-block-quote is-layout-flow wp-block-quote-is-layout-flow\">\n<p>Petehs explic\u00f3 que decidi\u00f3 impulsar una ordenanza para garantizar la continuidad del programa y completar la posibilidad de que los veteranos interesados puedan realizar el viaje asegurando como m\u00ednimo el traslado anual de 2 veteranos. <\/p>\n<\/blockquote>\n\n\n\n<p><\/p>\n\n\n\n<p>La iniciativa tambi\u00e9n prev\u00e9<strong> establecer un orden de prioridad entre los veteranos que quieran viajar.<\/strong> El criterio, explic\u00f3 el edil, contempla que se trata de personas adultas mayores y que algunos atraviesan problemas de salud, por lo que las posibilidades de concretar el viaje pueden variar. Al mismo tiempo, remarc\u00f3 que<strong> la participaci\u00f3n ser\u00e1 voluntaria, ya que algunos veteranos manifestaron que no tienen intenci\u00f3n de regresar a las islas.<\/strong><\/p>\n\n\n\n<p><\/p>\n\n\n\n<p>Petehs se\u00f1al\u00f3 que<strong> mantuvo reuniones con veteranos de guerra de la agrupaci\u00f3n &#8220;2 de Abril&#8221;<\/strong> antes de presentar el proyecto y que <strong>fueron los primeros en conocer la iniciativa.<\/strong><\/p>\n\n\n\n<p><\/p>\n\n\n\n<blockquote class=\"wp-block-quote is-layout-flow wp-block-quote-is-layout-flow\">\n<p>El concejal vincul\u00f3 adem\u00e1s la presentaci\u00f3n con la necesidad de sostener la \u201cmalvinizaci\u00f3n\u201d durante todo el a\u00f1o y no \u00fanicamente durante las conmemoraciones del 2 de abril. En ese sentido, record\u00f3 el planteo realizado durante el \u00faltimo acto por una integrante de la agrupaci\u00f3n Hijos de Veteranos, quien pidi\u00f3 a la dirigencia pol\u00edtica no limitar los reconocimientos a esa fecha.<\/p>\n<\/blockquote>\n\n\n\n<p><\/p>\n\n\n\n<p>El proyecto ya tom\u00f3 estado parlamentario y comenz\u00f3 su tratamiento en las comisiones del Concejo Deliberante. <strong>Petehs indic\u00f3 que recientemente fue analizado en la Comisi\u00f3n de Hacienda, donde tuvo una recepci\u00f3n favorable.<\/strong><\/p>\n\n\n\n<p><\/p>\n\n\n\n<p>Uno de los aspectos que deber\u00e1 definirse durante el tratamiento es el <strong>mecanismo de financiamiento del programa. <\/strong>El concejal <strong>plante\u00f3 que el Municipio destine una partida espec\u00edfica para solventar los viajes y mencion\u00f3 como alternativas la revisi\u00f3n de gastos considerados superfluos o la implementaci\u00f3n de mecanismos de aportes voluntarios.<\/strong><\/p>\n\n\n\n<p><\/p>\n\n\n\n<p>El proyecto continuar\u00e1 su tratamiento legislativo, con la posibilidad de que los veteranos participen de las instancias correspondientes para aportar su mirada y que los dem\u00e1s concejales puedan interiorizarse sobre la propuesta.<\/p>\n","protected":false},"excerpt":{"rendered":"<p>El proyecto ya tom\u00f3 estado parlamentario y comenz\u00f3 a ser analizado en comisiones. El concejal de Por M\u00e1s Libertad se\u00f1al\u00f3<\/p>\n","protected":false},"author":6,"featured_media":213948,"comment_status":"closed","ping_status":"closed","sticky":false,"template":"","format":"standard","meta":{"_xspeed_no_cache":false,"_xspeed_expiry_hours":0,"_jetpack_memberships_contains_paid_content":false,"footnotes":""},"categories":[4,1],"tags":[],"class_list":["post-213944","post","type-post","status-publish","format-standard","has-post-thumbnail","hentry","category-politica","category-portada"],"jetpack_featured_media_url":"https:\/\/i0.wp.com\/cdnoticias.com\/wp-content\/uploads\/2026\/09\/pormaslibertad-marcelopetehs-proyectomalvinas.jpeg?fit=1078%2C673&ssl=1","jetpack_sharing_enabled":true,"_links":{"self":[{"href":"https:\/\/cdnoticias.com\/index.php\/wp-json\/wp\/v2\/posts\/213944","targetHints":{"allow":["GET"]}}],"collection":[{"href":"https:\/\/cdnoticias.com\/index.php\/wp-json\/wp\/v2\/posts"}],"about":[{"href":"https:\/\/cdnoticias.com\/index.php\/wp-json\/wp\/v2\/types\/post"}],"author":[{"embeddable":true,"href":"https:\/\/cdnoticias.com\/index.php\/wp-json\/wp\/v2\/users\/6"}],"replies":[{"embeddable":true,"href":"https:\/\/cdnoticias.com\/index.php\/wp-json\/wp\/v2\/comments?post=213944"}],"version-history":[{"count":5,"href":"https:\/\/cdnoticias.com\/index.php\/wp-json\/wp\/v2\/posts\/213944\/revisions"}],"predecessor-version":[{"id":213950,"href":"https:\/\/cdnoticias.com\/index.php\/wp-json\/wp\/v2\/posts\/213944\/revisions\/213950"}],"wp:featuredmedia":[{"embeddable":true,"href":"https:\/\/cdnoticias.com\/index.php\/wp-json\/wp\/v2\/media\/213948"}],"wp:attachment":[{"href":"https:\/\/cdnoticias.com\/index.php\/wp-json\/wp\/v2\/media?parent=213944"}],"wp:term":[{"taxonomy":"category","embeddable":true,"href":"https:\/\/cdnoticias.com\/index.php\/wp-json\/wp\/v2\/categories?post=213944"},{"taxonomy":"post_tag","embeddable":true,"href":"https:\/\/cdnoticias.com\/index.php\/wp-json\/wp\/v2\/tags?post=213944"}],"curies":[{"name":"wp","href":"https:\/\/api.w.org\/{rel}","templated":true}]}}