{"id":213927,"date":"2026-09-06T11:30:34","date_gmt":"2026-09-06T14:30:34","guid":{"rendered":"https:\/\/cdnoticias.com\/?p=213927"},"modified":"2026-09-06T11:30:36","modified_gmt":"2026-09-06T14:30:36","slug":"la-fio-en-el-debate-internacional-sobre-ia-en-salud","status":"publish","type":"post","link":"https:\/\/cdnoticias.com\/index.php\/2026\/09\/06\/la-fio-en-el-debate-internacional-sobre-ia-en-salud\/","title":{"rendered":"La FIO en el debate internacional sobre IA en salud"},"content":{"rendered":"\n<p>El bioingeniero Pedro Escobar particip\u00f3 como coordinador y disertante del CAIS 2026. El evento se desarroll\u00f3 en modalidad h\u00edbrida del 10 al 12 de agosto en la Universidad Tecnol\u00f3gica Nacional (en La Plata) y reuni\u00f3 a m\u00e1s de 300 especialistas de distintos pa\u00edses.<\/p>\n\n\n\n<hr class=\"wp-block-separator aligncenter has-alpha-channel-opacity\"\/>\n\n\n\n<p>La <strong>Facultad de Ingenier\u00eda de Olavarr\u00eda (<\/strong>UNICEN) tuvo presencia destacada en el <strong>Congreso Argentino de Inform\u00e1tica y Salud, <\/strong>donde se discutieron los desaf\u00edos de esta tecnolog\u00eda aplicada a los datos sanitarios y la necesidad de avanzar en pol\u00edticas de gobernanza. Tambi\u00e9n se analiz\u00f3 el uso transversal por parte de algunas universidades argentinas.<\/p>\n\n\n\n<p><\/p>\n\n\n\n<p><strong><em>\u201cEl encuentro estuvo enfocado en la inteligencia artificial aplicada al tratamiento de los datos en salud. El desaf\u00edo es legal y \u00e9tico. Hablamos mucho de gobernanza de los datos. \u00bfDe qu\u00e9 manera los gestionamos, a qui\u00e9n le pertenecen, c\u00f3mo garantizamos la seguridad de la informaci\u00f3n?\u201d, <\/em><\/strong>expres\u00f3 el <strong>bioingeniero Pedro Escobar<\/strong>, docente de Electromedicina en la FIO, durante su intervenci\u00f3n en el Congreso Argentino de Inform\u00e1tica y Salud (CAIS).<\/p>\n\n\n\n<p><\/p>\n\n\n\n<blockquote class=\"wp-block-quote is-layout-flow wp-block-quote-is-layout-flow\">\n<p>El evento se desarroll\u00f3 en modalidad h\u00edbrida del 10 al 12 de agosto en la Universidad Tecnol\u00f3gica Nacional (en La Plata) y reuni\u00f3 a m\u00e1s de 300 especialistas de distintos pa\u00edses.<\/p>\n<\/blockquote>\n\n\n\n<p><\/p>\n\n\n\n<p>La coordinaci\u00f3n de Escobar permiti\u00f3 que la FIO se proyecte en un espacio donde convergieron referentes de la Organizaci\u00f3n Panamericana de Salud (OPS), las Red Centroamericana de Inform\u00e1tica en Salud (RECAINSA) y autoridades sanitarias de Naci\u00f3n, Provincia y Ciudad de Buenos Aires.<\/p>\n\n\n\n<p><\/p>\n\n\n\n<p>Escobar es exinvestigador de la C\u00e1tedra UNESCO de Telemedicina en Espa\u00f1a, docente de la FIO (UNICEN) y de las universidades del Litoral, Entre R\u00edos y C\u00f3rdoba en \u00e1reas de inform\u00e1tica m\u00e9dica y tecnolog\u00edas m\u00f3viles. Coordin\u00f3 el CASI 2026 junto con el MSc. Lic. Nicolas Vilnitzky, especialista en Sistemas de Informaci\u00f3n en Salud y Coordinador de proyectos dentro de la Direcci\u00f3n General de Sistemas de Informaci\u00f3n Sanitaria de la Ciudad Aut\u00f3noma de Buenos Aires.<\/p>\n\n\n\n<p><\/p>\n\n\n\n<figure class=\"wp-block-image aligncenter size-full\"><img data-recalc-dims=\"1\" loading=\"lazy\" decoding=\"async\" width=\"800\" height=\"470\" src=\"https:\/\/i0.wp.com\/cdnoticias.com\/wp-content\/uploads\/2026\/09\/fio-escobar2.jpg?resize=800%2C470&#038;ssl=1\" alt=\"\" class=\"wp-image-213930\" srcset=\"https:\/\/i0.wp.com\/cdnoticias.com\/wp-content\/uploads\/2026\/09\/fio-escobar2.jpg?w=900&amp;ssl=1 900w, https:\/\/i0.wp.com\/cdnoticias.com\/wp-content\/uploads\/2026\/09\/fio-escobar2.jpg?resize=300%2C176&amp;ssl=1 300w, https:\/\/i0.wp.com\/cdnoticias.com\/wp-content\/uploads\/2026\/09\/fio-escobar2.jpg?resize=768%2C451&amp;ssl=1 768w\" sizes=\"auto, (max-width: 800px) 100vw, 800px\" \/><\/figure>\n\n\n\n<p><\/p>\n\n\n\n<p><strong>Gobernanza de datos y est\u00e1ndares internacionales<\/strong><\/p>\n\n\n\n<p>El eje central del congreso fue \u201c<strong>Integrando datos para una salud m\u00e1s inteligente y segura\u201d<\/strong>, con debates sobre interoperabilidad de historias cl\u00ednicas electr\u00f3nicas, est\u00e1ndares internacionales como HL7 y SNOMED CT, y la implementaci\u00f3n del Resumen Internacional de Paciente (IPS).<\/p>\n\n\n\n<p><\/p>\n\n\n\n<p>Respecto de este \u00faltimo soporte, Escobar coment\u00f3 que es un avance \u201cpr\u00e1cticamente resuelto\u201d y que ahora el desaf\u00edo es definir la infraestructura tecnol\u00f3gica para que esos datos est\u00e9n disponibles en emergencias. <\/p>\n\n\n\n<p><\/p>\n\n\n\n<blockquote class=\"wp-block-quote is-layout-flow wp-block-quote-is-layout-flow\">\n<p>\u201cNo es una historia cl\u00ednica, es un conjunto de datos m\u00ednimos para que te puedan atender de manera segura en cualquier parte del mundo. Es un tema de vital importancia que se viene discutiendo hace m\u00e1s de 20 a\u00f1os y ahora se logr\u00f3 el consenso y se est\u00e1n haciendo los esfuerzos para llevarlo a la pr\u00e1ctica\u201d, precis\u00f3.<\/p>\n<\/blockquote>\n\n\n\n<p><\/p>\n\n\n\n<p>En esa l\u00ednea y en funci\u00f3n de lo expuesto CAIS, Escobar valor\u00f3 que \u201c<strong>por primera vez todo el sistema sanitario del pa\u00eds se est\u00e1 alineando con las pol\u00edticas internacionales y los est\u00e1ndares\u201d<\/strong>, destacando la importancia de avanzar hacia sistemas robustos y compatibles.<\/p>\n\n\n\n<p><\/p>\n\n\n\n<figure class=\"wp-block-image aligncenter size-full\"><img data-recalc-dims=\"1\" loading=\"lazy\" decoding=\"async\" width=\"800\" height=\"495\" src=\"https:\/\/i0.wp.com\/cdnoticias.com\/wp-content\/uploads\/2026\/09\/fio-escobar3.jpg?resize=800%2C495&#038;ssl=1\" alt=\"\" class=\"wp-image-213929\" srcset=\"https:\/\/i0.wp.com\/cdnoticias.com\/wp-content\/uploads\/2026\/09\/fio-escobar3.jpg?w=899&amp;ssl=1 899w, https:\/\/i0.wp.com\/cdnoticias.com\/wp-content\/uploads\/2026\/09\/fio-escobar3.jpg?resize=300%2C186&amp;ssl=1 300w, https:\/\/i0.wp.com\/cdnoticias.com\/wp-content\/uploads\/2026\/09\/fio-escobar3.jpg?resize=768%2C475&amp;ssl=1 768w\" sizes=\"auto, (max-width: 800px) 100vw, 800px\" \/><\/figure>\n\n\n\n<p><\/p>\n\n\n\n<p><strong>\u00bfIA en las aulas?<\/strong><\/p>\n\n\n\n<p>El bioingeniero tambi\u00e9n abord\u00f3 la<strong> situaci\u00f3n respecto de lo que sucede en las aulas universitarias<\/strong> y sostuvo que a nivel FIO <strong><em>\u201clos docentes a\u00fan estamos aprendiendo c\u00f3mo y para qu\u00e9 usarla, ya que el principal fruto de las IAs es cuando las aplic\u00e1s objetivamente a resolver una tarea o a automatizar ciertos procesos\u201d<\/em><\/strong>. <\/p>\n\n\n\n<p><\/p>\n\n\n\n<blockquote class=\"wp-block-quote is-layout-flow wp-block-quote-is-layout-flow\">\n<p>En ese sentido, subray\u00f3 la conveniencia de avanzar para que \u201ctanto docentes como alumnos reciban una capacitaci\u00f3n de base para poder utilizar las herramientas de IA\u201d.<\/p>\n<\/blockquote>\n\n\n\n<p><\/p>\n\n\n\n<p>Precisamente, el congreso incluy\u00f3 una jornada dedicada a trabajos acad\u00e9micos, donde se expuso c\u00f3mo<strong> algunas universidades argentinas ya han incorporado la inteligencia artificial como asignatura transversal.<\/strong> Escobar remarc\u00f3 que este proceso \u201c<em>en alg\u00fan momento va a bajar a la secundaria porque cada estudiante tiene que estar preparado. Cuanto m\u00e1s nativo sea de lo tecnol\u00f3gico, m\u00e1s f\u00e1cil va a aprender y m\u00e1s responsable ser\u00e1 de su uso\u201d.<\/em><\/p>\n\n\n\n<p><\/p>\n\n\n\n<p><strong>Aplicaciones en hospitales regionales<\/strong><\/p>\n\n\n\n<p>En cuanto a los efectores de salud de la regi\u00f3n, el bioingeniero explic\u00f3 que \u201c<strong>s\u00f3lo se usa IA en hospitales cuando se compran equipos que vienen con IA incorporada, como algoritmos para la detecci\u00f3n autom\u00e1tica de patolog\u00edas<\/strong>. Por ejemplo, en ecograf\u00eda para hallar n\u00f3dulos en tiroides u ovarios, en mamograf\u00eda para detectar microcalcificaciones tempranas, en tomograf\u00eda para detectar hallazgos y marcar los estudios con estos hallazgos como prioritarios para que el m\u00e9dico radi\u00f3logo los revise primero\u201d.<strong>  Es decir, la IA se incorpora por tecnolog\u00eda y no como un objetivo de la gesti\u00f3n sanitaria.<\/strong><\/p>\n\n\n\n<p><\/p>\n\n\n\n<blockquote class=\"wp-block-quote is-layout-flow wp-block-quote-is-layout-flow\">\n<p>Adem\u00e1s, se\u00f1al\u00f3 que en los sistemas de informaci\u00f3n hospitalarios \u201cse pueden utilizar herramientas de IA para revisar en forma autom\u00e1tica y silenciosa todos los datos que se van generando en cada prestaci\u00f3n que se le hace a un paciente y de esta manera detectar indicadores de prevalencia de enfermedades, que llevan luego a identificar d\u00f3nde invertir los recursos para mejorar la atenci\u00f3n m\u00e9dica de esas enfermedades\u201d.<\/p>\n<\/blockquote>\n\n\n\n<p><\/p>\n\n\n\n<p>En s\u00edntesis, la participaci\u00f3n de Pedro Escobar permiti\u00f3 que la FIO se destaque en un espacio donde se discutieron pol\u00edticas de gobernanza de datos y aplicaciones de IA en salud. Su rol en la coordinaci\u00f3n reafirma el papel de la Facultad de Ingenier\u00eda de Olavarr\u00eda como motor acad\u00e9mico y cient\u00edfico en la transformaci\u00f3n digital de la salud.<\/p>\n\n\n\n<p><\/p>\n","protected":false},"excerpt":{"rendered":"<p>El bioingeniero Pedro Escobar particip\u00f3 como coordinador y disertante del CAIS 2026. El evento se desarroll\u00f3 en modalidad h\u00edbrida del<\/p>\n","protected":false},"author":6,"featured_media":213931,"comment_status":"closed","ping_status":"closed","sticky":false,"template":"","format":"standard","meta":{"_xspeed_no_cache":false,"_xspeed_expiry_hours":0,"_jetpack_memberships_contains_paid_content":false,"footnotes":""},"categories":[5,1],"tags":[],"class_list":["post-213927","post","type-post","status-publish","format-standard","has-post-thumbnail","hentry","category-informacion-general","category-portada"],"jetpack_featured_media_url":"https:\/\/i0.wp.com\/cdnoticias.com\/wp-content\/uploads\/2026\/09\/fio-escobar1.jpg?fit=1015%2C613&ssl=1","jetpack_sharing_enabled":true,"_links":{"self":[{"href":"https:\/\/cdnoticias.com\/index.php\/wp-json\/wp\/v2\/posts\/213927","targetHints":{"allow":["GET"]}}],"collection":[{"href":"https:\/\/cdnoticias.com\/index.php\/wp-json\/wp\/v2\/posts"}],"about":[{"href":"https:\/\/cdnoticias.com\/index.php\/wp-json\/wp\/v2\/types\/post"}],"author":[{"embeddable":true,"href":"https:\/\/cdnoticias.com\/index.php\/wp-json\/wp\/v2\/users\/6"}],"replies":[{"embeddable":true,"href":"https:\/\/cdnoticias.com\/index.php\/wp-json\/wp\/v2\/comments?post=213927"}],"version-history":[{"count":1,"href":"https:\/\/cdnoticias.com\/index.php\/wp-json\/wp\/v2\/posts\/213927\/revisions"}],"predecessor-version":[{"id":213974,"href":"https:\/\/cdnoticias.com\/index.php\/wp-json\/wp\/v2\/posts\/213927\/revisions\/213974"}],"wp:featuredmedia":[{"embeddable":true,"href":"https:\/\/cdnoticias.com\/index.php\/wp-json\/wp\/v2\/media\/213931"}],"wp:attachment":[{"href":"https:\/\/cdnoticias.com\/index.php\/wp-json\/wp\/v2\/media?parent=213927"}],"wp:term":[{"taxonomy":"category","embeddable":true,"href":"https:\/\/cdnoticias.com\/index.php\/wp-json\/wp\/v2\/categories?post=213927"},{"taxonomy":"post_tag","embeddable":true,"href":"https:\/\/cdnoticias.com\/index.php\/wp-json\/wp\/v2\/tags?post=213927"}],"curies":[{"name":"wp","href":"https:\/\/api.w.org\/{rel}","templated":true}]}}