{"id":213920,"date":"2026-09-05T19:19:30","date_gmt":"2026-09-05T22:19:30","guid":{"rendered":"https:\/\/cdnoticias.com\/?p=213920"},"modified":"2026-09-05T19:19:31","modified_gmt":"2026-09-05T22:19:31","slug":"ferro-presento-su-plantel-para-el-debut-en-el-regional-federal-amateur","status":"publish","type":"post","link":"https:\/\/cdnoticias.com\/index.php\/2026\/09\/05\/ferro-presento-su-plantel-para-el-debut-en-el-regional-federal-amateur\/","title":{"rendered":"Ferro present\u00f3 su plantel para el debut en el Regional Federal Amateur"},"content":{"rendered":"\n<p>El Carbonero mostr\u00f3 este viernes a los jugadores y la indumentaria que utilizar\u00e1 en el certamen. Este domingo recibir\u00e1 a Hurac\u00e1n de White en el estadio Domingo Colasurdo.<\/p>\n\n\n\n<hr class=\"wp-block-separator aligncenter has-alpha-channel-opacity\"\/>\n\n\n\n<p><strong>Ferro Carril Sud present\u00f3 este viernes por la tarde a su plantel<\/strong> y la <strong>nueva indumentaria<\/strong> que utilizar\u00e1 para afrontar el <strong>Torneo Regional Federal Amateur.<\/strong> La actividad se desarroll\u00f3 en el estadio Domingo Colasurdo.<\/p>\n\n\n\n<p><\/p>\n\n\n\n<blockquote class=\"wp-block-quote is-layout-flow wp-block-quote-is-layout-flow\">\n<p>El equipo olavarriense tendr\u00e1 su estreno este domingo, cuando reciba a Hurac\u00e1n de White en condici\u00f3n de local.<\/p>\n<\/blockquote>\n\n\n\n<p><\/p>\n\n\n\n<p>El encuentro <strong>comenzar\u00e1 a las 15:30 <\/strong>y se disputar\u00e1 en el <strong>estadio Domingo Colasurdo.<\/strong><\/p>\n\n\n\n<p><\/p>\n\n\n\n<p><em>\ud83d\udcf8 @verito_fotografias<\/em><\/p>\n","protected":false},"excerpt":{"rendered":"<p>El Carbonero mostr\u00f3 este viernes a los jugadores y la indumentaria que utilizar\u00e1 en el certamen. Este domingo recibir\u00e1 a<\/p>\n","protected":false},"author":6,"featured_media":213922,"comment_status":"closed","ping_status":"closed","sticky":false,"template":"","format":"standard","meta":{"_xspeed_no_cache":false,"_xspeed_expiry_hours":0,"_jetpack_memberships_contains_paid_content":false,"footnotes":""},"categories":[29],"tags":[],"class_list":["post-213920","post","type-post","status-publish","format-standard","has-post-thumbnail","hentry","category-deportes"],"jetpack_featured_media_url":"https:\/\/i0.wp.com\/cdnoticias.com\/wp-content\/uploads\/2026\/09\/ferro-plantel.jpg?fit=900%2C495&ssl=1","jetpack_sharing_enabled":true,"_links":{"self":[{"href":"https:\/\/cdnoticias.com\/index.php\/wp-json\/wp\/v2\/posts\/213920","targetHints":{"allow":["GET"]}}],"collection":[{"href":"https:\/\/cdnoticias.com\/index.php\/wp-json\/wp\/v2\/posts"}],"about":[{"href":"https:\/\/cdnoticias.com\/index.php\/wp-json\/wp\/v2\/types\/post"}],"author":[{"embeddable":true,"href":"https:\/\/cdnoticias.com\/index.php\/wp-json\/wp\/v2\/users\/6"}],"replies":[{"embeddable":true,"href":"https:\/\/cdnoticias.com\/index.php\/wp-json\/wp\/v2\/comments?post=213920"}],"version-history":[{"count":1,"href":"https:\/\/cdnoticias.com\/index.php\/wp-json\/wp\/v2\/posts\/213920\/revisions"}],"predecessor-version":[{"id":213952,"href":"https:\/\/cdnoticias.com\/index.php\/wp-json\/wp\/v2\/posts\/213920\/revisions\/213952"}],"wp:featuredmedia":[{"embeddable":true,"href":"https:\/\/cdnoticias.com\/index.php\/wp-json\/wp\/v2\/media\/213922"}],"wp:attachment":[{"href":"https:\/\/cdnoticias.com\/index.php\/wp-json\/wp\/v2\/media?parent=213920"}],"wp:term":[{"taxonomy":"category","embeddable":true,"href":"https:\/\/cdnoticias.com\/index.php\/wp-json\/wp\/v2\/categories?post=213920"},{"taxonomy":"post_tag","embeddable":true,"href":"https:\/\/cdnoticias.com\/index.php\/wp-json\/wp\/v2\/tags?post=213920"}],"curies":[{"name":"wp","href":"https:\/\/api.w.org\/{rel}","templated":true}]}}