{"id":213907,"date":"2026-09-05T17:35:37","date_gmt":"2026-09-05T20:35:37","guid":{"rendered":"https:\/\/cdnoticias.com\/?p=213907"},"modified":"2026-09-05T17:35:39","modified_gmt":"2026-09-05T20:35:39","slug":"silvio-rene-lopez-q-e-p-d","status":"publish","type":"post","link":"https:\/\/cdnoticias.com\/index.php\/2026\/09\/05\/silvio-rene-lopez-q-e-p-d\/","title":{"rendered":"Silvio Ren\u00e9 L\u00f3pez (Q.E.P.D.)"},"content":{"rendered":"\n<p>Falleci\u00f3 en Olavarr\u00eda el 5 de septiembre de 2026 a los 99 a\u00f1os.<\/p>\n\n\n\n<p>Su hija Silvia, sus nietos Luciano ,Laura ,Guillermo,Leonardo,Anabella, Nadia y Eliana. Sus bisnietos Tomas,Amara,Benjamin,Sofia, Agustina, Nina, Ciro y Lilian. Su hermana Rosa, sus sobrinos, familiares y amigos acompa\u00f1an su fallecimiento.<\/p>\n\n\n\n<p>Velatorio: Espa\u00f1a 2942, Departamento &#8220;D &#8220;. Comienza el s\u00e1bado 5 de septiembre a las 17:00 horas, cierra a las 21:00 horas y reabre el domingo 6 a las 8:00 horas. Responso: Capilla Ardiente. Inhumaci\u00f3n: Cementerio Loma De Paz, domingo 6 de septiembre a las 10:30 horas. Servicio adherido a Coopelectric.&nbsp;<\/p>\n\n\n\n<p>Barrio en el que viv\u00eda: Roca Merlo<\/p>\n\n\n\n<p>Lugar de nacimiento: Santiago Del Estero<\/p>\n\n\n\n<p>Actividad que desarrollaba: Jubilado<\/p>\n","protected":false},"excerpt":{"rendered":"<p>Falleci\u00f3 en Olavarr\u00eda el 5 de septiembre de 2026 a los 99 a\u00f1os. Su hija Silvia, sus nietos Luciano ,Laura<\/p>\n","protected":false},"author":6,"featured_media":51544,"comment_status":"closed","ping_status":"closed","sticky":false,"template":"","format":"standard","meta":{"_xspeed_no_cache":false,"_xspeed_expiry_hours":0,"_jetpack_memberships_contains_paid_content":false,"footnotes":""},"categories":[10],"tags":[],"class_list":["post-213907","post","type-post","status-publish","format-standard","has-post-thumbnail","hentry","category-necrologicas"],"jetpack_featured_media_url":"https:\/\/i0.wp.com\/cdnoticias.com\/wp-content\/uploads\/2022\/04\/necrologicas-390-x-240.jpg?fit=390%2C240&ssl=1","jetpack_sharing_enabled":true,"_links":{"self":[{"href":"https:\/\/cdnoticias.com\/index.php\/wp-json\/wp\/v2\/posts\/213907","targetHints":{"allow":["GET"]}}],"collection":[{"href":"https:\/\/cdnoticias.com\/index.php\/wp-json\/wp\/v2\/posts"}],"about":[{"href":"https:\/\/cdnoticias.com\/index.php\/wp-json\/wp\/v2\/types\/post"}],"author":[{"embeddable":true,"href":"https:\/\/cdnoticias.com\/index.php\/wp-json\/wp\/v2\/users\/6"}],"replies":[{"embeddable":true,"href":"https:\/\/cdnoticias.com\/index.php\/wp-json\/wp\/v2\/comments?post=213907"}],"version-history":[{"count":0,"href":"https:\/\/cdnoticias.com\/index.php\/wp-json\/wp\/v2\/posts\/213907\/revisions"}],"wp:featuredmedia":[{"embeddable":true,"href":"https:\/\/cdnoticias.com\/index.php\/wp-json\/wp\/v2\/media\/51544"}],"wp:attachment":[{"href":"https:\/\/cdnoticias.com\/index.php\/wp-json\/wp\/v2\/media?parent=213907"}],"wp:term":[{"taxonomy":"category","embeddable":true,"href":"https:\/\/cdnoticias.com\/index.php\/wp-json\/wp\/v2\/categories?post=213907"},{"taxonomy":"post_tag","embeddable":true,"href":"https:\/\/cdnoticias.com\/index.php\/wp-json\/wp\/v2\/tags?post=213907"}],"curies":[{"name":"wp","href":"https:\/\/api.w.org\/{rel}","templated":true}]}}