{"id":213904,"date":"2026-09-05T17:30:24","date_gmt":"2026-09-05T20:30:24","guid":{"rendered":"https:\/\/cdnoticias.com\/?p=213904"},"modified":"2026-09-05T17:30:25","modified_gmt":"2026-09-05T20:30:25","slug":"bomberos-voluntarios-de-olavarria-registro-103-intervenciones-durante-agosto","status":"publish","type":"post","link":"https:\/\/cdnoticias.com\/index.php\/2026\/09\/05\/bomberos-voluntarios-de-olavarria-registro-103-intervenciones-durante-agosto\/","title":{"rendered":"Bomberos Voluntarios de Olavarr\u00eda registr\u00f3 103 intervenciones durante agosto"},"content":{"rendered":"\n<p>El operativo involucr\u00f3 a 690 efectivos y demand\u00f3 190.266 minutos\/hombre de trabajo. El balance incluy\u00f3 incendios, auxilios, rescates, servicios especiales y guardias.<\/p>\n\n\n\n<hr class=\"wp-block-separator aligncenter has-alpha-channel-opacity\"\/>\n\n\n\n<p>Durante <strong>agosto de 2026,<\/strong> <strong>Bomberos Voluntarios de Olavarr\u00eda y sus destacamentos registraron un total de 103 intervenciones <\/strong>en el marco de sus tareas de respuesta y asistencia a la comunidad.<\/p>\n\n\n\n<p><\/p>\n\n\n\n<blockquote class=\"wp-block-quote is-layout-flow wp-block-quote-is-layout-flow\">\n<p>Seg\u00fan el balance operativo difundido por la instituci\u00f3n, del total de intervenciones se contabilizaron 12 incendios, 6 auxilios, 19 servicios especiales, 4 colaboraciones, 35 guardias, 3 comandos y 15 servicios t\u00e9cnicos, adem\u00e1s de otras intervenciones.<\/p>\n<\/blockquote>\n\n\n\n<p><\/p>\n\n\n\n<p>Durante el mes <strong>participaron 690 efectivos, que acumularon 190.266 minutos\/hombre de trabajo operativo.<\/strong> El informe tambi\u00e9n se\u00f1ala que <strong>se registraron 13 servicios relacionados con incendios, con intervenciones en viviendas, veh\u00edculos y otros tipos de siniestros<\/strong>. Adem\u00e1s<strong>, se realizaron 6 rescates,<\/strong> entre ellos <strong>asistencias a personas y actuaciones vinculadas con accidentes automovil\u00edsticos.<\/strong><\/p>\n\n\n\n<p><\/p>\n\n\n\n<p>Por \u00faltimo, desde Bomberos Voluntarios de Olavarr\u00eda destacaron que detr\u00e1s de las cifras se encuentran las horas de trabajo, capacitaci\u00f3n y compromiso de los bomberos y bomberas que prestaron servicio durante agosto.<\/p>\n\n\n\n<p><\/p>\n","protected":false},"excerpt":{"rendered":"<p>El operativo involucr\u00f3 a 690 efectivos y demand\u00f3 190.266 minutos\/hombre de trabajo. El balance incluy\u00f3 incendios, auxilios, rescates, servicios especiales<\/p>\n","protected":false},"author":6,"featured_media":4753,"comment_status":"closed","ping_status":"closed","sticky":false,"template":"","format":"standard","meta":{"_xspeed_no_cache":false,"_xspeed_expiry_hours":0,"_jetpack_memberships_contains_paid_content":false,"footnotes":""},"categories":[5,7],"tags":[],"class_list":["post-213904","post","type-post","status-publish","format-standard","has-post-thumbnail","hentry","category-informacion-general","category-central"],"jetpack_featured_media_url":"https:\/\/i0.wp.com\/cdnoticias.com\/wp-content\/uploads\/2020\/10\/bomberosvoluntarios02.jpg?fit=4608%2C3072&ssl=1","jetpack_sharing_enabled":true,"_links":{"self":[{"href":"https:\/\/cdnoticias.com\/index.php\/wp-json\/wp\/v2\/posts\/213904","targetHints":{"allow":["GET"]}}],"collection":[{"href":"https:\/\/cdnoticias.com\/index.php\/wp-json\/wp\/v2\/posts"}],"about":[{"href":"https:\/\/cdnoticias.com\/index.php\/wp-json\/wp\/v2\/types\/post"}],"author":[{"embeddable":true,"href":"https:\/\/cdnoticias.com\/index.php\/wp-json\/wp\/v2\/users\/6"}],"replies":[{"embeddable":true,"href":"https:\/\/cdnoticias.com\/index.php\/wp-json\/wp\/v2\/comments?post=213904"}],"version-history":[{"count":0,"href":"https:\/\/cdnoticias.com\/index.php\/wp-json\/wp\/v2\/posts\/213904\/revisions"}],"wp:featuredmedia":[{"embeddable":true,"href":"https:\/\/cdnoticias.com\/index.php\/wp-json\/wp\/v2\/media\/4753"}],"wp:attachment":[{"href":"https:\/\/cdnoticias.com\/index.php\/wp-json\/wp\/v2\/media?parent=213904"}],"wp:term":[{"taxonomy":"category","embeddable":true,"href":"https:\/\/cdnoticias.com\/index.php\/wp-json\/wp\/v2\/categories?post=213904"},{"taxonomy":"post_tag","embeddable":true,"href":"https:\/\/cdnoticias.com\/index.php\/wp-json\/wp\/v2\/tags?post=213904"}],"curies":[{"name":"wp","href":"https:\/\/api.w.org\/{rel}","templated":true}]}}