{"id":213882,"date":"2026-09-05T12:10:35","date_gmt":"2026-09-05T15:10:35","guid":{"rendered":"https:\/\/cdnoticias.com\/?p=213882"},"modified":"2026-09-05T12:10:36","modified_gmt":"2026-09-05T15:10:36","slug":"entra-en-vigencia-el-nuevo-regimen-penal-juvenil-que-baja-la-imputabilidad-a-los-14-anos","status":"publish","type":"post","link":"https:\/\/cdnoticias.com\/index.php\/2026\/09\/05\/entra-en-vigencia-el-nuevo-regimen-penal-juvenil-que-baja-la-imputabilidad-a-los-14-anos\/","title":{"rendered":"Entra en vigencia el nuevo r\u00e9gimen penal juvenil que baja la imputabilidad a los 14 a\u00f1os"},"content":{"rendered":"<p>El nuevo r\u00e9gimen penal juvenil, que establece la baja de la imputabilidad para menores a partir de los 14 a\u00f1os y nuevas penas, rige desde este s\u00e1bado 5 de septiembre.<\/p>\n\n\n<hr class=\"wp-block-separator has-alpha-channel-opacity\"\/>\n\n\n\n<!--more-->\n\n\n\n<p><strong>Desde este s\u00e1bado 5 de septiembre rige la Ley 27.801<\/strong>, <a href=\"https:\/\/cdnoticias.com\/index.php\/2026\/02\/28\/el-senado-aprobo-el-nuevo-regimen-penal-juvenil-y-bajo-la-edad-de-imputabilidad-a-14-anos\/\" target=\"_blank\" rel=\"noreferrer noopener\">aprobada en el Congreso en febrero pasad<\/a>o, establece nuevos lineamientos sobre los delitos cometidos por menores de edad. El nuevo\u00a0<strong>r\u00e9gimen penal juvenil<\/strong>\u00a0establece la baja de la <strong>imputabilidad para menores a partir de los 14 a\u00f1os<\/strong>, adem\u00e1s de nuevas penas.<\/p>\n\n\n\n<p><\/p>\n\n\n\n<p id=\"p-1788554297130-13075\">La Ley 27.801\/26 que modifica la normativa de la Ley 22.278 que reg\u00eda desde los a\u00f1os 80, brindando nuevos lineamientos sobre los delitos cometidos por menores de edad a partir de este 5 de septiembre,&nbsp;<strong>a 180 d\u00edas de su promulgaci\u00f3n<\/strong>.<\/p>\n\n\n\n<p><\/p>\n\n\n\n<p id=\"p-1788554297130-74825\">De acuerdo a los fundamentos de la ley, informa NA, este nuevo r\u00e9gimen busca \u201c<strong>fomentar en el adolescente imputado el sentido de la responsabilidad legal por sus actos&nbsp;<\/strong>y lograr su educaci\u00f3n, resocializaci\u00f3n e integraci\u00f3n social\u201d.<\/p>\n\n\n\n<p><\/p>\n\n\n\n<h2 class=\"wp-block-heading\" id=\"p-1788554297130-1107\">Cambios del nuevo r\u00e9gimen penal<\/h2>\n\n\n\n<p id=\"p-1788554297130-77905\"><\/p>\n\n\n\n<blockquote class=\"wp-block-quote is-layout-flow wp-block-quote-is-layout-flow\">\n<p id=\"p-1788554297130-77905\">Ahora los menores podr\u00e1n ser juzgados por delitos&nbsp;a partir de los 14 a\u00f1os, a diferencia de los 16 a\u00f1os de la ley anterior, con penas que van hasta los quince a\u00f1os. Adem\u00e1s, los padres o tutores ser\u00e1n civilmente responsables por los il\u00edcitos cometidos por ellos.<\/p>\n<\/blockquote>\n\n\n\n<p><\/p>\n\n\n\n<p id=\"p-1788554297130-2005\">Como suced\u00eda ya con la Ley 22,278,&nbsp;<strong>sigue prohibido \u201cdifundir nombres, sobrenombres<\/strong>, filiaci\u00f3n, parentesco o residencia del adolescente imputado, como tambi\u00e9n sus fotos o datos de identificaci\u00f3n\u201d.<\/p>\n\n\n\n<p><\/p>\n\n\n\n<p id=\"p-1788554297130-85628\">Por otra parte, los adolescentes que cometan delitos y sean juzgados podr\u00e1n ser\u00a0<strong>detenidos en dependencias acondicionadas especialmente para menores<\/strong>, sin compartir alojamiento con mayores de edad. Tambi\u00e9n tendr\u00e1n derecho a acceder a <strong>programas educativos<\/strong> para concluir sus estudios obligatorios, programas de formaci\u00f3n ciudadana para su inserci\u00f3n social, de capacitaci\u00f3n laboral y deportivos.<\/p>\n\n\n\n<p><\/p>\n\n\n\n<h2 class=\"wp-block-heading\" id=\"p-1788554297130-27592\">Las nuevas penas para los adolescentes<\/h2>\n\n\n\n<p><\/p>\n\n\n\n<ul id=\"p-1788554297130-81976\" class=\"wp-block-list\">\n<li>Amonestaciones<\/li>\n\n\n\n<li>Prohibici\u00f3n de contacto o de aproximarse a la v\u00edctima, su familia u otras personas<\/li>\n\n\n\n<li>Prohibici\u00f3n de conducci\u00f3n de veh\u00edculos<\/li>\n\n\n\n<li>Prohibici\u00f3n de concurrir a establecimientos o espect\u00e1culos, inclusive deportivos, musicales o culturales<\/li>\n\n\n\n<li>Prohibici\u00f3n de salir del pa\u00eds o del lugar en el cual reside<\/li>\n\n\n\n<li>Prestaci\u00f3n de servicios a la comunidad<\/li>\n\n\n\n<li>Monitoreo electr\u00f3nico con rastreador<\/li>\n\n\n\n<li>Reparaci\u00f3n integral del da\u00f1o a la v\u00edctima<\/li>\n\n\n\n<li>Penas privativas de libertad en su domicilio, un instituto abierto o un instituto especializado de detenci\u00f3n.<\/li>\n<\/ul>\n\n\n\n<p><\/p>\n\n\n\n<h2 class=\"wp-block-heading\" id=\"p-1788554297130-42649\">Algunas excepciones<\/h2>\n\n\n\n<p id=\"p-1788554297130-66750\"><strong>Se puede evitar la pena de prisi\u00f3n en dos ocasiones<\/strong>: si la pena no supera los 3 a\u00f1os; y si va de entre 3 a 10 a\u00f1os, pero solo en el caso que el delito no implique la muerte de la v\u00edctima, una grave violencia f\u00edsica o ps\u00edquica sobre las personas o si no tuviese otras condenas o procesos en curso.<\/p>\n\n\n\n<p><\/p>\n\n\n\n<p id=\"p-1788554297130-30897\">A su vez,&nbsp;<strong>cuando el joven haya cumplido dos tercios de la pena en detenci\u00f3n&nbsp;<\/strong>y se dieran las circunstancias previstas en el C\u00f3digo Penal para recibir la libertad condicional, podr\u00e1 continuar cumpliendo su sentencia con otra pena a las establecidas. Pero, ante el incumplimiento injustificado de una pena alternativa a la que recibi\u00f3 como condena,<strong>&nbsp;el juez deber\u00e1 modificarla por otra pena m\u00e1s severa<\/strong>.<\/p>\n\n\n\n<p><\/p>\n\n\n\n<p>Fuente: <em>Agencia DIB<\/em><\/p>\n\n\n\n<p><\/p>\n\n\n\n<figure class=\"wp-block-embed is-type-wp-embed is-provider-central-de-noticias-olavarr-a wp-block-embed-central-de-noticias-olavarr-a\"><div class=\"wp-block-embed__wrapper\">\n<blockquote class=\"wp-embedded-content\" data-secret=\"gst7oSuo5a\"><a href=\"https:\/\/cdnoticias.com\/index.php\/2026\/01\/30\/baja-de-la-edad-de-imputabilidad-es-una-decision-conscientemente-injusta\/\">Baja de la edad de imputabilidad: \u201cEs una decisi\u00f3n conscientemente injusta\u201d<\/a><\/blockquote><iframe loading=\"lazy\" class=\"wp-embedded-content\" sandbox=\"allow-scripts\" security=\"restricted\" style=\"position: absolute; visibility: hidden;\" title=\"&#8220;Baja de la edad de imputabilidad: \u201cEs una decisi\u00f3n conscientemente injusta\u201d&#8221; &#8212; Central de Noticias | Olavarr\u00eda\" src=\"https:\/\/cdnoticias.com\/index.php\/2026\/01\/30\/baja-de-la-edad-de-imputabilidad-es-una-decision-conscientemente-injusta\/embed\/#?secret=rEJs94Dbpx#?secret=gst7oSuo5a\" data-secret=\"gst7oSuo5a\" width=\"600\" height=\"338\" frameborder=\"0\" marginwidth=\"0\" marginheight=\"0\" scrolling=\"no\"><\/iframe>\n<\/div><\/figure>\n","protected":false},"excerpt":{"rendered":"<p>El nuevo r\u00e9gimen penal juvenil, que establece la baja de la imputabilidad para menores a partir de los 14 a\u00f1os<\/p>\n","protected":false},"author":4,"featured_media":213883,"comment_status":"closed","ping_status":"closed","sticky":false,"template":"","format":"standard","meta":{"_xspeed_no_cache":false,"_xspeed_expiry_hours":0,"_jetpack_memberships_contains_paid_content":false,"footnotes":""},"categories":[6,1],"tags":[],"class_list":["post-213882","post","type-post","status-publish","format-standard","has-post-thumbnail","hentry","category-nacionales","category-portada"],"jetpack_featured_media_url":"https:\/\/i0.wp.com\/cdnoticias.com\/wp-content\/uploads\/2026\/09\/imputabilidad-menores.jpg?fit=1000%2C533&ssl=1","jetpack_sharing_enabled":true,"_links":{"self":[{"href":"https:\/\/cdnoticias.com\/index.php\/wp-json\/wp\/v2\/posts\/213882","targetHints":{"allow":["GET"]}}],"collection":[{"href":"https:\/\/cdnoticias.com\/index.php\/wp-json\/wp\/v2\/posts"}],"about":[{"href":"https:\/\/cdnoticias.com\/index.php\/wp-json\/wp\/v2\/types\/post"}],"author":[{"embeddable":true,"href":"https:\/\/cdnoticias.com\/index.php\/wp-json\/wp\/v2\/users\/4"}],"replies":[{"embeddable":true,"href":"https:\/\/cdnoticias.com\/index.php\/wp-json\/wp\/v2\/comments?post=213882"}],"version-history":[{"count":1,"href":"https:\/\/cdnoticias.com\/index.php\/wp-json\/wp\/v2\/posts\/213882\/revisions"}],"predecessor-version":[{"id":213884,"href":"https:\/\/cdnoticias.com\/index.php\/wp-json\/wp\/v2\/posts\/213882\/revisions\/213884"}],"wp:featuredmedia":[{"embeddable":true,"href":"https:\/\/cdnoticias.com\/index.php\/wp-json\/wp\/v2\/media\/213883"}],"wp:attachment":[{"href":"https:\/\/cdnoticias.com\/index.php\/wp-json\/wp\/v2\/media?parent=213882"}],"wp:term":[{"taxonomy":"category","embeddable":true,"href":"https:\/\/cdnoticias.com\/index.php\/wp-json\/wp\/v2\/categories?post=213882"},{"taxonomy":"post_tag","embeddable":true,"href":"https:\/\/cdnoticias.com\/index.php\/wp-json\/wp\/v2\/tags?post=213882"}],"curies":[{"name":"wp","href":"https:\/\/api.w.org\/{rel}","templated":true}]}}