{"id":213877,"date":"2026-09-05T11:39:39","date_gmt":"2026-09-05T14:39:39","guid":{"rendered":"https:\/\/cdnoticias.com\/?p=213877"},"modified":"2026-09-05T11:39:41","modified_gmt":"2026-09-05T14:39:41","slug":"le-disparo-a-la-policia-mientras-huia-y-termino-arrestado","status":"publish","type":"post","link":"https:\/\/cdnoticias.com\/index.php\/2026\/09\/05\/le-disparo-a-la-policia-mientras-huia-y-termino-arrestado\/","title":{"rendered":"Le dispar\u00f3 a la polic\u00eda mientras hu\u00eda y termin\u00f3 arrestado"},"content":{"rendered":"<p>Ocurri\u00f3 este s\u00e1bado por la ma\u00f1ana en barrio Sarmiento Norte. La polic\u00eda respondi\u00f3 y el hombre qued\u00f3 herido.<\/p>\n\n\n<hr class=\"wp-block-separator has-alpha-channel-opacity\"\/>\n\n\n\n<!--more-->\n\n\n\n<p><strong>Este s\u00e1bado alrededor de las 11<\/strong> un hombre fue <strong>arrestado en inmediaciones de Cerrito y Rufino Fal <\/strong>acusado de haber cometido <strong>robos<\/strong> y <strong>atacar a efectivos policiales con disparos<\/strong> de un arma de fuego.<\/p>\n\n\n\n<p><\/p>\n\n\n\n<p>El violento episodio se inici\u00f3 con las<strong> averiguaciones por il\u00edcitos<\/strong> en los que se <strong>identific\u00f3 a un acusado<\/strong> quien inici\u00f3 <strong>una huida en moto<\/strong> que se extendi\u00f3 hasta Cerrito entre Rufino Fal y Merlo.<\/p>\n\n\n\n<p><\/p>\n\n\n\n<p>Hasta ese punto<strong> lo siguieron m\u00f3viles policiales<\/strong> en persecuci\u00f3n. All\u00ed el sospechoso<strong> dej\u00f3 el veh\u00edculo<\/strong> y continu\u00f3 su huida a la carrera.<\/p>\n\n\n\n<p><\/p>\n\n\n\n<blockquote class=\"wp-block-quote is-layout-flow wp-block-quote-is-layout-flow\">\n<p>En esa instancia dispar\u00f3 contra los polic\u00edas quienes tambi\u00e9n respondieron con disparos. Uno de ellos dio contra el hombre quien, herido, fue aprehendido. A ra\u00edz de esa lesi\u00f3n fue trasladado al Hospital Municipal.<\/p>\n<\/blockquote>\n\n\n\n<p><\/p>\n\n\n\n<p>En el lugar del hecho se registr\u00f3 un<strong> amplio despliegue policial <\/strong>para avanzar en las averiguaciones con las actuaciones de Polic\u00eda Cient\u00edfica.<\/p>\n\n\n\n<p><\/p>\n","protected":false},"excerpt":{"rendered":"<p>Ocurri\u00f3 este s\u00e1bado por la ma\u00f1ana en barrio Sarmiento Norte. La polic\u00eda respondi\u00f3 y el hombre qued\u00f3 herido.<\/p>\n","protected":false},"author":4,"featured_media":213878,"comment_status":"closed","ping_status":"closed","sticky":false,"template":"","format":"standard","meta":{"_xspeed_no_cache":false,"_xspeed_expiry_hours":0,"_jetpack_memberships_contains_paid_content":false,"footnotes":""},"categories":[7,14],"tags":[],"class_list":["post-213877","post","type-post","status-publish","format-standard","has-post-thumbnail","hentry","category-central","category-policiales"],"jetpack_featured_media_url":"https:\/\/i0.wp.com\/cdnoticias.com\/wp-content\/uploads\/2026\/09\/cerrito-y-rufino-fal-disparo-a-policia.jpg?fit=1000%2C556&ssl=1","jetpack_sharing_enabled":true,"_links":{"self":[{"href":"https:\/\/cdnoticias.com\/index.php\/wp-json\/wp\/v2\/posts\/213877","targetHints":{"allow":["GET"]}}],"collection":[{"href":"https:\/\/cdnoticias.com\/index.php\/wp-json\/wp\/v2\/posts"}],"about":[{"href":"https:\/\/cdnoticias.com\/index.php\/wp-json\/wp\/v2\/types\/post"}],"author":[{"embeddable":true,"href":"https:\/\/cdnoticias.com\/index.php\/wp-json\/wp\/v2\/users\/4"}],"replies":[{"embeddable":true,"href":"https:\/\/cdnoticias.com\/index.php\/wp-json\/wp\/v2\/comments?post=213877"}],"version-history":[{"count":1,"href":"https:\/\/cdnoticias.com\/index.php\/wp-json\/wp\/v2\/posts\/213877\/revisions"}],"predecessor-version":[{"id":213879,"href":"https:\/\/cdnoticias.com\/index.php\/wp-json\/wp\/v2\/posts\/213877\/revisions\/213879"}],"wp:featuredmedia":[{"embeddable":true,"href":"https:\/\/cdnoticias.com\/index.php\/wp-json\/wp\/v2\/media\/213878"}],"wp:attachment":[{"href":"https:\/\/cdnoticias.com\/index.php\/wp-json\/wp\/v2\/media?parent=213877"}],"wp:term":[{"taxonomy":"category","embeddable":true,"href":"https:\/\/cdnoticias.com\/index.php\/wp-json\/wp\/v2\/categories?post=213877"},{"taxonomy":"post_tag","embeddable":true,"href":"https:\/\/cdnoticias.com\/index.php\/wp-json\/wp\/v2\/tags?post=213877"}],"curies":[{"name":"wp","href":"https:\/\/api.w.org\/{rel}","templated":true}]}}