{"id":213874,"date":"2026-09-05T10:59:28","date_gmt":"2026-09-05T13:59:28","guid":{"rendered":"https:\/\/cdnoticias.com\/?p=213874"},"modified":"2026-09-05T10:59:34","modified_gmt":"2026-09-05T13:59:34","slug":"ate-quiere-discutir-suba-de-salarios-con-kicillof-de-manera-urgente","status":"publish","type":"post","link":"https:\/\/cdnoticias.com\/index.php\/2026\/09\/05\/ate-quiere-discutir-suba-de-salarios-con-kicillof-de-manera-urgente\/","title":{"rendered":"ATE quiere discutir suba de salarios con Kicillof de manera &#8220;urgente&#8221;"},"content":{"rendered":"<p>La organizaci\u00f3n gremial present\u00f3 un reclamo formal ante el ministerio de Trabajo. El \u00fatimo tramo del \u00faltimo acuerdo se pag\u00f3 este mes.<\/p>\n\n\n<hr class=\"wp-block-separator has-alpha-channel-opacity\"\/>\n\n\n\n<!--more-->\n\n\n\n<p>La <strong>Asociaci\u00f3n de Trabajadores del Estado (ATE) <\/strong>le pidi\u00f3 este viernes al <strong>gobernador Axel Kicillof<\/strong> la <strong>reapertura de las negociaciones salariales<\/strong> de cara al \u00faltimo tramo del a\u00f1o, luego de percibir el <strong>\u00faltimo incremento acordado, del 5%, <\/strong>correspondiente a agosto.<\/p>\n\n\n\n<p id=\"p-1788553663994-82285\"><\/p>\n\n\n\n<blockquote class=\"wp-block-quote is-layout-flow wp-block-quote-is-layout-flow\">\n<p>ATE present\u00f3 una nota al Director de Negociaci\u00f3n Colectiva del Ministerio de Trabajo, Juan Pablo Lorenzo, en la que reclaman la reapertura de la paritaria de manera \u201curgente\u201d para acordar un incremento para el \u00faltimo cuatrimestre.<\/p>\n<\/blockquote>\n\n\n\n<p><\/p>\n\n\n\n<p id=\"p-1788553663994-21422\">Kicillof hab\u00eda acordado con los estatales contempl\u00f3 una actualizaci\u00f3n acumulada del 7%, con un aumento del 5% para los salarios de julio y otro 2% en agosto, en un entendimiento que hab\u00eda incluido una<strong> cl\u00e1usula de revisi\u00f3n que es la que ahora quiere activar ATE<\/strong>.<\/p>\n\n\n\n<p><\/p>\n\n\n\n<p id=\"p-1788553663994-91467\">En la presentaci\u00f3n enviada al Ministerio de Trabajo bonaerense, ATE plante\u00f3 que el<strong> contexto econ\u00f3mico nacional<\/strong> y las <strong>restricciones sobre las cuentas provinciales <\/strong>repercuten directamente sobre los trabajadores.<\/p>\n\n\n\n<p><\/p>\n\n\n\n<p id=\"p-1788553663994-23524\">El sindicato cuestion\u00f3 particularmente el <strong>esquema fiscal impulsado por el gobierno de Javier Milei<\/strong> y sostuvo que el <strong>recorte de transferencias hacia las provincias<\/strong> impacta sobre las finanzas bonaerenses y, en consecuencia, sobre las <strong>condiciones de vida de los empleados p\u00fablicos<\/strong>.<\/p>\n\n\n\n<p><\/p>\n\n\n\n<p id=\"p-1788553663994-76598\">A ese escenario, agreg\u00f3 los <strong>incrementos registrados en tarifas y servicios esenciales<\/strong>, entre ellos transporte, electricidad, gas y agua. Para ATE, esos aumentos profundizaron el <strong>deterioro del poder adquisitivo y volvieron necesaria una nueva discusi\u00f3n salarial<\/strong>.<\/p>\n\n\n\n<p id=\"p-1788553663994-44663\"><\/p>\n\n\n\n<blockquote class=\"wp-block-quote is-layout-flow wp-block-quote-is-layout-flow\">\n<p>\u201cLa defensa del salario y de las condiciones de vida de los trabajadores debe constituir una prioridad\u201d, sostuvo el gremio en la carta enviada al Gobierno provincial, donde insisti\u00f3 con la necesidad de retomar la discusi\u00f3n salarial. ATE tambi\u00e9n puso el foco en el endeudamiento de los hogares y advirti\u00f3 que muchas familias ya recurren al cr\u00e9dito no para realizar inversiones o afrontar gastos extraordinarios, sino para cubrir necesidades b\u00e1sicas.<\/p>\n<\/blockquote>\n\n\n\n<p><\/p>\n\n\n\n<figure class=\"wp-block-embed is-type-wp-embed is-provider-central-de-noticias-olavarr-a wp-block-embed-central-de-noticias-olavarr-a\"><div class=\"wp-block-embed__wrapper\">\n<blockquote class=\"wp-embedded-content\" data-secret=\"bFTtpuxnun\"><a href=\"https:\/\/cdnoticias.com\/index.php\/2026\/09\/03\/morosidad-en-olavarria-menos-personas-endeudadas-pero-con-mayor-carga-individual\/\">Morosidad en Olavarr\u00eda: menos personas endeudadas, pero con mayor carga individual<\/a><\/blockquote><iframe loading=\"lazy\" class=\"wp-embedded-content\" sandbox=\"allow-scripts\" security=\"restricted\" style=\"position: absolute; visibility: hidden;\" title=\"&#8220;Morosidad en Olavarr\u00eda: menos personas endeudadas, pero con mayor carga individual&#8221; &#8212; Central de Noticias | Olavarr\u00eda\" src=\"https:\/\/cdnoticias.com\/index.php\/2026\/09\/03\/morosidad-en-olavarria-menos-personas-endeudadas-pero-con-mayor-carga-individual\/embed\/#?secret=UbS5Q8AT6l#?secret=bFTtpuxnun\" data-secret=\"bFTtpuxnun\" width=\"600\" height=\"338\" frameborder=\"0\" marginwidth=\"0\" marginheight=\"0\" scrolling=\"no\"><\/iframe>\n<\/div><\/figure>\n\n\n\n<p id=\"p-1788553663994-33432\"><\/p>\n\n\n\n<h2 class=\"wp-block-heading\">La revisi\u00f3n prevista para septiembre<\/h2>\n\n\n\n<p><\/p>\n\n\n\n<p id=\"p-1788553663994-8611\">En ese sentido, el sindicato afirm\u00f3 que <strong>existe un \u201cgrav\u00edsimo nivel de endeudamiento\u201d <\/strong>en las familias y sostuvo que el cr\u00e9dito dej\u00f3 de utilizarse para \u201ccapitalizarse o proyectar mejoras\u201d y pas\u00f3 a ser una herramienta para <a href=\"https:\/\/cdnoticias.com\/index.php\/2026\/08\/10\/estatales-endeudados-para-cubrir-necesidades-basicas-y-con-mas-de-un-trabajo\/\" target=\"_blank\" rel=\"noreferrer noopener\">afrontar gastos como<strong> los servicios, el alquiler o la alimentaci\u00f3n<\/strong><\/a>.<\/p>\n\n\n\n<p><\/p>\n\n\n\n<p id=\"p-1788553663994-98359\">En este contexto, ATE reclam\u00f3 al Gobierno provincial que realice los <strong>mayores esfuerzos posibles <\/strong>para sostener y recuperar el poder adquisitivo de los salarios estatales.<\/p>\n\n\n\n<p><\/p>\n\n\n\n<p id=\"p-1788553663994-95422\">La organizaci\u00f3n sindical remarc\u00f3 que la <strong>defensa de los ingresos y de las condiciones de vida de los trabajadores debe ser una prioridad <\/strong>y pidi\u00f3 retomar la mesa paritaria para encontrar respuestas para el \u00faltimo tramo del a\u00f1o.<\/p>\n\n\n\n<p><\/p>\n\n\n\n<p id=\"p-1788553663994-80762\">El pedido se da, adem\u00e1s, en el mes en que <strong>qued\u00f3 prevista la revisi\u00f3n del \u00faltimo acuerdo<\/strong>. Por eso, el gremio busca que la convocatoria no se extienda en el tiempo y que la negociaci\u00f3n salarial vuelva a quedar formalmente abierta durante septiembre.<\/p>\n\n\n\n<p><\/p>\n\n\n\n<p>Fuente: <em>Agencia DIB<\/em><\/p>\n\n\n\n<p><\/p>\n\n\n\n<figure class=\"wp-block-embed is-type-wp-embed is-provider-central-de-noticias-olavarr-a wp-block-embed-central-de-noticias-olavarr-a\"><div class=\"wp-block-embed__wrapper\">\n<blockquote class=\"wp-embedded-content\" data-secret=\"WZU958M8tB\"><a href=\"https:\/\/cdnoticias.com\/index.php\/2026\/08\/11\/tomar-deuda-para-comer-pagar-el-alquiler-y-los-servicios-radiografia-del-bonaerense\/\">Tomar deuda para comer, pagar el alquiler y los servicios: radiograf\u00eda del bonaerense<\/a><\/blockquote><iframe loading=\"lazy\" class=\"wp-embedded-content\" sandbox=\"allow-scripts\" security=\"restricted\" style=\"position: absolute; visibility: hidden;\" title=\"&#8220;Tomar deuda para comer, pagar el alquiler y los servicios: radiograf\u00eda del bonaerense&#8221; &#8212; Central de Noticias | Olavarr\u00eda\" src=\"https:\/\/cdnoticias.com\/index.php\/2026\/08\/11\/tomar-deuda-para-comer-pagar-el-alquiler-y-los-servicios-radiografia-del-bonaerense\/embed\/#?secret=IXz1cTpUgt#?secret=WZU958M8tB\" data-secret=\"WZU958M8tB\" width=\"600\" height=\"338\" frameborder=\"0\" marginwidth=\"0\" marginheight=\"0\" scrolling=\"no\"><\/iframe>\n<\/div><\/figure>\n\n\n\n<p><\/p>\n\n\n\n<figure class=\"wp-block-embed is-type-wp-embed is-provider-central-de-noticias-olavarr-a wp-block-embed-central-de-noticias-olavarr-a\"><div class=\"wp-block-embed__wrapper\">\n<blockquote class=\"wp-embedded-content\" data-secret=\"gIHy5o4UQO\"><a href=\"https:\/\/cdnoticias.com\/index.php\/2026\/08\/02\/un-informe-sostiene-que-seis-de-cada-diez-argentinos-se-endeudaron-para-cubrir-gastos-basicos\/\">Un informe sostiene que seis de cada diez argentinos se endeudaron para cubrir gastos b\u00e1sicos<\/a><\/blockquote><iframe loading=\"lazy\" class=\"wp-embedded-content\" sandbox=\"allow-scripts\" security=\"restricted\" style=\"position: absolute; visibility: hidden;\" title=\"&#8220;Un informe sostiene que seis de cada diez argentinos se endeudaron para cubrir gastos b\u00e1sicos&#8221; &#8212; Central de Noticias | Olavarr\u00eda\" src=\"https:\/\/cdnoticias.com\/index.php\/2026\/08\/02\/un-informe-sostiene-que-seis-de-cada-diez-argentinos-se-endeudaron-para-cubrir-gastos-basicos\/embed\/#?secret=H3gagIxnFn#?secret=gIHy5o4UQO\" data-secret=\"gIHy5o4UQO\" width=\"600\" height=\"338\" frameborder=\"0\" marginwidth=\"0\" marginheight=\"0\" scrolling=\"no\"><\/iframe>\n<\/div><\/figure>\n","protected":false},"excerpt":{"rendered":"<p>La organizaci\u00f3n gremial present\u00f3 un reclamo formal ante el ministerio de Trabajo. El \u00fatimo tramo del \u00faltimo acuerdo se pag\u00f3<\/p>\n","protected":false},"author":4,"featured_media":207179,"comment_status":"closed","ping_status":"closed","sticky":false,"template":"","format":"standard","meta":{"_xspeed_no_cache":false,"_xspeed_expiry_hours":0,"_jetpack_memberships_contains_paid_content":false,"footnotes":""},"categories":[7,6],"tags":[],"class_list":["post-213874","post","type-post","status-publish","format-standard","has-post-thumbnail","hentry","category-central","category-nacionales"],"jetpack_featured_media_url":"https:\/\/i0.wp.com\/cdnoticias.com\/wp-content\/uploads\/2026\/06\/paritarias.jpg?fit=900%2C576&ssl=1","jetpack_sharing_enabled":true,"_links":{"self":[{"href":"https:\/\/cdnoticias.com\/index.php\/wp-json\/wp\/v2\/posts\/213874","targetHints":{"allow":["GET"]}}],"collection":[{"href":"https:\/\/cdnoticias.com\/index.php\/wp-json\/wp\/v2\/posts"}],"about":[{"href":"https:\/\/cdnoticias.com\/index.php\/wp-json\/wp\/v2\/types\/post"}],"author":[{"embeddable":true,"href":"https:\/\/cdnoticias.com\/index.php\/wp-json\/wp\/v2\/users\/4"}],"replies":[{"embeddable":true,"href":"https:\/\/cdnoticias.com\/index.php\/wp-json\/wp\/v2\/comments?post=213874"}],"version-history":[{"count":1,"href":"https:\/\/cdnoticias.com\/index.php\/wp-json\/wp\/v2\/posts\/213874\/revisions"}],"predecessor-version":[{"id":213876,"href":"https:\/\/cdnoticias.com\/index.php\/wp-json\/wp\/v2\/posts\/213874\/revisions\/213876"}],"wp:featuredmedia":[{"embeddable":true,"href":"https:\/\/cdnoticias.com\/index.php\/wp-json\/wp\/v2\/media\/207179"}],"wp:attachment":[{"href":"https:\/\/cdnoticias.com\/index.php\/wp-json\/wp\/v2\/media?parent=213874"}],"wp:term":[{"taxonomy":"category","embeddable":true,"href":"https:\/\/cdnoticias.com\/index.php\/wp-json\/wp\/v2\/categories?post=213874"},{"taxonomy":"post_tag","embeddable":true,"href":"https:\/\/cdnoticias.com\/index.php\/wp-json\/wp\/v2\/tags?post=213874"}],"curies":[{"name":"wp","href":"https:\/\/api.w.org\/{rel}","templated":true}]}}