{"id":213870,"date":"2026-09-05T10:16:29","date_gmt":"2026-09-05T13:16:29","guid":{"rendered":"https:\/\/cdnoticias.com\/?p=213870"},"modified":"2026-09-05T10:16:30","modified_gmt":"2026-09-05T13:16:30","slug":"marisol-ester-sequeira-q-e-p-d","status":"publish","type":"post","link":"https:\/\/cdnoticias.com\/index.php\/2026\/09\/05\/marisol-ester-sequeira-q-e-p-d\/","title":{"rendered":"Marisol Ester Sequeira (Q.E.P.D.)"},"content":{"rendered":"<p>Falleci\u00f3 en Olavarr\u00eda el 4 de septiembre de 2026 a los 57 a\u00f1os. Su esposo; su madre, hermano, hija y nieto; familiares y amigos acompa\u00f1an su fallecimiento.<\/p>\n<p>Sus restos fueron velados en la Sala de Espa\u00f1a 2942 departamento \u201cF\u201d, desde las 23 horas de este viernes 4 de septiembre, e inhumados en el Cementerio Loma de Paz este s\u00e1bado 5 de septiembre a las 9:30 horas, previo responso en la Capilla Ardiente. Servicio adherido a Coopelectric.<\/p>\n<p>Nacida en Olavarr\u00eda, vecina de AOMA, empleada administrativa del Hospital Municipal.<\/p>\n","protected":false},"excerpt":{"rendered":"<p>Falleci\u00f3 en Olavarr\u00eda el 4 de septiembre de 2026 a los 57 a\u00f1os. Su esposo; su madre, hermano, hija y<\/p>\n","protected":false},"author":4,"featured_media":51544,"comment_status":"closed","ping_status":"closed","sticky":false,"template":"","format":"standard","meta":{"_xspeed_no_cache":false,"_xspeed_expiry_hours":0,"_jetpack_memberships_contains_paid_content":false,"footnotes":""},"categories":[10],"tags":[],"class_list":["post-213870","post","type-post","status-publish","format-standard","has-post-thumbnail","hentry","category-necrologicas"],"jetpack_featured_media_url":"https:\/\/i0.wp.com\/cdnoticias.com\/wp-content\/uploads\/2022\/04\/necrologicas-390-x-240.jpg?fit=390%2C240&ssl=1","jetpack_sharing_enabled":true,"_links":{"self":[{"href":"https:\/\/cdnoticias.com\/index.php\/wp-json\/wp\/v2\/posts\/213870","targetHints":{"allow":["GET"]}}],"collection":[{"href":"https:\/\/cdnoticias.com\/index.php\/wp-json\/wp\/v2\/posts"}],"about":[{"href":"https:\/\/cdnoticias.com\/index.php\/wp-json\/wp\/v2\/types\/post"}],"author":[{"embeddable":true,"href":"https:\/\/cdnoticias.com\/index.php\/wp-json\/wp\/v2\/users\/4"}],"replies":[{"embeddable":true,"href":"https:\/\/cdnoticias.com\/index.php\/wp-json\/wp\/v2\/comments?post=213870"}],"version-history":[{"count":1,"href":"https:\/\/cdnoticias.com\/index.php\/wp-json\/wp\/v2\/posts\/213870\/revisions"}],"predecessor-version":[{"id":213871,"href":"https:\/\/cdnoticias.com\/index.php\/wp-json\/wp\/v2\/posts\/213870\/revisions\/213871"}],"wp:featuredmedia":[{"embeddable":true,"href":"https:\/\/cdnoticias.com\/index.php\/wp-json\/wp\/v2\/media\/51544"}],"wp:attachment":[{"href":"https:\/\/cdnoticias.com\/index.php\/wp-json\/wp\/v2\/media?parent=213870"}],"wp:term":[{"taxonomy":"category","embeddable":true,"href":"https:\/\/cdnoticias.com\/index.php\/wp-json\/wp\/v2\/categories?post=213870"},{"taxonomy":"post_tag","embeddable":true,"href":"https:\/\/cdnoticias.com\/index.php\/wp-json\/wp\/v2\/tags?post=213870"}],"curies":[{"name":"wp","href":"https:\/\/api.w.org\/{rel}","templated":true}]}}