{"id":213842,"date":"2026-09-05T09:59:09","date_gmt":"2026-09-05T12:59:09","guid":{"rendered":"https:\/\/cdnoticias.com\/?p=213842"},"modified":"2026-09-05T11:40:35","modified_gmt":"2026-09-05T14:40:35","slug":"agenda-del-sabado-ferias-talleres-y-musica-en-distintos-espacios-de-olavarria","status":"publish","type":"post","link":"https:\/\/cdnoticias.com\/index.php\/2026\/09\/05\/agenda-del-sabado-ferias-talleres-y-musica-en-distintos-espacios-de-olavarria\/","title":{"rendered":"Agenda del s\u00e1bado: ferias, talleres y m\u00fasica en distintos espacios de Olavarr\u00eda"},"content":{"rendered":"\n<p><strong><br><\/strong>La programaci\u00f3n incluye propuestas gratuitas para distintas edades y un espect\u00e1culo de m\u00fasica en el Teatro Municipal. Las actividades se desarrollar\u00e1n desde las 9 hasta la noche.<\/p>\n\n\n\n<hr class=\"wp-block-separator aligncenter has-alpha-channel-opacity\"\/>\n\n\n\n<p>Este<strong> s\u00e1bado 5 de septiembre<\/strong> habr\u00e1<strong> distintas propuestas culturales, recreativas y comunitarias en espacios de Olavarr\u00eda, <\/strong>con actividades durante toda la jornada.<\/p>\n\n\n\n<p><\/p>\n\n\n\n<p><strong>Cronograma completo <\/strong><\/p>\n\n\n\n<p><\/p>\n\n\n\n<ul class=\"wp-block-list\">\n<li><strong>09:00 a 13:00 | Casa del Bicentenario: Feria \u201cMercados Bonaerenses\u201d<\/strong><\/li>\n<\/ul>\n\n\n\n<p><\/p>\n\n\n\n<p>En la Casa del Bicentenario, ubicada en Bol\u00edvar y Cerrito, se realizar\u00e1 la feria \u201cMercados Bonaerenses\u201d, organizada por el Municipio de Olavarr\u00eda a trav\u00e9s de la Coordinaci\u00f3n de Econom\u00eda Popular, dependiente de la Secretar\u00eda de Desarrollo Econ\u00f3mico y Productivo. Participar\u00e1n productores locales con panificados dulces y salados, bebidas, quesos, plantas y plantines, miel, verduras y productos sin TACC, alfajores artesanales, huevos, alimentos agroecol\u00f3gicos, productos de pasteler\u00eda, dulces artesanales e infusiones.<\/p>\n\n\n\n<p><\/p>\n\n\n\n<ul class=\"wp-block-list\">\n<li><strong>15:00 a 17:00 | Museo de las Ciencias. Taller de Micolog\u00eda B\u00e1sica<\/strong><\/li>\n<\/ul>\n\n\n\n<p><\/p>\n\n\n\n<p>En el Audit\u00f3rium del Museo de las Ciencias se desarrollar\u00e1 el primer encuentro del Taller de Micolog\u00eda B\u00e1sica. La propuesta abordar\u00e1 una introducci\u00f3n te\u00f3rica al Reino Fungi, experiencias de laboratorio y gu\u00edas pr\u00e1cticas para la interpretaci\u00f3n, adem\u00e1s de una salida de micosenderismo. La actividad est\u00e1 destinada al p\u00fablico en general desde los 15 a\u00f1os. El pr\u00f3ximo encuentro ser\u00e1 el 12 de septiembre.<\/p>\n\n\n\n<p><\/p>\n\n\n\n<ul class=\"wp-block-list\">\n<li><strong>16:00 a 18:00 | Archivo Hist\u00f3rico Municipal. Taller de Fotobordado<\/strong><\/li>\n<\/ul>\n\n\n\n<p><\/p>\n\n\n\n<p>En la sede del Archivo Hist\u00f3rico Municipal \u201cAlberto y Fernando Valverde\u201d, ubicada en Lamadrid 2658, se realizar\u00e1 la segunda edici\u00f3n del \u201cTaller de Fotobordado\u201d.<\/p>\n\n\n\n<p>La propuesta est\u00e1 destinada a mayores de 16 a\u00f1os e invita a trabajar con fotograf\u00edas antiguas de Olavarr\u00eda conservadas en el Archivo, transform\u00e1ndolas mediante la t\u00e9cnica de bordado. El taller busca poner en di\u00e1logo la memoria local con nuevas formas de expresi\u00f3n, a partir de actividades manuales y creativas. La actividad es gratuita. Se solicita llevar agujas de bordar N\u00ba 5, 6 o 7, tijeras e hilos de bordar.<\/p>\n\n\n\n<p><\/p>\n\n\n\n<ul class=\"wp-block-list\">\n<li><strong>21:00 | Teatro Municipal. Sobredosis de Soda<\/strong><\/li>\n<\/ul>\n\n\n\n<p>En el Teatro Municipal se presentar\u00e1 Sobredosis de Soda con su espect\u00e1culo \u201cStereo Tour 2026\u201d, este s\u00e1bado a las 21. La banda tributo a Soda Stereo y Gustavo Cerati llega con una propuesta que recrea el repertorio del grupo y forma parte de una gira por Argentina, Latinoam\u00e9rica, Estados Unidos y Europa.<\/p>\n\n\n\n<p>Sobredosis de Soda cuenta con m\u00e1s de 20 a\u00f1os de trayectoria y es liderada por Mariano Albergoli. Las entradas son numeradas y tienen los siguientes valores: $49.500 para platea baja, $44.000 para platea alta central y $39.500 para plateas altas laterales.<\/p>\n\n\n\n<p>La venta presencial se realiza en Tecnocentro, Rivadavia 3065, en efectivo; y en el Teatro Municipal, Rivadavia 2780, con tarjetas de cr\u00e9dito, d\u00e9bito y billeteras virtuales. Tambi\u00e9n se pueden adquirir online en Articket, con tarjetas de cr\u00e9dito y d\u00e9bito.<\/p>\n\n\n\n<p><\/p>\n","protected":false},"excerpt":{"rendered":"<p>La programaci\u00f3n incluye propuestas gratuitas para distintas edades y un espect\u00e1culo de m\u00fasica en el Teatro Municipal. Las actividades se<\/p>\n","protected":false},"author":6,"featured_media":208303,"comment_status":"closed","ping_status":"closed","sticky":false,"template":"","format":"standard","meta":{"_xspeed_no_cache":false,"_xspeed_expiry_hours":0,"_jetpack_memberships_contains_paid_content":false,"footnotes":""},"categories":[9,1],"tags":[],"class_list":["post-213842","post","type-post","status-publish","format-standard","has-post-thumbnail","hentry","category-cultura","category-portada"],"jetpack_featured_media_url":"https:\/\/i0.wp.com\/cdnoticias.com\/wp-content\/uploads\/2026\/07\/mercados-bonaerenses.jpg?fit=1000%2C563&ssl=1","jetpack_sharing_enabled":true,"_links":{"self":[{"href":"https:\/\/cdnoticias.com\/index.php\/wp-json\/wp\/v2\/posts\/213842","targetHints":{"allow":["GET"]}}],"collection":[{"href":"https:\/\/cdnoticias.com\/index.php\/wp-json\/wp\/v2\/posts"}],"about":[{"href":"https:\/\/cdnoticias.com\/index.php\/wp-json\/wp\/v2\/types\/post"}],"author":[{"embeddable":true,"href":"https:\/\/cdnoticias.com\/index.php\/wp-json\/wp\/v2\/users\/6"}],"replies":[{"embeddable":true,"href":"https:\/\/cdnoticias.com\/index.php\/wp-json\/wp\/v2\/comments?post=213842"}],"version-history":[{"count":1,"href":"https:\/\/cdnoticias.com\/index.php\/wp-json\/wp\/v2\/posts\/213842\/revisions"}],"predecessor-version":[{"id":213843,"href":"https:\/\/cdnoticias.com\/index.php\/wp-json\/wp\/v2\/posts\/213842\/revisions\/213843"}],"wp:featuredmedia":[{"embeddable":true,"href":"https:\/\/cdnoticias.com\/index.php\/wp-json\/wp\/v2\/media\/208303"}],"wp:attachment":[{"href":"https:\/\/cdnoticias.com\/index.php\/wp-json\/wp\/v2\/media?parent=213842"}],"wp:term":[{"taxonomy":"category","embeddable":true,"href":"https:\/\/cdnoticias.com\/index.php\/wp-json\/wp\/v2\/categories?post=213842"},{"taxonomy":"post_tag","embeddable":true,"href":"https:\/\/cdnoticias.com\/index.php\/wp-json\/wp\/v2\/tags?post=213842"}],"curies":[{"name":"wp","href":"https:\/\/api.w.org\/{rel}","templated":true}]}}