{"id":213837,"date":"2026-09-04T18:37:33","date_gmt":"2026-09-04T21:37:33","guid":{"rendered":"https:\/\/cdnoticias.com\/?p=213837"},"modified":"2026-09-04T18:39:45","modified_gmt":"2026-09-04T21:39:45","slug":"loma-negra-fue-sede-del-acto-protocolar-por-el-dia-del-inmigrante","status":"publish","type":"post","link":"https:\/\/cdnoticias.com\/index.php\/2026\/09\/04\/loma-negra-fue-sede-del-acto-protocolar-por-el-dia-del-inmigrante\/","title":{"rendered":"Loma Negra fue sede del acto protocolar por el D\u00eda del Inmigrante"},"content":{"rendered":"\n<p><strong><br><\/strong>La ceremonia reuni\u00f3 a representantes de colectividades, funcionarios, instituciones educativas y vecinos. La celebraci\u00f3n continuar\u00e1 este domingo en el Centro Cultural Municipal San Jos\u00e9.<\/p>\n\n\n\n<hr class=\"wp-block-separator aligncenter has-alpha-channel-opacity\"\/>\n\n\n\n<p><strong><br><\/strong>En el inicio de la tarde de este viernes <strong>se llev\u00f3 a cabo en Loma Negra el acto protocolar por el D\u00eda del Inmigrante<\/strong>, con la <strong>participaci\u00f3n de funcionarios municipales, representantes de colectividades del Partido de Olavarr\u00eda, instituciones educativas y vecinos.<\/strong><\/p>\n\n\n\n<p><\/p>\n\n\n\n<p>La actividad comenz\u00f3 a las 14 en la<strong> Plaza de los Inmigrantes de Loma Negra,<\/strong> espacio destinado al encuentro y <strong>reconocimiento de quienes llegaron desde distintas partes del mundo<\/strong> y realizaron aportes a la<strong> construcci\u00f3n de la identidad cultural de la comunidad de Olavarr\u00eda.<\/strong><\/p>\n\n\n\n<p><\/p>\n\n\n\n<blockquote class=\"wp-block-quote is-layout-flow wp-block-quote-is-layout-flow\">\n<p>Del acto participaron la subsecretaria de Cultura y Educaci\u00f3n, Sof\u00eda Ar\u00e9valo; la directora de Patrimonio Cultural, Dana Vergara; el delegado municipal de Loma Negra, Gabriel Suburu; el concejal Gast\u00f3n Sarachu; funcionarios municipales, referentes institucionales y vecinos de la localidad.<\/p>\n<\/blockquote>\n\n\n\n<p><\/p>\n\n\n\n<p>Durante la ceremonia<strong> se enton\u00f3 el Himno Nacional Argentino <\/strong>y posteriormente se pronunciaron <strong>palabras alusivas<\/strong>. En primer t\u00e9rmino, habl\u00f3<strong> Pierina Tourni\u00e9, <\/strong>en <strong>representaci\u00f3n de la Casa de Cultura y Turismo de Villa Alfredo Fortabat, <\/strong>entidad organizadora de la actividad junto al Municipio.<\/p>\n\n\n\n<p><\/p>\n\n\n\n<figure class=\"wp-block-image aligncenter size-full\"><img data-recalc-dims=\"1\" loading=\"lazy\" decoding=\"async\" width=\"800\" height=\"496\" src=\"https:\/\/i0.wp.com\/cdnoticias.com\/wp-content\/uploads\/2026\/09\/dia-del-inmigrante1.jpg?resize=800%2C496&#038;ssl=1\" alt=\"\" class=\"wp-image-213839\" srcset=\"https:\/\/i0.wp.com\/cdnoticias.com\/wp-content\/uploads\/2026\/09\/dia-del-inmigrante1.jpg?w=885&amp;ssl=1 885w, https:\/\/i0.wp.com\/cdnoticias.com\/wp-content\/uploads\/2026\/09\/dia-del-inmigrante1.jpg?resize=300%2C186&amp;ssl=1 300w, https:\/\/i0.wp.com\/cdnoticias.com\/wp-content\/uploads\/2026\/09\/dia-del-inmigrante1.jpg?resize=768%2C476&amp;ssl=1 768w\" sizes=\"auto, (max-width: 800px) 100vw, 800px\" \/><\/figure>\n\n\n\n<p><\/p>\n\n\n\n<p>Luego fue el turno de<strong> Marcela Guerci, en representaci\u00f3n de la Uni\u00f3n de Colectividades<\/strong>, mientras que <strong>el cierre estuvo a cargo del delegado Gabriel Suburu, en representaci\u00f3n del Municipio.<\/strong><\/p>\n\n\n\n<p><\/p>\n\n\n\n<blockquote class=\"wp-block-quote is-layout-flow wp-block-quote-is-layout-flow\">\n<p>Los oradores destacaron el aporte de la inmigraci\u00f3n al patrimonio cultural y al acervo de Olavarr\u00eda, as\u00ed como su contribuci\u00f3n al desarrollo de una comunidad diversa y plural, en la que conviven distintas historias, culturas y tradiciones.<\/p>\n<\/blockquote>\n\n\n\n<p><\/p>\n\n\n\n<p>Se recuerda que <a href=\"https:\/\/cdnoticias.com\/index.php\/2026\/09\/03\/las-colectividades-de-olavarria-se-reunen-para-celebrar-el-dia-del-inmigrante\/\" target=\"_blank\" rel=\"noreferrer noopener\">la celebraci\u00f3n del D\u00eda del Inmigrante que se realizar\u00e1 este domingo, desde el mediod\u00eda, en el Centro Cultural Municipal San Jos\u00e9.<\/a><\/p>\n\n\n\n<p><\/p>\n\n\n\n<p>La propuesta<strong> contar\u00e1 con danzas y gastronom\u00eda t\u00edpicas, artesanos y actividades recreativas y culturales<\/strong>, entre otras propuestas.<\/p>\n\n\n\n<p><\/p>\n","protected":false},"excerpt":{"rendered":"<p>La ceremonia reuni\u00f3 a representantes de colectividades, funcionarios, instituciones educativas y vecinos. La celebraci\u00f3n continuar\u00e1 este domingo en el Centro<\/p>\n","protected":false},"author":6,"featured_media":213838,"comment_status":"closed","ping_status":"closed","sticky":false,"template":"","format":"standard","meta":{"_jetpack_memberships_contains_paid_content":false,"footnotes":""},"categories":[9,1],"tags":[],"class_list":["post-213837","post","type-post","status-publish","format-standard","has-post-thumbnail","hentry","category-cultura","category-portada"],"jetpack_featured_media_url":"https:\/\/i0.wp.com\/cdnoticias.com\/wp-content\/uploads\/2026\/09\/dia-del-inmigrante2.jpg?fit=900%2C600&ssl=1","jetpack_sharing_enabled":true,"_links":{"self":[{"href":"https:\/\/cdnoticias.com\/index.php\/wp-json\/wp\/v2\/posts\/213837","targetHints":{"allow":["GET"]}}],"collection":[{"href":"https:\/\/cdnoticias.com\/index.php\/wp-json\/wp\/v2\/posts"}],"about":[{"href":"https:\/\/cdnoticias.com\/index.php\/wp-json\/wp\/v2\/types\/post"}],"author":[{"embeddable":true,"href":"https:\/\/cdnoticias.com\/index.php\/wp-json\/wp\/v2\/users\/6"}],"replies":[{"embeddable":true,"href":"https:\/\/cdnoticias.com\/index.php\/wp-json\/wp\/v2\/comments?post=213837"}],"version-history":[{"count":2,"href":"https:\/\/cdnoticias.com\/index.php\/wp-json\/wp\/v2\/posts\/213837\/revisions"}],"predecessor-version":[{"id":213841,"href":"https:\/\/cdnoticias.com\/index.php\/wp-json\/wp\/v2\/posts\/213837\/revisions\/213841"}],"wp:featuredmedia":[{"embeddable":true,"href":"https:\/\/cdnoticias.com\/index.php\/wp-json\/wp\/v2\/media\/213838"}],"wp:attachment":[{"href":"https:\/\/cdnoticias.com\/index.php\/wp-json\/wp\/v2\/media?parent=213837"}],"wp:term":[{"taxonomy":"category","embeddable":true,"href":"https:\/\/cdnoticias.com\/index.php\/wp-json\/wp\/v2\/categories?post=213837"},{"taxonomy":"post_tag","embeddable":true,"href":"https:\/\/cdnoticias.com\/index.php\/wp-json\/wp\/v2\/tags?post=213837"}],"curies":[{"name":"wp","href":"https:\/\/api.w.org\/{rel}","templated":true}]}}