{"id":213823,"date":"2026-09-04T17:48:21","date_gmt":"2026-09-04T20:48:21","guid":{"rendered":"https:\/\/cdnoticias.com\/?p=213823"},"modified":"2026-09-04T17:48:23","modified_gmt":"2026-09-04T20:48:23","slug":"jose-daniel-ovejero-q-e-p-d","status":"publish","type":"post","link":"https:\/\/cdnoticias.com\/index.php\/2026\/09\/04\/jose-daniel-ovejero-q-e-p-d\/","title":{"rendered":"Jos\u00e9 Daniel Ovejero (Q.E.P.D.)"},"content":{"rendered":"\n<p>Falleci\u00f3 en Olavarr\u00eda el 4 de septiembre de 2026 a los 56 a\u00f1os.&nbsp;<\/p>\n\n\n\n<p>Velatorio: Espa\u00f1a 2942, Departamento &#8220;C &#8220;. Comienza el viernes 4 de septiembre a las 18 horas. Responso: Capilla Ardiente. Inhumaci\u00f3n: Cementerio Loma De Paz, s\u00e1bado 5 de septiembre a las 10:30 horas.&nbsp;<\/p>\n\n\n\n<p>Barrio en el que viv\u00eda: Malvinas<\/p>\n\n\n\n<p>Lugar de nacimiento: Olavarr\u00eda<\/p>\n\n\n\n<p>Actividad que desarrollaba: Transportista de Molinos Olavarr\u00eda<\/p>\n\n\n\n<p><\/p>\n","protected":false},"excerpt":{"rendered":"<p>Falleci\u00f3 en Olavarr\u00eda el 4 de septiembre de 2026 a los 56 a\u00f1os.&nbsp; Velatorio: Espa\u00f1a 2942, Departamento &#8220;C &#8220;. Comienza<\/p>\n","protected":false},"author":6,"featured_media":51544,"comment_status":"closed","ping_status":"closed","sticky":false,"template":"","format":"standard","meta":{"_jetpack_memberships_contains_paid_content":false,"footnotes":""},"categories":[10],"tags":[],"class_list":["post-213823","post","type-post","status-publish","format-standard","has-post-thumbnail","hentry","category-necrologicas"],"jetpack_featured_media_url":"https:\/\/i0.wp.com\/cdnoticias.com\/wp-content\/uploads\/2022\/04\/necrologicas-390-x-240.jpg?fit=390%2C240&ssl=1","jetpack_sharing_enabled":true,"_links":{"self":[{"href":"https:\/\/cdnoticias.com\/index.php\/wp-json\/wp\/v2\/posts\/213823","targetHints":{"allow":["GET"]}}],"collection":[{"href":"https:\/\/cdnoticias.com\/index.php\/wp-json\/wp\/v2\/posts"}],"about":[{"href":"https:\/\/cdnoticias.com\/index.php\/wp-json\/wp\/v2\/types\/post"}],"author":[{"embeddable":true,"href":"https:\/\/cdnoticias.com\/index.php\/wp-json\/wp\/v2\/users\/6"}],"replies":[{"embeddable":true,"href":"https:\/\/cdnoticias.com\/index.php\/wp-json\/wp\/v2\/comments?post=213823"}],"version-history":[{"count":0,"href":"https:\/\/cdnoticias.com\/index.php\/wp-json\/wp\/v2\/posts\/213823\/revisions"}],"wp:featuredmedia":[{"embeddable":true,"href":"https:\/\/cdnoticias.com\/index.php\/wp-json\/wp\/v2\/media\/51544"}],"wp:attachment":[{"href":"https:\/\/cdnoticias.com\/index.php\/wp-json\/wp\/v2\/media?parent=213823"}],"wp:term":[{"taxonomy":"category","embeddable":true,"href":"https:\/\/cdnoticias.com\/index.php\/wp-json\/wp\/v2\/categories?post=213823"},{"taxonomy":"post_tag","embeddable":true,"href":"https:\/\/cdnoticias.com\/index.php\/wp-json\/wp\/v2\/tags?post=213823"}],"curies":[{"name":"wp","href":"https:\/\/api.w.org\/{rel}","templated":true}]}}