{"id":213820,"date":"2026-09-04T18:01:15","date_gmt":"2026-09-04T21:01:15","guid":{"rendered":"https:\/\/cdnoticias.com\/?p=213820"},"modified":"2026-09-04T18:01:17","modified_gmt":"2026-09-04T21:01:17","slug":"canciones-para-contar-el-nuevo-disco-de-ignacio-montoya-carlotto-ya-esta-disponible-en-plataformas-digitales","status":"publish","type":"post","link":"https:\/\/cdnoticias.com\/index.php\/2026\/09\/04\/canciones-para-contar-el-nuevo-disco-de-ignacio-montoya-carlotto-ya-esta-disponible-en-plataformas-digitales\/","title":{"rendered":"\u201cCanciones para contar\u201d, el nuevo disco de Ignacio Montoya Carlotto, ya est\u00e1 disponible en plataformas digitales"},"content":{"rendered":"\n<p><strong><br><\/strong>El \u00e1lbum re\u00fane canciones que integran el espect\u00e1culo hom\u00f3nimo junto a In\u00e9s Maddio y Agust\u00edn Begu\u00e9. La propuesta vincula relatos sobre el origen de cada canci\u00f3n con su interpretaci\u00f3n.<\/p>\n\n\n\n<p><strong><br><\/strong>Desde este viernes <strong>se encuentra disponible en todas las plataformas digitales <em>Canciones para contar<\/em>, <\/strong>un <strong>disco de canciones de Ignacio Montoya Carlotto.<\/strong><\/p>\n\n\n\n<p><\/p>\n\n\n\n<blockquote class=\"wp-block-quote is-layout-flow wp-block-quote-is-layout-flow\">\n<p>El \u00e1lbum re\u00fane las canciones que forman parte del espect\u00e1culo hom\u00f3nimo que Montoya Carlotto realiza junto a In\u00e9s Maddio y Agust\u00edn Begu\u00e9. La propuesta parte de contar el origen de cada canci\u00f3n para luego interpretarla como una forma de ilustrar esa historia.<\/p>\n<\/blockquote>\n\n\n\n<p><\/p>\n\n\n\n<p>El proyecto est\u00e1 integrado por<strong> In\u00e9s Maddio, en voz; Agust\u00edn Begu\u00e9, en guitarra y voz; e Ignacio Montoya Carlotto, en piano, acorde\u00f3n y voz.<\/strong> Todas las canciones del disco pertenecen a Ignacio Montoya Carlotto.<\/p>\n\n\n\n<p><\/p>\n\n\n\n<p>La edici\u00f3n est\u00e1 a cargo del sello #144Discos, mientras que la mezcla y el mastering fueron realizados por N\u00e9stor D\u00edaz. La distribuci\u00f3n corresponde a Disquer\u00edas Music.<\/p>\n\n\n\n<p><\/p>\n\n\n\n<figure class=\"wp-block-embed is-type-rich is-provider-spotify wp-block-embed-spotify wp-embed-aspect-21-9 wp-has-aspect-ratio\"><div class=\"wp-block-embed__wrapper\">\n<iframe title=\"Spotify Embed: Canciones Para Contar\" style=\"border-radius: 12px\" width=\"100%\" height=\"352\" frameborder=\"0\" allowfullscreen allow=\"autoplay; clipboard-write; encrypted-media; fullscreen; picture-in-picture\" loading=\"lazy\" src=\"https:\/\/open.spotify.com\/embed\/album\/70RmozCOiT5N6VZId6i7nk?si=V77fDqPOTSy75qKdGT-tCw&amp;utm_source=oembed\"><\/iframe>\n<\/div><\/figure>\n","protected":false},"excerpt":{"rendered":"<p>El \u00e1lbum re\u00fane canciones que integran el espect\u00e1culo hom\u00f3nimo junto a In\u00e9s Maddio y Agust\u00edn Begu\u00e9. La propuesta vincula relatos<\/p>\n","protected":false},"author":6,"featured_media":99421,"comment_status":"closed","ping_status":"closed","sticky":false,"template":"","format":"standard","meta":{"_jetpack_memberships_contains_paid_content":false,"footnotes":""},"categories":[9,1],"tags":[],"class_list":["post-213820","post","type-post","status-publish","format-standard","has-post-thumbnail","hentry","category-cultura","category-portada"],"jetpack_featured_media_url":"https:\/\/i0.wp.com\/cdnoticias.com\/wp-content\/uploads\/2023\/10\/ignacio-montoya-carlotto.jpg?fit=1000%2C662&ssl=1","jetpack_sharing_enabled":true,"_links":{"self":[{"href":"https:\/\/cdnoticias.com\/index.php\/wp-json\/wp\/v2\/posts\/213820","targetHints":{"allow":["GET"]}}],"collection":[{"href":"https:\/\/cdnoticias.com\/index.php\/wp-json\/wp\/v2\/posts"}],"about":[{"href":"https:\/\/cdnoticias.com\/index.php\/wp-json\/wp\/v2\/types\/post"}],"author":[{"embeddable":true,"href":"https:\/\/cdnoticias.com\/index.php\/wp-json\/wp\/v2\/users\/6"}],"replies":[{"embeddable":true,"href":"https:\/\/cdnoticias.com\/index.php\/wp-json\/wp\/v2\/comments?post=213820"}],"version-history":[{"count":0,"href":"https:\/\/cdnoticias.com\/index.php\/wp-json\/wp\/v2\/posts\/213820\/revisions"}],"wp:featuredmedia":[{"embeddable":true,"href":"https:\/\/cdnoticias.com\/index.php\/wp-json\/wp\/v2\/media\/99421"}],"wp:attachment":[{"href":"https:\/\/cdnoticias.com\/index.php\/wp-json\/wp\/v2\/media?parent=213820"}],"wp:term":[{"taxonomy":"category","embeddable":true,"href":"https:\/\/cdnoticias.com\/index.php\/wp-json\/wp\/v2\/categories?post=213820"},{"taxonomy":"post_tag","embeddable":true,"href":"https:\/\/cdnoticias.com\/index.php\/wp-json\/wp\/v2\/tags?post=213820"}],"curies":[{"name":"wp","href":"https:\/\/api.w.org\/{rel}","templated":true}]}}