{"id":213816,"date":"2026-09-04T17:34:06","date_gmt":"2026-09-04T20:34:06","guid":{"rendered":"https:\/\/cdnoticias.com\/?p=213816"},"modified":"2026-09-04T17:34:07","modified_gmt":"2026-09-04T20:34:07","slug":"estudiantes-sera-sede-del-nacional-fase-1-de-mayores-de-handball","status":"publish","type":"post","link":"https:\/\/cdnoticias.com\/index.php\/2026\/09\/04\/estudiantes-sera-sede-del-nacional-fase-1-de-mayores-de-handball\/","title":{"rendered":"Estudiantes ser\u00e1 sede del Nacional Fase 1 de Mayores de Handball"},"content":{"rendered":"\n<p><strong><br><\/strong>La competencia reunir\u00e1 a casi 200 jugadores y jugadoras de distintos puntos del pa\u00eds. El Macrogimnasio estrenar\u00e1 oficialmente su nuevo parquet en el torneo.<\/p>\n\n\n\n<hr class=\"wp-block-separator aligncenter has-alpha-channel-opacity\"\/>\n\n\n\n<p><strong><br><\/strong>Desde este viernes y hasta el domingo,<strong> el Club Atl\u00e9tico Estudiantes ser\u00e1 sede del Nacional Fase 1 de Mayores de Handball<\/strong>, una <strong>competencia que reunir\u00e1 a casi 200 jugadores y jugadoras de distintos puntos del pa\u00eds.<\/strong><\/p>\n\n\n\n<p><\/p>\n\n\n\n<p>El <strong>Macrogimnasio del Parque Carlos Guerrero ser\u00e1 el escenario principal del torneo<\/strong>, mientras que el <strong>gimnasio del CEF San Antonio funcionar\u00e1 como subsede.<\/strong><\/p>\n\n\n\n<p><\/p>\n\n\n\n<blockquote class=\"wp-block-quote is-layout-flow wp-block-quote-is-layout-flow\">\n<p>Para Estudiantes, la competencia tendr\u00e1 adem\u00e1s un condimento especial, ya que marcar\u00e1 el estreno oficial del nuevo parquet del Macrogimnasio en una competencia nacional de Mayores.<\/p>\n<\/blockquote>\n\n\n\n<p><\/p>\n\n\n\n<p>El <strong>s\u00e1bado se disputar\u00e1n las semifinales, mientras que el domingo tendr\u00e1n lugar las definiciones<\/strong>, con los <strong>partidos por el tercer puesto y las finales de las ramas masculina y femenina.<\/strong><\/p>\n\n\n\n<p><\/p>\n\n\n\n<blockquote class=\"wp-block-quote is-layout-flow wp-block-quote-is-layout-flow\">\n<p>Estudiantes participar\u00e1 del certamen con sus equipos de Primera, tanto masculino como femenino.<\/p>\n<\/blockquote>\n\n\n\n<p><\/p>\n\n\n\n<p><em><strong>Foto y fuente:<\/strong> CAE.<\/em><\/p>\n\n\n\n<p><\/p>\n","protected":false},"excerpt":{"rendered":"<p>La competencia reunir\u00e1 a casi 200 jugadores y jugadoras de distintos puntos del pa\u00eds. El Macrogimnasio estrenar\u00e1 oficialmente su nuevo<\/p>\n","protected":false},"author":6,"featured_media":213818,"comment_status":"closed","ping_status":"closed","sticky":false,"template":"","format":"standard","meta":{"_jetpack_memberships_contains_paid_content":false,"footnotes":""},"categories":[29],"tags":[],"class_list":["post-213816","post","type-post","status-publish","format-standard","has-post-thumbnail","hentry","category-deportes"],"jetpack_featured_media_url":"https:\/\/i0.wp.com\/cdnoticias.com\/wp-content\/uploads\/2026\/09\/estudiantes.jpg?fit=800%2C480&ssl=1","jetpack_sharing_enabled":true,"_links":{"self":[{"href":"https:\/\/cdnoticias.com\/index.php\/wp-json\/wp\/v2\/posts\/213816","targetHints":{"allow":["GET"]}}],"collection":[{"href":"https:\/\/cdnoticias.com\/index.php\/wp-json\/wp\/v2\/posts"}],"about":[{"href":"https:\/\/cdnoticias.com\/index.php\/wp-json\/wp\/v2\/types\/post"}],"author":[{"embeddable":true,"href":"https:\/\/cdnoticias.com\/index.php\/wp-json\/wp\/v2\/users\/6"}],"replies":[{"embeddable":true,"href":"https:\/\/cdnoticias.com\/index.php\/wp-json\/wp\/v2\/comments?post=213816"}],"version-history":[{"count":0,"href":"https:\/\/cdnoticias.com\/index.php\/wp-json\/wp\/v2\/posts\/213816\/revisions"}],"wp:featuredmedia":[{"embeddable":true,"href":"https:\/\/cdnoticias.com\/index.php\/wp-json\/wp\/v2\/media\/213818"}],"wp:attachment":[{"href":"https:\/\/cdnoticias.com\/index.php\/wp-json\/wp\/v2\/media?parent=213816"}],"wp:term":[{"taxonomy":"category","embeddable":true,"href":"https:\/\/cdnoticias.com\/index.php\/wp-json\/wp\/v2\/categories?post=213816"},{"taxonomy":"post_tag","embeddable":true,"href":"https:\/\/cdnoticias.com\/index.php\/wp-json\/wp\/v2\/tags?post=213816"}],"curies":[{"name":"wp","href":"https:\/\/api.w.org\/{rel}","templated":true}]}}