{"id":213799,"date":"2026-09-04T14:19:49","date_gmt":"2026-09-04T17:19:49","guid":{"rendered":"https:\/\/cdnoticias.com\/?p=213799"},"modified":"2026-09-04T14:19:50","modified_gmt":"2026-09-04T17:19:50","slug":"bolivar-una-madre-se-quedo-con-mas-de-2-millones-de-las-camperas-de-egresados-de-una-escuela","status":"publish","type":"post","link":"https:\/\/cdnoticias.com\/index.php\/2026\/09\/04\/bolivar-una-madre-se-quedo-con-mas-de-2-millones-de-las-camperas-de-egresados-de-una-escuela\/","title":{"rendered":"Bol\u00edvar: una madre se qued\u00f3 con m\u00e1s de $2 millones de las camperas de egresados de una escuela"},"content":{"rendered":"<p>Las familias aseguraron que el dinero fue utilizado para otros fines. Realizaron una denuncia policial.<\/p>\n\n\n<hr class=\"wp-block-separator has-alpha-channel-opacity\"\/>\n\n\n\n<!--more-->\n\n\n\n<p><strong>Familiares de egresados de la Escuela N\u00ba 7 de Bol\u00edvar <\/strong>denunciaron a una<strong> madre de un estudiante<\/strong>, a quien se\u00f1alan por <strong>haberse quedado con el dinero <\/strong>que los padres hab\u00edan reunido para la <strong>compra de las camperas y remeras<\/strong>, adem\u00e1s de fondos obtenidos mediante distintas actividades y una rifa.<\/p>\n\n\n\n<p><\/p>\n\n\n\n<p>Seg\u00fan relat\u00f3 a Agencia Presente una de las madres, se trata de una suma<strong> superior a los 2 millones de pesos<\/strong>, de la cual solamente se habr\u00edan<strong> entregado 390 mil pesos a la modista <\/strong>encargada de confeccionar las prendas. Ante esta situaci\u00f3n, las familias decidieron realizar una <strong>denuncia en la comisar\u00eda.<\/strong><\/p>\n\n\n\n<p><\/p>\n\n\n\n<blockquote class=\"wp-block-quote is-layout-flow wp-block-quote-is-layout-flow\">\n<p>\u201cLe confiamos la plata a una mam\u00e1 de las camperas y las rifas que se hicieron a nombre de la Escuela y se qued\u00f3 con toda la plata. Estamos hablando de arriba de 2 millones de pesos y ella solo entreg\u00f3 a la modista 390 mil\u201d cont\u00f3 la mujer.<\/p>\n<\/blockquote>\n\n\n\n<p><\/p>\n\n\n\n<p>De acuerdo con el testimonio, el inconveniente <strong>comenz\u00f3 en abril<\/strong>, cuando los padres empezaron a organizar la <strong>compra de las camperas y remeras<\/strong> para los egresados. \u201cUna mam\u00e1 dijo que ella se hac\u00eda cargo y que buscaba a d\u00f3nde hacerlas, nos pas\u00f3 presupuesto. Le preguntamos d\u00f3nde las \u00edbamos a hacer y ella dijo que hab\u00eda buscado una empresa de Buenos Aires. A otra le dijo que era en un lugar de Bol\u00edvar que hace las cosas para Casariego\u201d, explic\u00f3.<\/p>\n\n\n\n<p><\/p>\n\n\n\n<p>La mujer asegur\u00f3 que, ante la confianza que ten\u00edan en esa madre, aceptaron que fuera ella quien reuniera el dinero.<strong> \u201cNos pidi\u00f3 el 70% de la plata\u201d<\/strong>, se\u00f1al\u00f3. Incluso, seg\u00fan relat\u00f3, cuando algunos padres plantearon la posibilidad de pagar directamente a quien confeccionar\u00eda las prendas, la mujer les habr\u00eda indicado que no era posible. \u201cLe preguntamos si cada padre le pod\u00eda dar la plata a quien hace las camperas y dijo que no, que se complicaba y no se pod\u00eda, que<strong> le ten\u00edamos que dar la plata a ella\u201d<\/strong>, sostuvo.<\/p>\n\n\n\n<p><\/p>\n\n\n\n<p><strong>Para el 1 de mayo, de acuerdo con el relato, las familias ya hab\u00edan entregado el 70% del dinero<\/strong> correspondiente a las prendas. Algunos padres, incluso, hab\u00edan abonado de manera completa el valor de campera y remera, que rondaba los <strong>70 mil pesos por estudiante<\/strong>.<\/p>\n\n\n\n<p><\/p>\n\n\n\n<h2 class=\"wp-block-heading\">Recaudaciones y una rifa<\/h2>\n\n\n\n<p><\/p>\n\n\n\n<p><br>Con el correr de los meses,<strong> las familias comenzaron a reclamar informaci\u00f3n <\/strong>sobre el avance de las prendas y el destino del dinero. \u201cElla junt\u00f3 la plata, empezaron a pasar los meses y siempre pasaba algo, dec\u00eda que ten\u00eda mucho trabajo\u201d, relat\u00f3 la madre.<\/p>\n\n\n\n<p><\/p>\n\n\n\n<p>En ese per\u00edodo tambi\u00e9n se realizaron actividades para recaudar fondos. Una de ellas fue<strong> una feria de tortas <\/strong>que, seg\u00fan estim\u00f3, permiti\u00f3 <strong>reunir alrededor de 300 mil pesos<\/strong>.<em> \u201cElla se quedaba con la plata. Le dec\u00edamos que nos pasara en el grupo lo que se hab\u00eda recaudado y nunca pasaba informaci\u00f3n\u201d<\/em>, afirm\u00f3.<\/p>\n\n\n\n<p><\/p>\n\n\n\n<p>Adem\u00e1s, se organiz\u00f3 <strong>una rifa<\/strong> a nombre de la escuela, con un valor de 3 mil pesos por n\u00famero. Seg\u00fan la entrevistada, <strong>se habr\u00edan vendido cerca de 200 n\u00fameros<\/strong>.<\/p>\n\n\n\n<p><\/p>\n\n\n\n<p>Las familias <strong>esperaban que las camperas estuvieran listas antes de las vacaciones de invierno<\/strong>, pero la entrega nunca se concret\u00f3. Frente a los reiterados reclamos, la madre habr\u00eda argumentado que la persona encargada de confeccionarlas hab\u00eda tenido problemas con su m\u00e1quina de coser.<\/p>\n\n\n\n<p><\/p>\n\n\n\n<h2 class=\"wp-block-heading\">El descubrimiento de la falta de dinero<\/h2>\n\n\n\n<p><\/p>\n\n\n\n<p>El conflicto tom\u00f3 otra dimensi\u00f3n hace aproximadamente <strong>una semana<\/strong>, cuando<strong> la mujer que confeccionaba las camperas se present\u00f3 junto a otra madre<\/strong> y les comunic\u00f3 que<strong> faltaba una importante cantidad de dinero<\/strong> para poder terminar los trabajos. \u201cNos dijo que faltaba mucha plata, que por qu\u00e9 no nos pon\u00edamos las pilas as\u00ed las pod\u00eda terminar. Nosotros la plata la hab\u00edamos entregado y ah\u00ed <strong>ca\u00edmos en cuenta de que se hab\u00eda quedado con la plata\u201d<\/strong>, cont\u00f3 la madre.<\/p>\n\n\n\n<p><\/p>\n\n\n\n<blockquote class=\"wp-block-quote is-layout-flow wp-block-quote-is-layout-flow\">\n<p>Ante esa situaci\u00f3n, las familias citaron a la mujer que hab\u00eda quedado a cargo del dinero para pedirle explicaciones. Seg\u00fan el relato, la madre reconoci\u00f3 que hab\u00eda utilizado los fondos para prest\u00e1rselos a su marido. \u201cNos dijo que ella le hab\u00eda prestado la plata al marido para comprarse una moto y que el marido no se la devolvi\u00f3, pero se comprometi\u00f3 a devolverla y entregar la plata para las camperas para que estuvieran para el 21 de septiembre\u201d, se\u00f1al\u00f3.<\/p>\n<\/blockquote>\n\n\n\n<p><\/p>\n\n\n\n<p>La entrevistada agreg\u00f3 que la mujer tambi\u00e9n se habr\u00eda comprometido a <strong>pedirles disculpas a los estudiantes<\/strong>, algunos de los cuales, seg\u00fan cont\u00f3, se emocionaron hasta las l\u00e1grimas por no poder tener las prendas que esperaban para su egreso.<\/p>\n\n\n\n<p><\/p>\n\n\n\n<p>Finalmente, lleg\u00f3 la fecha comprometida y<strong> el dinero no apareci\u00f3<\/strong>. Frente a esto, las familias decidieron avanzar con una denuncia. \u201cLo que nosotros quer\u00edamos como pap\u00e1s era hacer que se sepa lo que pas\u00f3. Pensamos que lo primero era <strong>hacer una denuncia en la comisar\u00eda <\/strong>porque una mam\u00e1 la insult\u00f3 y le dijo que le iba a mandar una carta documento\u201d, explic\u00f3.<\/p>\n\n\n\n<p><\/p>\n\n\n\n<p>La madre confirm\u00f3 que la denuncia ya fue realizada y sostuvo que, seg\u00fan les informaron,<strong> la mujer se\u00f1alada se habr\u00eda trasladado a Buenos Aires<\/strong>. Mientras tanto, los padres debieron afrontar <strong>nuevos gastos para poder contar al menos con las remeras de egresados<\/strong>. <em>\u201cCon la poca plata que entreg\u00f3, pudimos hacerle las remeras y poniendo m\u00e1s plata arriba\u201d<\/em>, concluy\u00f3 la mujer.<\/p>\n\n\n\n<p><\/p>\n\n\n\n<p>Fuente: <em>Agencia Presente<\/em><\/p>\n\n\n\n<p><\/p>\n\n\n\n<p><\/p>\n","protected":false},"excerpt":{"rendered":"<p>Las familias aseguraron que el dinero fue utilizado para otros fines. Realizaron una denuncia policial.<\/p>\n","protected":false},"author":4,"featured_media":213800,"comment_status":"closed","ping_status":"closed","sticky":false,"template":"","format":"standard","meta":{"_jetpack_memberships_contains_paid_content":false,"footnotes":""},"categories":[6,1],"tags":[],"class_list":["post-213799","post","type-post","status-publish","format-standard","has-post-thumbnail","hentry","category-nacionales","category-portada"],"jetpack_featured_media_url":"https:\/\/i0.wp.com\/cdnoticias.com\/wp-content\/uploads\/2026\/09\/bolivar-escuela-7.jpg?fit=800%2C444&ssl=1","jetpack_sharing_enabled":true,"_links":{"self":[{"href":"https:\/\/cdnoticias.com\/index.php\/wp-json\/wp\/v2\/posts\/213799","targetHints":{"allow":["GET"]}}],"collection":[{"href":"https:\/\/cdnoticias.com\/index.php\/wp-json\/wp\/v2\/posts"}],"about":[{"href":"https:\/\/cdnoticias.com\/index.php\/wp-json\/wp\/v2\/types\/post"}],"author":[{"embeddable":true,"href":"https:\/\/cdnoticias.com\/index.php\/wp-json\/wp\/v2\/users\/4"}],"replies":[{"embeddable":true,"href":"https:\/\/cdnoticias.com\/index.php\/wp-json\/wp\/v2\/comments?post=213799"}],"version-history":[{"count":1,"href":"https:\/\/cdnoticias.com\/index.php\/wp-json\/wp\/v2\/posts\/213799\/revisions"}],"predecessor-version":[{"id":213801,"href":"https:\/\/cdnoticias.com\/index.php\/wp-json\/wp\/v2\/posts\/213799\/revisions\/213801"}],"wp:featuredmedia":[{"embeddable":true,"href":"https:\/\/cdnoticias.com\/index.php\/wp-json\/wp\/v2\/media\/213800"}],"wp:attachment":[{"href":"https:\/\/cdnoticias.com\/index.php\/wp-json\/wp\/v2\/media?parent=213799"}],"wp:term":[{"taxonomy":"category","embeddable":true,"href":"https:\/\/cdnoticias.com\/index.php\/wp-json\/wp\/v2\/categories?post=213799"},{"taxonomy":"post_tag","embeddable":true,"href":"https:\/\/cdnoticias.com\/index.php\/wp-json\/wp\/v2\/tags?post=213799"}],"curies":[{"name":"wp","href":"https:\/\/api.w.org\/{rel}","templated":true}]}}