{"id":213797,"date":"2026-09-04T16:33:30","date_gmt":"2026-09-04T19:33:30","guid":{"rendered":"https:\/\/cdnoticias.com\/?p=213797"},"modified":"2026-09-04T16:33:31","modified_gmt":"2026-09-04T19:33:31","slug":"el-gobierno-revisara-solicitudes-de-subsidios-de-luz-y-gas-y-dara-60-dias-para-actualizar-los-datos","status":"publish","type":"post","link":"https:\/\/cdnoticias.com\/index.php\/2026\/09\/04\/el-gobierno-revisara-solicitudes-de-subsidios-de-luz-y-gas-y-dara-60-dias-para-actualizar-los-datos\/","title":{"rendered":"El Gobierno revisar\u00e1 solicitudes de subsidios de luz y gas y dar\u00e1 60 d\u00edas para actualizar los datos"},"content":{"rendered":"<p>La medida alcanza a tr\u00e1mites que lleven al menos un a\u00f1o sin haber podido ser vinculados con un suministro.<\/p>\n\n\n<hr class=\"wp-block-separator has-alpha-channel-opacity\"\/>\n\n\n\n<!--more-->\n\n\n\n<p>El Gobierno nacional dispuso\u00a0<strong>la revisi\u00f3n de las solicitudes para acceder a los subsidios de electricidad y gas por redes<\/strong>\u00a0que, despu\u00e9s de un a\u00f1o desde su presentaci\u00f3n, no hayan podido ser vinculadas con un suministro informado por las empresas prestadoras. Estos usuarios tendr\u00e1n\u00a0<strong>60 d\u00edas\u00a0para actualizar sus datos.<\/strong><\/p>\n\n\n\n<p><\/p>\n\n\n\n<p>La medida fue establecida mediante la\u00a0<strong>Disposici\u00f3n 11\/2026<\/strong>\u00a0de la Subsecretar\u00eda de Eficiencia e Informaci\u00f3n Energ\u00e9tica del Ministerio de Econom\u00eda, publicada este viernes en el Bolet\u00edn Oficial, y forma parte del\u00a0<strong>proceso de depuraci\u00f3n del Registro de Subsidios Energ\u00e9ticos Focalizados (ReSEF)<\/strong>.<\/p>\n\n\n\n<p><\/p>\n\n\n\n<h2 class=\"wp-block-heading\" id=\"p-1788521315515-72943\">Inconsistencias<\/h2>\n\n\n\n<p id=\"p-1788521315515-40581\"><\/p>\n\n\n\n<blockquote class=\"wp-block-quote is-layout-flow wp-block-quote-is-layout-flow\">\n<p>La norma apunta espec\u00edficamente a\u00a0solicitudes en las que existe una inconsistencia entre los datos declarados por el usuario y la informaci\u00f3n sobre los suministros de electricidad o gas remitida por las prestadoras. El Gobierno consider\u00f3 razonable establecer un plazo de un a\u00f1o desde el alta antes de someter esos tr\u00e1mites a revisi\u00f3n.<\/p>\n<\/blockquote>\n\n\n\n<p><\/p>\n\n\n\n<p id=\"p-1788521315515-34708\">Los usuarios alcanzados <strong>deber\u00e1n ser notificados a trav\u00e9s de los medios de contacto<\/strong> que declararon al realizar el tr\u00e1mite. A partir de esa notificaci\u00f3n tendr\u00e1n 60 d\u00edas corridos para rectificar, actualizar o completar los datos del suministro o informar uno nuevo que pueda ser correctamente vinculado.<\/p>\n\n\n\n<p><\/p>\n\n\n\n<p id=\"p-1788521315515-76579\">Si transcurren esos 60 d\u00edas sin que el usuario realice las modificaciones necesarias y contin\u00faa sin poder establecerse la vinculaci\u00f3n con un suministro,&nbsp;<strong>la solicitud de subsidio ser\u00e1 dada de baja<\/strong>.<\/p>\n\n\n\n<p><\/p>\n\n\n\n<h2 class=\"wp-block-heading\" id=\"p-1788521315515-90699\">No afecta a todas las solicitudes<\/h2>\n\n\n\n<p><\/p>\n\n\n\n<p id=\"p-1788521315515-1703\">La disposici\u00f3n no afecta a todas las personas que reciben subsidios ni implica una baja autom\u00e1tica del beneficio por el mero paso del tiempo:&nbsp;<strong>el procedimiento se concentra en las solicitudes que llevan un a\u00f1o sin poder asociarse con los servicios declarados<\/strong>.<\/p>\n\n\n\n<p><\/p>\n\n\n\n<p id=\"p-1788521315515-81768\"><strong>Quedan expresamente exceptuadas las solicitudes correspondientes al Gas Licuado de Petr\u00f3leo (GLP) envasado<\/strong>, ya que este tipo de provisi\u00f3n no est\u00e1 asociado a una red de distribuci\u00f3n ni a un punto de suministro identificable mediante una prestadora y un n\u00famero de cliente.<\/p>\n\n\n\n<p><\/p>\n\n\n\n<p id=\"p-1788521315515-88239\">Los usuarios pueden consultar su situaci\u00f3n respecto de los subsidios a trav\u00e9s de&nbsp;<strong>Mi Argentina<\/strong>, en la opci\u00f3n&nbsp;<strong>Tr\u00e1mites<\/strong>, y solicitar una revisi\u00f3n mediante la plataforma&nbsp;<strong>Tr\u00e1mites a Distancia (TAD)<\/strong>.<\/p>\n\n\n\n<p><\/p>\n\n\n\n<p>Fuente: <em>Agencia DIB<\/em><\/p>\n","protected":false},"excerpt":{"rendered":"<p>La medida alcanza a tr\u00e1mites que lleven al menos un a\u00f1o sin haber podido ser vinculados con un suministro.<\/p>\n","protected":false},"author":4,"featured_media":120677,"comment_status":"closed","ping_status":"closed","sticky":false,"template":"","format":"standard","meta":{"_jetpack_memberships_contains_paid_content":false,"footnotes":""},"categories":[7,6],"tags":[],"class_list":["post-213797","post","type-post","status-publish","format-standard","has-post-thumbnail","hentry","category-central","category-nacionales"],"jetpack_featured_media_url":"https:\/\/i0.wp.com\/cdnoticias.com\/wp-content\/uploads\/2024\/07\/camuzzi-facturas-gas-00.jpg?fit=800%2C445&ssl=1","jetpack_sharing_enabled":true,"_links":{"self":[{"href":"https:\/\/cdnoticias.com\/index.php\/wp-json\/wp\/v2\/posts\/213797","targetHints":{"allow":["GET"]}}],"collection":[{"href":"https:\/\/cdnoticias.com\/index.php\/wp-json\/wp\/v2\/posts"}],"about":[{"href":"https:\/\/cdnoticias.com\/index.php\/wp-json\/wp\/v2\/types\/post"}],"author":[{"embeddable":true,"href":"https:\/\/cdnoticias.com\/index.php\/wp-json\/wp\/v2\/users\/4"}],"replies":[{"embeddable":true,"href":"https:\/\/cdnoticias.com\/index.php\/wp-json\/wp\/v2\/comments?post=213797"}],"version-history":[{"count":0,"href":"https:\/\/cdnoticias.com\/index.php\/wp-json\/wp\/v2\/posts\/213797\/revisions"}],"wp:featuredmedia":[{"embeddable":true,"href":"https:\/\/cdnoticias.com\/index.php\/wp-json\/wp\/v2\/media\/120677"}],"wp:attachment":[{"href":"https:\/\/cdnoticias.com\/index.php\/wp-json\/wp\/v2\/media?parent=213797"}],"wp:term":[{"taxonomy":"category","embeddable":true,"href":"https:\/\/cdnoticias.com\/index.php\/wp-json\/wp\/v2\/categories?post=213797"},{"taxonomy":"post_tag","embeddable":true,"href":"https:\/\/cdnoticias.com\/index.php\/wp-json\/wp\/v2\/tags?post=213797"}],"curies":[{"name":"wp","href":"https:\/\/api.w.org\/{rel}","templated":true}]}}