{"id":213795,"date":"2026-09-04T17:32:46","date_gmt":"2026-09-04T20:32:46","guid":{"rendered":"https:\/\/cdnoticias.com\/?p=213795"},"modified":"2026-09-04T17:32:47","modified_gmt":"2026-09-04T20:32:47","slug":"kicillof-enviara-200-pliego-de-jueces-y-funcionarios-judiciales-al-senado","status":"publish","type":"post","link":"https:\/\/cdnoticias.com\/index.php\/2026\/09\/04\/kicillof-enviara-200-pliego-de-jueces-y-funcionarios-judiciales-al-senado\/","title":{"rendered":"Kicillof enviar\u00e1 200 pliego de jueces y funcionarios judiciales al Senado"},"content":{"rendered":"<p>Lo anunci\u00f3 el ministro de Justicia, Juan Mart\u00edn Mena. Se suma a las 412 vacantes que se cubrieron el a\u00f1o pasado.<\/p>\n\n\n<!--more-->\n\n\n\n<p>El <strong>ministro de Justicia, Juan Mart\u00edn Mena<\/strong>, adelant\u00f3 que el gobernador Axel Kicillof <strong>enviar\u00e1 200 nuevos pliegos de jueves y magistrados a Senado<\/strong>, cara completar vacantes en el Poder Judicial bonaerense.<\/p>\n\n\n\n<p><\/p>\n\n\n\n<p id=\"p-1788478214046-5251\">El anuncio fue realizado durante el <em>XXII Congreso Provincial de Funcionarios y Funcionarias del poder Judicial bonaerense<\/em>, que se realiz\u00f3 en Mercedes.<\/p>\n\n\n\n<p id=\"p-1788478214046-53684\"><\/p>\n\n\n\n<blockquote class=\"wp-block-quote is-layout-flow wp-block-quote-is-layout-flow\">\n<p>\u201cEsperamos muy pronto estar concretando casi unas 200 vacantes m\u00e1s que estamos terminando de trabajar\u201d, afirm\u00f3 el funcionario durante su discurso, en el que destac\u00f3 el proceso de cobertura de cargos que viene llevando adelante la gesti\u00f3n de Axel Kicillof.<\/p>\n<\/blockquote>\n\n\n\n<p><\/p>\n\n\n\n<p id=\"p-1788478214046-11165\">El anuncio&nbsp;<strong>se suma a las 412 vacantes que se cubrieron el a\u00f1o pasado<\/strong>. Mena remarc\u00f3 que ese resultado no signific\u00f3 el cierre del proceso y que el Gobierno trabaja para avanzar con nuevas coberturas.<\/p>\n\n\n\n<p><\/p>\n\n\n\n<p id=\"p-1788478214046-67669\">\u201cNo nos quedamos con el logro de las 412 vacantes que pudimos sanear con el gobernador y el Senado de la provincia de Buenos Aires el a\u00f1o pasado, sino que<em> estamos permanentemente trabajando\u201d<\/em>, dijo el ministro.<\/p>\n\n\n\n<p><\/p>\n\n\n\n<p id=\"p-1788478214046-68303\">Mena <strong>no mencion\u00f3, sin embargo, si se avanzar\u00e1 o no con las cuatro vacantes de la Corte Suprema<\/strong>, cuya cobertura ha pedido el propio tribunal. Es un retraso que genera adem\u00e1s del reclamo de actore del poder judicial, tensi\u00f3n pol\u00edtica pero respecto del cual Kicillof no parece dispuesto a avanzar.<\/p>\n\n\n\n<p><\/p>\n\n\n\n<p>Fuente: <em>Agencia DIB<\/em><\/p>\n\n\n\n<p><\/p>\n\n\n\n<figure class=\"wp-block-embed is-type-wp-embed is-provider-central-de-noticias-olavarr-a wp-block-embed-central-de-noticias-olavarr-a\"><div class=\"wp-block-embed__wrapper\">\n<blockquote class=\"wp-embedded-content\" data-secret=\"LFrzy3R6t4\"><a href=\"https:\/\/cdnoticias.com\/index.php\/2025\/09\/26\/el-departamento-judicial-de-azul-tiene-cuatro-nuevos-jueces\/\">El Departamento Judicial de Azul tiene cuatro nuevos jueces<\/a><\/blockquote><iframe loading=\"lazy\" class=\"wp-embedded-content\" sandbox=\"allow-scripts\" security=\"restricted\" style=\"position: absolute; visibility: hidden;\" title=\"&#8220;El Departamento Judicial de Azul tiene cuatro nuevos jueces&#8221; &#8212; Central de Noticias | Olavarr\u00eda\" src=\"https:\/\/cdnoticias.com\/index.php\/2025\/09\/26\/el-departamento-judicial-de-azul-tiene-cuatro-nuevos-jueces\/embed\/#?secret=WYieSe8fn0#?secret=LFrzy3R6t4\" data-secret=\"LFrzy3R6t4\" width=\"600\" height=\"338\" frameborder=\"0\" marginwidth=\"0\" marginheight=\"0\" scrolling=\"no\"><\/iframe>\n<\/div><\/figure>\n\n\n\n<p><\/p>\n","protected":false},"excerpt":{"rendered":"<p>Lo anunci\u00f3 el ministro de Justicia, Juan Mart\u00edn Mena. Se suma a las 412 vacantes que se cubrieron el a\u00f1o<\/p>\n","protected":false},"author":4,"featured_media":199696,"comment_status":"closed","ping_status":"closed","sticky":false,"template":"","format":"standard","meta":{"_jetpack_memberships_contains_paid_content":false,"footnotes":""},"categories":[6,1],"tags":[],"class_list":["post-213795","post","type-post","status-publish","format-standard","has-post-thumbnail","hentry","category-nacionales","category-portada"],"jetpack_featured_media_url":"https:\/\/i0.wp.com\/cdnoticias.com\/wp-content\/uploads\/2026\/04\/polo-judicial-olavarria-inauguracion-10-martin-mena.jpg?fit=1000%2C556&ssl=1","jetpack_sharing_enabled":true,"_links":{"self":[{"href":"https:\/\/cdnoticias.com\/index.php\/wp-json\/wp\/v2\/posts\/213795","targetHints":{"allow":["GET"]}}],"collection":[{"href":"https:\/\/cdnoticias.com\/index.php\/wp-json\/wp\/v2\/posts"}],"about":[{"href":"https:\/\/cdnoticias.com\/index.php\/wp-json\/wp\/v2\/types\/post"}],"author":[{"embeddable":true,"href":"https:\/\/cdnoticias.com\/index.php\/wp-json\/wp\/v2\/users\/4"}],"replies":[{"embeddable":true,"href":"https:\/\/cdnoticias.com\/index.php\/wp-json\/wp\/v2\/comments?post=213795"}],"version-history":[{"count":0,"href":"https:\/\/cdnoticias.com\/index.php\/wp-json\/wp\/v2\/posts\/213795\/revisions"}],"wp:featuredmedia":[{"embeddable":true,"href":"https:\/\/cdnoticias.com\/index.php\/wp-json\/wp\/v2\/media\/199696"}],"wp:attachment":[{"href":"https:\/\/cdnoticias.com\/index.php\/wp-json\/wp\/v2\/media?parent=213795"}],"wp:term":[{"taxonomy":"category","embeddable":true,"href":"https:\/\/cdnoticias.com\/index.php\/wp-json\/wp\/v2\/categories?post=213795"},{"taxonomy":"post_tag","embeddable":true,"href":"https:\/\/cdnoticias.com\/index.php\/wp-json\/wp\/v2\/tags?post=213795"}],"curies":[{"name":"wp","href":"https:\/\/api.w.org\/{rel}","templated":true}]}}