{"id":213780,"date":"2026-09-04T16:06:23","date_gmt":"2026-09-04T19:06:23","guid":{"rendered":"https:\/\/cdnoticias.com\/?p=213780"},"modified":"2026-09-04T16:06:25","modified_gmt":"2026-09-04T19:06:25","slug":"estamos-evaluando-los-pasos-a-seguir-aoma-confirmo-19-despidos-en-cantera-galasur","status":"publish","type":"post","link":"https:\/\/cdnoticias.com\/index.php\/2026\/09\/04\/estamos-evaluando-los-pasos-a-seguir-aoma-confirmo-19-despidos-en-cantera-galasur\/","title":{"rendered":"\u201cEstamos evaluando los pasos a seguir\u201d: AOMA confirm\u00f3 19 despidos en Cantera Galasur"},"content":{"rendered":"\n<p>El secretario general del gremio, Alejandro Santill\u00e1n, se\u00f1al\u00f3 que 17 de los trabajadores despedidos pertenecen a AOMA y cuestion\u00f3 la decisi\u00f3n empresarial.<\/p>\n\n\n\n<hr class=\"wp-block-separator has-alpha-channel-opacity\"\/>\n\n\n\n<p>El<strong> secretario General de AOMA, Alejandro Santill\u00e1n<\/strong>, habl\u00f3 con<em> Central de Noticias<\/em> luego de conocerse que<a href=\"https:\/\/cdnoticias.com\/index.php\/2026\/09\/03\/cantera-galasur-despidio-a-19-trabajadores-este-jueves\/\" data-type=\"link\" data-id=\"https:\/\/cdnoticias.com\/index.php\/2026\/09\/03\/cantera-galasur-despidio-a-19-trabajadores-este-jueves\/\"> Cantera Galasur despidi\u00f3 a 19 trabajadores<\/a> durante la jornada del jueves.<\/p>\n\n\n\n<p><\/p>\n\n\n\n<p>La <strong>empresa, ubicada en Sierra Chica, cuenta con 43 a\u00f1os de trayectoria<\/strong> y constituye una de las referencias de la actividad minera en el Partido de Olavarr\u00eda.<\/p>\n\n\n\n<p><\/p>\n\n\n\n<p>Santill\u00e1n indic\u00f3 que <strong>\u201cde 19 despidos, 17 son trabajadores de AOMA\u201d <\/strong>y se\u00f1al\u00f3 que \u201ctuvimos una<strong> audiencia en el Ministerio de Trabajo<\/strong>\u201d. En este marco, sostuvo que desde el gremio \u201cestamos evaluando los pasos a seguir\u201d.<\/p>\n\n\n\n<p><\/p>\n\n\n\n<blockquote class=\"wp-block-quote is-layout-flow wp-block-quote-is-layout-flow\">\n<p>Respecto de las causas de las desvinculaciones, asegur\u00f3 que \u201clos despidieron por el art\u00edculo 247, por la crisis que hay en la actividad\u201d.<\/p>\n<\/blockquote>\n\n\n\n<p><\/p>\n\n\n\n<p>El <strong>art\u00edculo 247 de la Ley de Contrato de Trabajo <\/strong>contempla una <strong>reducci\u00f3n de la indemnizaci\u00f3n por antig\u00fcedad c<\/strong>uando el despido se produce por fuerza mayor o por falta o disminuci\u00f3n de trabajo no imputable al empleador.<\/p>\n\n\n\n<p><\/p>\n\n\n\n<p>Por otra parte, el secretario general de AOMA explic\u00f3 que \u201cel resto de la gente por orden de la empresa no se est\u00e1 presentando a trabajar porque la empresa pidi\u00f3 que se reincorporara todo el personal reci\u00e9n el lunes\u201d.<\/p>\n\n\n\n<p><\/p>\n\n\n\n<p>En ese sentido, manifest\u00f3: <strong>\u201centendemos que es una maniobra para desvincular a estos compa\u00f1eros y no tener poder de fuego\u201d.<\/strong><\/p>\n\n\n\n<p><\/p>\n\n\n\n<p>Finalmente, Santill\u00e1n reiter\u00f3 que \u201cestamos evaluando, estamos hablando con la gente que est\u00e1 en su casa, que todav\u00eda no las convocaron a trabajar, a ver c\u00f3mo seguimos\u201d.<\/p>\n","protected":false},"excerpt":{"rendered":"<p>El secretario general del gremio, Alejandro Santill\u00e1n, se\u00f1al\u00f3 que 17 de los trabajadores despedidos pertenecen a AOMA y cuestion\u00f3 la<\/p>\n","protected":false},"author":5,"featured_media":71948,"comment_status":"closed","ping_status":"closed","sticky":false,"template":"","format":"standard","meta":{"_jetpack_memberships_contains_paid_content":false,"footnotes":""},"categories":[5,7],"tags":[],"class_list":["post-213780","post","type-post","status-publish","format-standard","has-post-thumbnail","hentry","category-informacion-general","category-central"],"jetpack_featured_media_url":"https:\/\/i0.wp.com\/cdnoticias.com\/wp-content\/uploads\/2022\/12\/santillan-alejandro-2-scaled.jpg?fit=2560%2C1424&ssl=1","jetpack_sharing_enabled":true,"_links":{"self":[{"href":"https:\/\/cdnoticias.com\/index.php\/wp-json\/wp\/v2\/posts\/213780","targetHints":{"allow":["GET"]}}],"collection":[{"href":"https:\/\/cdnoticias.com\/index.php\/wp-json\/wp\/v2\/posts"}],"about":[{"href":"https:\/\/cdnoticias.com\/index.php\/wp-json\/wp\/v2\/types\/post"}],"author":[{"embeddable":true,"href":"https:\/\/cdnoticias.com\/index.php\/wp-json\/wp\/v2\/users\/5"}],"replies":[{"embeddable":true,"href":"https:\/\/cdnoticias.com\/index.php\/wp-json\/wp\/v2\/comments?post=213780"}],"version-history":[{"count":1,"href":"https:\/\/cdnoticias.com\/index.php\/wp-json\/wp\/v2\/posts\/213780\/revisions"}],"predecessor-version":[{"id":213781,"href":"https:\/\/cdnoticias.com\/index.php\/wp-json\/wp\/v2\/posts\/213780\/revisions\/213781"}],"wp:featuredmedia":[{"embeddable":true,"href":"https:\/\/cdnoticias.com\/index.php\/wp-json\/wp\/v2\/media\/71948"}],"wp:attachment":[{"href":"https:\/\/cdnoticias.com\/index.php\/wp-json\/wp\/v2\/media?parent=213780"}],"wp:term":[{"taxonomy":"category","embeddable":true,"href":"https:\/\/cdnoticias.com\/index.php\/wp-json\/wp\/v2\/categories?post=213780"},{"taxonomy":"post_tag","embeddable":true,"href":"https:\/\/cdnoticias.com\/index.php\/wp-json\/wp\/v2\/tags?post=213780"}],"curies":[{"name":"wp","href":"https:\/\/api.w.org\/{rel}","templated":true}]}}