{"id":213778,"date":"2026-09-04T11:47:28","date_gmt":"2026-09-04T14:47:28","guid":{"rendered":"https:\/\/cdnoticias.com\/?p=213778"},"modified":"2026-09-04T11:47:31","modified_gmt":"2026-09-04T14:47:31","slug":"cementos-avellaneda-apuesta-al-futuro-del-pais-y-quiere-acompanar-el-crecimiento","status":"publish","type":"post","link":"https:\/\/cdnoticias.com\/index.php\/2026\/09\/04\/cementos-avellaneda-apuesta-al-futuro-del-pais-y-quiere-acompanar-el-crecimiento\/","title":{"rendered":"Cementos Avellaneda apuesta al futuro del pa\u00eds y quiere acompa\u00f1ar el crecimiento"},"content":{"rendered":"<p>La empresa atraviesa un escenario de estabilidad en el mercado del cemento y mantiene una mirada optimista sobre el desarrollo de la construcci\u00f3n y la infraestructura. Adem\u00e1s, avanza con proyectos vinculados a energ\u00edas renovables, sostenibilidad y diversificaci\u00f3n.<\/p>\n\n\n<hr class=\"wp-block-separator has-alpha-channel-opacity\"\/>\n\n\n\n<!--more-->\n\n\n\n<p>En el marco del <strong>D\u00eda de la Industria<\/strong>,<strong> Central de Noticias<\/strong> entrevist\u00f3 a<strong> Sebasti\u00e1n Heller, director de Asuntos Corporativos, Legales y de Sustentabilidad de Cementos Avellaneda<\/strong>, quien repas\u00f3 la actualidad de la compa\u00f1\u00eda, sus inversiones en energ\u00edas renovables, los avances en materia ambiental y los proyectos que se encuentran en desarrollo en Olavarr\u00eda.<\/p>\n\n\n\n<p><\/p>\n\n\n\n<p>Cementos Avellaneda fue<strong> fundada en 1919<\/strong>. Seg\u00fan explic\u00f3 Heller, la compa\u00f1\u00eda atraves\u00f3 a lo largo de su<strong> trayectoria diferentes escenarios econ\u00f3micos y productivos del pa\u00eds <\/strong>y actualmente transita una etapa que defini\u00f3 como de<strong> \u201cnueva normalidad\u201d<\/strong>.<\/p>\n\n\n\n<p><\/p>\n\n\n\n<figure class=\"wp-block-image size-full\"><img data-recalc-dims=\"1\" loading=\"lazy\" decoding=\"async\" width=\"800\" height=\"475\" src=\"https:\/\/i0.wp.com\/cdnoticias.com\/wp-content\/uploads\/2026\/09\/cementos-avellaneda-byn-00.jpg?resize=800%2C475&#038;ssl=1\" alt=\"\" class=\"wp-image-213783\" srcset=\"https:\/\/i0.wp.com\/cdnoticias.com\/wp-content\/uploads\/2026\/09\/cementos-avellaneda-byn-00.jpg?w=1000&amp;ssl=1 1000w, https:\/\/i0.wp.com\/cdnoticias.com\/wp-content\/uploads\/2026\/09\/cementos-avellaneda-byn-00.jpg?resize=300%2C178&amp;ssl=1 300w, https:\/\/i0.wp.com\/cdnoticias.com\/wp-content\/uploads\/2026\/09\/cementos-avellaneda-byn-00.jpg?resize=768%2C456&amp;ssl=1 768w\" sizes=\"auto, (max-width: 800px) 100vw, 800px\" \/><\/figure>\n\n\n\n<p><\/p>\n\n\n\n<p><strong>\u201cEste momento particular que estamos atravesando ahora, dir\u00eda que es de estabilidad\u201d <\/strong>se\u00f1al\u00f3. De acuerdo con los datos mencionados durante la entrevista, <strong>hasta julio se hab\u00edan despachado en Argentina alrededor de 5,5 millones de toneladas de cemento<\/strong>, una cifra similar a la del a\u00f1o anterior, aunque con una<a href=\"https:\/\/cdnoticias.com\/index.php\/2026\/08\/10\/despachos-de-cemento-caida-de-36-en-lo-que-va-del-ano\/\" target=\"_blank\" rel=\"noreferrer noopener\"> ca\u00edda aproximada del 3%<\/a>.<\/p>\n\n\n\n<p><\/p>\n\n\n\n<blockquote class=\"wp-block-quote is-layout-flow wp-block-quote-is-layout-flow\">\n<p>En ese contexto, sostuvo que se mantiene una perspectiva positiva: \u201cLa empresa sigue apostando al futuro del pa\u00eds y est\u00e1 preparada para acompa\u00f1ar el crecimiento\u201d.<\/p>\n<\/blockquote>\n\n\n\n<p><\/p>\n\n\n\n<h2 class=\"wp-block-heading\">Energ\u00edas renovables y una estrategia de sostenibilidad<\/h2>\n\n\n\n<p><\/p>\n\n\n\n<p>La <strong>sustentabilidad <\/strong>ocupa un lugar central en la estrategia de Cementos Avellaneda. El director explic\u00f3 que el concepto <em>atraviesa la misi\u00f3n, la visi\u00f3n y los valores de la compa\u00f1\u00eda<\/em> y que existe una hoja de ruta organizada en seis pilares.<\/p>\n\n\n\n<p><\/p>\n\n\n\n<p>Uno de ellos est\u00e1 relacionado con<strong> la huella ambiental de los procesos y productos<\/strong>. Dentro de ese eje, la empresa trabaja en la<strong> transformaci\u00f3n de su matriz energ\u00e9tica <\/strong>y en el <strong>reemplazo progresivo de fuentes convencionales<\/strong> por energ\u00edas renovables.<\/p>\n\n\n\n<p><\/p>\n\n\n\n<figure class=\"wp-block-image size-full\"><img data-recalc-dims=\"1\" loading=\"lazy\" decoding=\"async\" width=\"800\" height=\"600\" src=\"https:\/\/i0.wp.com\/cdnoticias.com\/wp-content\/uploads\/2026\/09\/cementos-avellaneda-parque-eolico-00.jpg?resize=800%2C600&#038;ssl=1\" alt=\"\" class=\"wp-image-213785\" srcset=\"https:\/\/i0.wp.com\/cdnoticias.com\/wp-content\/uploads\/2026\/09\/cementos-avellaneda-parque-eolico-00.jpg?w=1000&amp;ssl=1 1000w, https:\/\/i0.wp.com\/cdnoticias.com\/wp-content\/uploads\/2026\/09\/cementos-avellaneda-parque-eolico-00.jpg?resize=300%2C225&amp;ssl=1 300w, https:\/\/i0.wp.com\/cdnoticias.com\/wp-content\/uploads\/2026\/09\/cementos-avellaneda-parque-eolico-00.jpg?resize=768%2C576&amp;ssl=1 768w\" sizes=\"auto, (max-width: 800px) 100vw, 800px\" \/><\/figure>\n\n\n\n<p><\/p>\n\n\n\n<p>Uno de los proyectos se encuentra en la<strong> planta de San Luis<\/strong>, donde Cementos Avellaneda construy\u00f3, junto con Industrias Juan F. Secco S.A.,<strong> un parque solar <\/strong>de aproximadamente 45 hect\u00e1reas y 20 MW de generaci\u00f3n. Seg\u00fan detall\u00f3 Heller, esa instalaci\u00f3n permite<strong> abastecer alrededor del 60% de la demanda el\u00e9ctrica de la planta con energ\u00eda solar renovable autogenerada<\/strong>.<\/p>\n\n\n\n<p><\/p>\n\n\n\n<p>La experiencia tambi\u00e9n se traslad\u00f3 a Olavarr\u00eda. En este caso, la compa\u00f1\u00eda se asoci\u00f3 con YPF Luz para desarrollar el <strong>Parque E\u00f3lico Cementos Avellaneda (PECASA)<\/strong>, ubicado junto a la planta local. Cuenta con <strong>nueve aerogeneradores<\/strong>, cuatro de ellos destinados exclusivamente al abastecimiento de energ\u00eda e\u00f3lica renovable de la f\u00e1brica de Olavarr\u00eda. <strong>\u201cEl parque se puso en funcionamiento a comienzos de este a\u00f1o, y la verdad que con muy buenos resultados\u201d<\/strong>, afirm\u00f3 Heller. <a href=\"https:\/\/cdnoticias.com\/index.php\/2026\/02\/26\/se-inauguro-el-parque-eolico-casa-el-futuro-que-elegimos-construir-hoy-esta-aca\/\" target=\"_blank\" rel=\"noreferrer noopener\">Desde febrero la planta consume energ\u00eda el\u00e9ctrica renovable<\/a> generada por el parque, tras su habilitaci\u00f3n comercial.<\/p>\n\n\n\n<p><\/p>\n\n\n\n<figure class=\"wp-block-image size-full\"><img data-recalc-dims=\"1\" loading=\"lazy\" decoding=\"async\" width=\"800\" height=\"531\" src=\"https:\/\/i0.wp.com\/cdnoticias.com\/wp-content\/uploads\/2026\/02\/Parque-Eolico-CASA-Cementos-Olavarria-77.jpg?resize=800%2C531&#038;ssl=1\" alt=\"\" class=\"wp-image-196089\" srcset=\"https:\/\/i0.wp.com\/cdnoticias.com\/wp-content\/uploads\/2026\/02\/Parque-Eolico-CASA-Cementos-Olavarria-77.jpg?w=1024&amp;ssl=1 1024w, https:\/\/i0.wp.com\/cdnoticias.com\/wp-content\/uploads\/2026\/02\/Parque-Eolico-CASA-Cementos-Olavarria-77.jpg?resize=300%2C199&amp;ssl=1 300w, https:\/\/i0.wp.com\/cdnoticias.com\/wp-content\/uploads\/2026\/02\/Parque-Eolico-CASA-Cementos-Olavarria-77.jpg?resize=768%2C510&amp;ssl=1 768w, https:\/\/i0.wp.com\/cdnoticias.com\/wp-content\/uploads\/2026\/02\/Parque-Eolico-CASA-Cementos-Olavarria-77.jpg?resize=272%2C182&amp;ssl=1 272w\" sizes=\"auto, (max-width: 800px) 100vw, 800px\" \/><\/figure>\n\n\n\n<p><\/p>\n\n\n\n<p>La estrategia ambiental tambi\u00e9n contempla el <strong>reemplazo de combustibles f\u00f3siles utilizados en los procesos t\u00e9rmicos de fabricaci\u00f3n<\/strong>. En ese sentido, Heller destac\u00f3 que durante 2025 el <strong>20% de los combustibles utilizados para fabricar cemento fueron combustibles alternativos<\/strong> elaborados a partir de residuos y desechos de actividades agropecuarias. <em>\u201cLes damos una segunda vida, porque aprovechamos el poder energ\u00e9tico que tienen y los utilizamos como combustibles y sustituimos combustibles f\u00f3siles\u201d <\/em>explic\u00f3.<\/p>\n\n\n\n<p><\/p>\n\n\n\n<h2 class=\"wp-block-heading\">Inversiones, nuevos productos y proyectos para la comunidad<\/h2>\n\n\n\n<p><\/p>\n\n\n\n<p>Durante la entrevista, Heller tambi\u00e9n se refiri\u00f3 a la<strong> evoluci\u00f3n de la imagen y el packaging <\/strong>de los productos de Cementos Avellaneda lanzada hace pocos meses. Aclar\u00f3 que la empresa no considera que se trate simplemente de un cambio de imagen, sino de una <strong>evoluci\u00f3n destinada a acompa\u00f1ar su estrategia y comunicar de manera m\u00e1s clara<\/strong> las caracter\u00edsticas y atributos de sus productos.<\/p>\n\n\n\n<p><\/p>\n\n\n\n<figure class=\"wp-block-embed is-type-rich is-provider-instagram wp-block-embed-instagram\"><div class=\"wp-block-embed__wrapper\">\n<blockquote class=\"instagram-media\" data-instgrm-captioned data-instgrm-permalink=\"https:\/\/www.instagram.com\/p\/DcmRaxLIKNy\/?utm_source=ig_embed&amp;utm_campaign=loading\" data-instgrm-version=\"14\" style=\" background:#FFF; border:0; border-radius:3px; box-shadow:0 0 1px 0 rgba(0,0,0,0.5),0 1px 10px 0 rgba(0,0,0,0.15); margin: 1px; max-width:658px; min-width:326px; padding:0; width:99.375%; width:-webkit-calc(100% - 2px); width:calc(100% - 2px);\"><div style=\"padding:16px;\"> <a href=\"https:\/\/www.instagram.com\/p\/DcmRaxLIKNy\/?utm_source=ig_embed&amp;utm_campaign=loading\" style=\" background:#FFFFFF; line-height:0; padding:0 0; text-align:center; text-decoration:none; width:100%;\" target=\"_blank\"> <div style=\" display: flex; flex-direction: row; align-items: center;\"> <div style=\"background-color: #F4F4F4; border-radius: 50%; flex-grow: 0; height: 40px; margin-right: 14px; width: 40px;\"><\/div> <div style=\"display: flex; flex-direction: column; flex-grow: 1; justify-content: center;\"> <div style=\" background-color: #F4F4F4; border-radius: 4px; flex-grow: 0; height: 14px; margin-bottom: 6px; width: 100px;\"><\/div> <div style=\" background-color: #F4F4F4; border-radius: 4px; flex-grow: 0; height: 14px; width: 60px;\"><\/div><\/div><\/div><div style=\"padding: 19% 0;\"><\/div> <div style=\"display:block; height:50px; margin:0 auto 12px; width:50px;\"><svg width=\"50px\" height=\"50px\" viewBox=\"0 0 60 60\" version=\"1.1\" xmlns=\"https:\/\/www.w3.org\/2000\/svg\" xmlns:xlink=\"https:\/\/www.w3.org\/1999\/xlink\"><g stroke=\"none\" stroke-width=\"1\" fill=\"none\" fill-rule=\"evenodd\"><g transform=\"translate(-511.000000, -20.000000)\" fill=\"#000000\"><g><path d=\"M556.869,30.41 C554.814,30.41 553.148,32.076 553.148,34.131 C553.148,36.186 554.814,37.852 556.869,37.852 C558.924,37.852 560.59,36.186 560.59,34.131 C560.59,32.076 558.924,30.41 556.869,30.41 M541,60.657 C535.114,60.657 530.342,55.887 530.342,50 C530.342,44.114 535.114,39.342 541,39.342 C546.887,39.342 551.658,44.114 551.658,50 C551.658,55.887 546.887,60.657 541,60.657 M541,33.886 C532.1,33.886 524.886,41.1 524.886,50 C524.886,58.899 532.1,66.113 541,66.113 C549.9,66.113 557.115,58.899 557.115,50 C557.115,41.1 549.9,33.886 541,33.886 M565.378,62.101 C565.244,65.022 564.756,66.606 564.346,67.663 C563.803,69.06 563.154,70.057 562.106,71.106 C561.058,72.155 560.06,72.803 558.662,73.347 C557.607,73.757 556.021,74.244 553.102,74.378 C549.944,74.521 548.997,74.552 541,74.552 C533.003,74.552 532.056,74.521 528.898,74.378 C525.979,74.244 524.393,73.757 523.338,73.347 C521.94,72.803 520.942,72.155 519.894,71.106 C518.846,70.057 518.197,69.06 517.654,67.663 C517.244,66.606 516.755,65.022 516.623,62.101 C516.479,58.943 516.448,57.996 516.448,50 C516.448,42.003 516.479,41.056 516.623,37.899 C516.755,34.978 517.244,33.391 517.654,32.338 C518.197,30.938 518.846,29.942 519.894,28.894 C520.942,27.846 521.94,27.196 523.338,26.654 C524.393,26.244 525.979,25.756 528.898,25.623 C532.057,25.479 533.004,25.448 541,25.448 C548.997,25.448 549.943,25.479 553.102,25.623 C556.021,25.756 557.607,26.244 558.662,26.654 C560.06,27.196 561.058,27.846 562.106,28.894 C563.154,29.942 563.803,30.938 564.346,32.338 C564.756,33.391 565.244,34.978 565.378,37.899 C565.522,41.056 565.552,42.003 565.552,50 C565.552,57.996 565.522,58.943 565.378,62.101 M570.82,37.631 C570.674,34.438 570.167,32.258 569.425,30.349 C568.659,28.377 567.633,26.702 565.965,25.035 C564.297,23.368 562.623,22.342 560.652,21.575 C558.743,20.834 556.562,20.326 553.369,20.18 C550.169,20.033 549.148,20 541,20 C532.853,20 531.831,20.033 528.631,20.18 C525.438,20.326 523.257,20.834 521.349,21.575 C519.376,22.342 517.703,23.368 516.035,25.035 C514.368,26.702 513.342,28.377 512.574,30.349 C511.834,32.258 511.326,34.438 511.181,37.631 C511.035,40.831 511,41.851 511,50 C511,58.147 511.035,59.17 511.181,62.369 C511.326,65.562 511.834,67.743 512.574,69.651 C513.342,71.625 514.368,73.296 516.035,74.965 C517.703,76.634 519.376,77.658 521.349,78.425 C523.257,79.167 525.438,79.673 528.631,79.82 C531.831,79.965 532.853,80.001 541,80.001 C549.148,80.001 550.169,79.965 553.369,79.82 C556.562,79.673 558.743,79.167 560.652,78.425 C562.623,77.658 564.297,76.634 565.965,74.965 C567.633,73.296 568.659,71.625 569.425,69.651 C570.167,67.743 570.674,65.562 570.82,62.369 C570.966,59.17 571,58.147 571,50 C571,41.851 570.966,40.831 570.82,37.631\"><\/path><\/g><\/g><\/g><\/svg><\/div><div style=\"padding-top: 8px;\"> <div style=\" color:#3897f0; font-family:Arial,sans-serif; font-size:14px; font-style:normal; font-weight:550; line-height:18px;\">View this post on Instagram<\/div><\/div><div style=\"padding: 12.5% 0;\"><\/div> <div style=\"display: flex; flex-direction: row; margin-bottom: 14px; align-items: center;\"><div> <div style=\"background-color: #F4F4F4; border-radius: 50%; height: 12.5px; width: 12.5px; transform: translateX(0px) translateY(7px);\"><\/div> <div style=\"background-color: #F4F4F4; height: 12.5px; transform: rotate(-45deg) translateX(3px) translateY(1px); width: 12.5px; flex-grow: 0; margin-right: 14px; margin-left: 2px;\"><\/div> <div style=\"background-color: #F4F4F4; border-radius: 50%; height: 12.5px; width: 12.5px; transform: translateX(9px) translateY(-18px);\"><\/div><\/div><div style=\"margin-left: 8px;\"> <div style=\" background-color: #F4F4F4; border-radius: 50%; flex-grow: 0; height: 20px; width: 20px;\"><\/div> <div style=\" width: 0; height: 0; border-top: 2px solid transparent; border-left: 6px solid #f4f4f4; border-bottom: 2px solid transparent; transform: translateX(16px) translateY(-4px) rotate(30deg)\"><\/div><\/div><div style=\"margin-left: auto;\"> <div style=\" width: 0px; border-top: 8px solid #F4F4F4; border-right: 8px solid transparent; transform: translateY(16px);\"><\/div> <div style=\" background-color: #F4F4F4; flex-grow: 0; height: 12px; width: 16px; transform: translateY(-4px);\"><\/div> <div style=\" width: 0; height: 0; border-top: 8px solid #F4F4F4; border-left: 8px solid transparent; transform: translateY(-4px) translateX(8px);\"><\/div><\/div><\/div> <div style=\"display: flex; flex-direction: column; flex-grow: 1; justify-content: center; margin-bottom: 24px;\"> <div style=\" background-color: #F4F4F4; border-radius: 4px; flex-grow: 0; height: 14px; margin-bottom: 6px; width: 224px;\"><\/div> <div style=\" background-color: #F4F4F4; border-radius: 4px; flex-grow: 0; height: 14px; width: 144px;\"><\/div><\/div><\/a><\/div><\/blockquote><script async src=\"\/\/platform.instagram.com\/en_US\/embeds.js\"><\/script>\n<\/div><\/figure>\n\n\n\n<p><\/p>\n\n\n\n<p>En paralelo, record\u00f3 la <strong>adaptaci\u00f3n de los envases de cemento de 50 a 25 kilos<\/strong>, proceso que requiri\u00f3 inversiones y modificaciones en las maquinarias de despacho y en los espacios destinados al almacenamiento.<\/p>\n\n\n\n<p><\/p>\n\n\n\n<p>Otro de los ejes abordados fue el <strong>plan de remediaci\u00f3n desarrollado en el Camino de la Providencia<\/strong>. Heller indic\u00f3 que las obras avanzaron en diferentes etapas y que las postas ya se encuentran abiertas al p\u00fablico. Tambi\u00e9n se completaron el rescate arqueol\u00f3gico y la<strong> puesta en valor del Centro de Interpretaci\u00f3n del Horno Fasacal<\/strong>. Actualmente, seg\u00fan explic\u00f3, la empresa se encuentra en la <strong>etapa final de entrega del espacio al Municipio<\/strong>, de acuerdo con los compromisos asumidos con la comunidad.<strong> \u201cSeguramente en los pr\u00f3ximos meses tendremos novedades que se podr\u00e1n hacer p\u00fablicas\u201d<\/strong> anticip\u00f3.<\/p>\n\n\n\n<p><\/p>\n\n\n\n<p>A ese proyecto se sum\u00f3 adem\u00e1s una nueva <strong>posta, la n\u00famero 7<\/strong> del Camino de la Providencia, destinada a<strong> compartir con la comunidad distintos hallazgos en las aperturas de canteras<\/strong> en la zona.<\/p>\n\n\n\n<p><\/p>\n\n\n\n<figure class=\"wp-block-image size-full\"><img data-recalc-dims=\"1\" loading=\"lazy\" decoding=\"async\" width=\"800\" height=\"491\" src=\"https:\/\/i0.wp.com\/cdnoticias.com\/wp-content\/uploads\/2026\/09\/cementos-avellaneda-vivero-00.jpg?resize=800%2C491&#038;ssl=1\" alt=\"\" class=\"wp-image-213787\" srcset=\"https:\/\/i0.wp.com\/cdnoticias.com\/wp-content\/uploads\/2026\/09\/cementos-avellaneda-vivero-00.jpg?w=1000&amp;ssl=1 1000w, https:\/\/i0.wp.com\/cdnoticias.com\/wp-content\/uploads\/2026\/09\/cementos-avellaneda-vivero-00.jpg?resize=300%2C184&amp;ssl=1 300w, https:\/\/i0.wp.com\/cdnoticias.com\/wp-content\/uploads\/2026\/09\/cementos-avellaneda-vivero-00.jpg?resize=768%2C472&amp;ssl=1 768w\" sizes=\"auto, (max-width: 800px) 100vw, 800px\" \/><\/figure>\n\n\n\n<p><\/p>\n\n\n\n<p>Record\u00f3 que el proyecto incluy\u00f3 tambi\u00e9n la <strong>creaci\u00f3n de un vivero y la plantaci\u00f3n de m\u00e1s de 10.000 ejemplares de plantas aut\u00f3ctonas<\/strong> reproducidas all\u00ed, adem\u00e1s del trabajo conjunto con profesionales de diferentes disciplinas.<\/p>\n\n\n\n<p><\/p>\n\n\n\n<p>En cuanto al futuro de la compa\u00f1\u00eda, Heller destac\u00f3 el <strong>proceso de diversificaci\u00f3n<\/strong> iniciado recientemente. Cabe recordar que Cementos Avellaneda anunci\u00f3 la <a href=\"https:\/\/cdnoticias.com\/index.php\/2026\/06\/09\/cementos-avellaneda-adquirio-la-mayoria-del-paquete-accionario-de-protex\/\" target=\"_blank\" rel=\"noreferrer noopener\">adquisici\u00f3n del 70% de PROTEX<\/a>, una sociedad argentina dedicada a las <strong>soluciones integrales para la construcci\u00f3n<\/strong>.<\/p>\n\n\n\n<p><\/p>\n\n\n\n<blockquote class=\"wp-block-quote is-layout-flow wp-block-quote-is-layout-flow\">\n<p>\u201cEl camino es poder ofrecer una gama m\u00e1s amplia de productos a nuestros clientes, diversific\u00e1ndonos, manteniendo la calidad y la excelencia de nuestros productos, sumando valor agregado, siendo lo m\u00e1s eficientes posibles y competitivos\u201d explic\u00f3.<\/p>\n<\/blockquote>\n\n\n\n<p><\/p>\n\n\n\n<figure class=\"wp-block-image size-full\"><img data-recalc-dims=\"1\" loading=\"lazy\" decoding=\"async\" width=\"800\" height=\"518\" src=\"https:\/\/i0.wp.com\/cdnoticias.com\/wp-content\/uploads\/2026\/09\/cementos-avellaneda-planta-san-jacinto-00.jpg?resize=800%2C518&#038;ssl=1\" alt=\"\" class=\"wp-image-213786\" srcset=\"https:\/\/i0.wp.com\/cdnoticias.com\/wp-content\/uploads\/2026\/09\/cementos-avellaneda-planta-san-jacinto-00.jpg?w=1000&amp;ssl=1 1000w, https:\/\/i0.wp.com\/cdnoticias.com\/wp-content\/uploads\/2026\/09\/cementos-avellaneda-planta-san-jacinto-00.jpg?resize=300%2C194&amp;ssl=1 300w, https:\/\/i0.wp.com\/cdnoticias.com\/wp-content\/uploads\/2026\/09\/cementos-avellaneda-planta-san-jacinto-00.jpg?resize=768%2C497&amp;ssl=1 768w\" sizes=\"auto, (max-width: 800px) 100vw, 800px\" \/><\/figure>\n\n\n\n<p><\/p>\n\n\n\n<h2 class=\"wp-block-heading\">Una mirada de largo plazo para la industria<\/h2>\n\n\n\n<p><\/p>\n\n\n\n<p>Al referirse al escenario futuro, Heller vincul\u00f3 el desarrollo de la compa\u00f1\u00eda con las <strong>oportunidades que existen para el crecimiento de la construcci\u00f3n y la infraestructura <\/strong>en Argentina. Ante la consulta, valor\u00f3 <em>herramientas como el cr\u00e9dito hipotecario y las medidas destinadas a impulsar la obra y el acceso a la vivienda <\/em>que recientemente present\u00f3 el Gobierno Nacional. \u201cEl cr\u00e9dito hipotecario es una herramienta que a nivel mundial ha acompa\u00f1ado el crecimiento de la construcci\u00f3n y la posibilidad de todas las personas y las familias de acceder a una vivienda\u201d, sostuvo.<\/p>\n\n\n\n<p><\/p>\n\n\n\n<p>Para Cementos Avellaneda, la perspectiva de largo plazo est\u00e1 asociada a la posibilidad de acompa\u00f1ar ese crecimiento.<strong> \u201cEst\u00e1 todo por construirse nuestro pa\u00eds y tenemos que acompa\u00f1ar ese crecimiento\u201d<\/strong>, afirm\u00f3 Heller.<\/p>\n\n\n\n<p><\/p>\n\n\n\n<figure class=\"wp-block-image size-full\"><img data-recalc-dims=\"1\" loading=\"lazy\" decoding=\"async\" width=\"800\" height=\"394\" src=\"https:\/\/i0.wp.com\/cdnoticias.com\/wp-content\/uploads\/2026\/09\/cementos-avellaneda-hormigones-00.jpg?resize=800%2C394&#038;ssl=1\" alt=\"\" class=\"wp-image-213784\" srcset=\"https:\/\/i0.wp.com\/cdnoticias.com\/wp-content\/uploads\/2026\/09\/cementos-avellaneda-hormigones-00.jpg?w=1000&amp;ssl=1 1000w, https:\/\/i0.wp.com\/cdnoticias.com\/wp-content\/uploads\/2026\/09\/cementos-avellaneda-hormigones-00.jpg?resize=300%2C148&amp;ssl=1 300w, https:\/\/i0.wp.com\/cdnoticias.com\/wp-content\/uploads\/2026\/09\/cementos-avellaneda-hormigones-00.jpg?resize=768%2C379&amp;ssl=1 768w\" sizes=\"auto, (max-width: 800px) 100vw, 800px\" \/><\/figure>\n\n\n\n<p><\/p>\n\n\n\n<p>En el D\u00eda de la Industria, el mensaje de la empresa se vincula as\u00ed con<strong> una visi\u00f3n que combina expansi\u00f3n, incorporaci\u00f3n de valor, eficiencia y sostenibilidad<\/strong>. La apuesta incluye ampliar la oferta de productos y, al mismo tiempo, preservar los principios que dan identidad de la compa\u00f1\u00eda. <strong>\u201cSin descuidar los valores que nos trajeron hasta ac\u00e1, que para nosotros son muy importantes y son parte fundacional de la empresa\u201d<\/strong> remarc\u00f3 Heller.<\/p>\n\n\n\n<p><\/p>\n\n\n\n<p>Con m\u00e1s de un siglo de trayectoria, Cementos Avellaneda busca proyectar esa experiencia hacia los pr\u00f3ximos a\u00f1os, con inversiones, diversificaci\u00f3n y una estrategia centrada en la sostenibilidad. <strong>En el D\u00eda de la Industria, la compa\u00f1\u00eda deja as\u00ed un mensaje alentador: seguir apostando al pa\u00eds, acompa\u00f1ar su crecimiento y contribuir al progreso de la sociedad<\/strong>.<\/p>\n\n\n\n<p><\/p>\n\n\n\n<figure class=\"wp-block-embed is-type-wp-embed is-provider-central-de-noticias-olavarr-a wp-block-embed-central-de-noticias-olavarr-a\"><div class=\"wp-block-embed__wrapper\">\n<blockquote class=\"wp-embedded-content\" data-secret=\"vN2NQ8Y7Og\"><a href=\"https:\/\/cdnoticias.com\/index.php\/2026\/09\/02\/dia-de-la-industria-un-ano-con-balances-y-cargado-de-desafios\/\">D\u00eda de la Industria: un a\u00f1o con balances y cargado de desaf\u00edos<\/a><\/blockquote><iframe loading=\"lazy\" class=\"wp-embedded-content\" sandbox=\"allow-scripts\" security=\"restricted\" style=\"position: absolute; visibility: hidden;\" title=\"&#8220;D\u00eda de la Industria: un a\u00f1o con balances y cargado de desaf\u00edos&#8221; &#8212; Central de Noticias | Olavarr\u00eda\" src=\"https:\/\/cdnoticias.com\/index.php\/2026\/09\/02\/dia-de-la-industria-un-ano-con-balances-y-cargado-de-desafios\/embed\/#?secret=G9DhN59rVH#?secret=vN2NQ8Y7Og\" data-secret=\"vN2NQ8Y7Og\" width=\"600\" height=\"338\" frameborder=\"0\" marginwidth=\"0\" marginheight=\"0\" scrolling=\"no\"><\/iframe>\n<\/div><\/figure>\n","protected":false},"excerpt":{"rendered":"<p>La empresa atraviesa un escenario de estabilidad en el mercado del cemento y mantiene una mirada optimista sobre el desarrollo<\/p>\n","protected":false},"author":4,"featured_media":213462,"comment_status":"closed","ping_status":"closed","sticky":false,"template":"","format":"standard","meta":{"_jetpack_memberships_contains_paid_content":false,"footnotes":""},"categories":[5,7],"tags":[],"class_list":["post-213778","post","type-post","status-publish","format-standard","has-post-thumbnail","hentry","category-informacion-general","category-central"],"jetpack_featured_media_url":"https:\/\/i0.wp.com\/cdnoticias.com\/wp-content\/uploads\/2026\/09\/CASA-AR-Planta-Olavarria-scaled-e1788348222670.jpg?fit=2560%2C1220&ssl=1","jetpack_sharing_enabled":true,"_links":{"self":[{"href":"https:\/\/cdnoticias.com\/index.php\/wp-json\/wp\/v2\/posts\/213778","targetHints":{"allow":["GET"]}}],"collection":[{"href":"https:\/\/cdnoticias.com\/index.php\/wp-json\/wp\/v2\/posts"}],"about":[{"href":"https:\/\/cdnoticias.com\/index.php\/wp-json\/wp\/v2\/types\/post"}],"author":[{"embeddable":true,"href":"https:\/\/cdnoticias.com\/index.php\/wp-json\/wp\/v2\/users\/4"}],"replies":[{"embeddable":true,"href":"https:\/\/cdnoticias.com\/index.php\/wp-json\/wp\/v2\/comments?post=213778"}],"version-history":[{"count":3,"href":"https:\/\/cdnoticias.com\/index.php\/wp-json\/wp\/v2\/posts\/213778\/revisions"}],"predecessor-version":[{"id":213788,"href":"https:\/\/cdnoticias.com\/index.php\/wp-json\/wp\/v2\/posts\/213778\/revisions\/213788"}],"wp:featuredmedia":[{"embeddable":true,"href":"https:\/\/cdnoticias.com\/index.php\/wp-json\/wp\/v2\/media\/213462"}],"wp:attachment":[{"href":"https:\/\/cdnoticias.com\/index.php\/wp-json\/wp\/v2\/media?parent=213778"}],"wp:term":[{"taxonomy":"category","embeddable":true,"href":"https:\/\/cdnoticias.com\/index.php\/wp-json\/wp\/v2\/categories?post=213778"},{"taxonomy":"post_tag","embeddable":true,"href":"https:\/\/cdnoticias.com\/index.php\/wp-json\/wp\/v2\/tags?post=213778"}],"curies":[{"name":"wp","href":"https:\/\/api.w.org\/{rel}","templated":true}]}}