{"id":213771,"date":"2026-09-04T10:24:58","date_gmt":"2026-09-04T13:24:58","guid":{"rendered":"https:\/\/cdnoticias.com\/?p=213771"},"modified":"2026-09-04T10:25:01","modified_gmt":"2026-09-04T13:25:01","slug":"motociclista-herido-en-un-choque-en-barrio-roca-merlo","status":"publish","type":"post","link":"https:\/\/cdnoticias.com\/index.php\/2026\/09\/04\/motociclista-herido-en-un-choque-en-barrio-roca-merlo\/","title":{"rendered":"Motociclista herido en un choque en barrio Roca Merlo"},"content":{"rendered":"<p>Un joven de 24 a\u00f1os result\u00f3 con fractura este viernes y fue atendido en el Hospital Municipal. Colision\u00f3 con una combi.<\/p>\n\n\n<hr class=\"wp-block-separator has-alpha-channel-opacity\"\/>\n\n\n\n<!--more-->\n\n\n\n<p>Un hombre result\u00f3<strong> herido<\/strong> tras un <strong>siniestro de tr\u00e1nsito<\/strong> ocurrido este viernes en la intersecci\u00f3n de <strong>Lavalle y Rufino Fal<\/strong>, en Olavarr\u00eda. Se vieron involucrados dos veh\u00edculos: una moto y una combi.<\/p>\n\n\n\n<p><\/p>\n\n\n\n<p>Se trata de una<strong> motocicleta Motomel S3<\/strong> que colision\u00f3 con una <strong>Mercedes Benz Sprinter<\/strong>. La moto era conducida por un <strong>joven de 24 a\u00f1o<\/strong>s, mientras que al mando del utilitario se encontraba <strong>un hombre de 44 a\u00f1os<\/strong>.<\/p>\n\n\n\n<p><\/p>\n\n\n\n<blockquote class=\"wp-block-quote is-layout-flow wp-block-quote-is-layout-flow\">\n<p>Una ambulancia del SAME traslad\u00f3 al motociclista hacia el Hospital Municipal donde se constat\u00f3 que sufri\u00f3 una fractura en la pierna derecha. Se inform\u00f3 que se encontraba fuera de peligro.<\/p>\n<\/blockquote>\n\n\n\n<p><\/p>\n\n\n\n<p>El lugar fue preservado por efectivos del <strong>Comando de Patrullas<\/strong>. Se hizo presente personal de<strong> Polic\u00eda Cient\u00edfica<\/strong>. Ambos veh\u00edculos fueron recogidos y las actuaciones fueron remitidas a la <strong>Comisar\u00eda Primera<\/strong>.<\/p>\n\n\n\n<p><\/p>\n\n\n\n<p>La causa qued\u00f3 caratulada<strong> \u201clesiones culposas\u201d <\/strong>e interviene la <strong>UFI N\u00b0 10<\/strong> a cargo de la Dra. Mariela Viceconte.<\/p>\n\n\n\n<p><\/p>\n","protected":false},"excerpt":{"rendered":"<p>Un joven de 24 a\u00f1os result\u00f3 con fractura este viernes y fue atendido en el Hospital Municipal. Colision\u00f3 con una<\/p>\n","protected":false},"author":4,"featured_media":213772,"comment_status":"closed","ping_status":"closed","sticky":false,"template":"","format":"standard","meta":{"_jetpack_memberships_contains_paid_content":false,"footnotes":""},"categories":[7,14],"tags":[],"class_list":["post-213771","post","type-post","status-publish","format-standard","has-post-thumbnail","hentry","category-central","category-policiales"],"jetpack_featured_media_url":"https:\/\/i0.wp.com\/cdnoticias.com\/wp-content\/uploads\/2026\/09\/choque-lavalle-y-rufino-fal-00.jpg?fit=1000%2C557&ssl=1","jetpack_sharing_enabled":true,"_links":{"self":[{"href":"https:\/\/cdnoticias.com\/index.php\/wp-json\/wp\/v2\/posts\/213771","targetHints":{"allow":["GET"]}}],"collection":[{"href":"https:\/\/cdnoticias.com\/index.php\/wp-json\/wp\/v2\/posts"}],"about":[{"href":"https:\/\/cdnoticias.com\/index.php\/wp-json\/wp\/v2\/types\/post"}],"author":[{"embeddable":true,"href":"https:\/\/cdnoticias.com\/index.php\/wp-json\/wp\/v2\/users\/4"}],"replies":[{"embeddable":true,"href":"https:\/\/cdnoticias.com\/index.php\/wp-json\/wp\/v2\/comments?post=213771"}],"version-history":[{"count":1,"href":"https:\/\/cdnoticias.com\/index.php\/wp-json\/wp\/v2\/posts\/213771\/revisions"}],"predecessor-version":[{"id":213773,"href":"https:\/\/cdnoticias.com\/index.php\/wp-json\/wp\/v2\/posts\/213771\/revisions\/213773"}],"wp:featuredmedia":[{"embeddable":true,"href":"https:\/\/cdnoticias.com\/index.php\/wp-json\/wp\/v2\/media\/213772"}],"wp:attachment":[{"href":"https:\/\/cdnoticias.com\/index.php\/wp-json\/wp\/v2\/media?parent=213771"}],"wp:term":[{"taxonomy":"category","embeddable":true,"href":"https:\/\/cdnoticias.com\/index.php\/wp-json\/wp\/v2\/categories?post=213771"},{"taxonomy":"post_tag","embeddable":true,"href":"https:\/\/cdnoticias.com\/index.php\/wp-json\/wp\/v2\/tags?post=213771"}],"curies":[{"name":"wp","href":"https:\/\/api.w.org\/{rel}","templated":true}]}}