{"id":213770,"date":"2026-09-04T10:40:20","date_gmt":"2026-09-04T13:40:20","guid":{"rendered":"https:\/\/cdnoticias.com\/?p=213770"},"modified":"2026-09-04T10:40:22","modified_gmt":"2026-09-04T13:40:22","slug":"lo-que-no-queremos-es-la-agresion-golpearon-a-un-chofer-de-la-linea-514","status":"publish","type":"post","link":"https:\/\/cdnoticias.com\/index.php\/2026\/09\/04\/lo-que-no-queremos-es-la-agresion-golpearon-a-un-chofer-de-la-linea-514\/","title":{"rendered":"\u201cLo que no queremos es la agresi\u00f3n\u201d: golpearon a un chofer de la l\u00ednea 514"},"content":{"rendered":"\n<p>El delegado de Las Sierras, Jorge Pad\u00edn, se refiri\u00f3 a la agresi\u00f3n que sufri\u00f3 un chofer del servicio interurbano tras un conflicto por la carga de la tarjeta SUBE.<\/p>\n\n\n\n<hr class=\"wp-block-separator has-alpha-channel-opacity\"\/>\n\n\n\n<p>El <strong>delegado de la l\u00ednea de transporte interurbano Las Sierras, Jorge Pad\u00edn<\/strong>, se refiri\u00f3 a la <a href=\"https:\/\/cdnoticias.com\/index.php\/2026\/09\/04\/uta-repudio-la-agresion-fisica-sufrida-por-un-chofer-de-la-linea-514-en-olavarria\/\" data-type=\"link\" data-id=\"https:\/\/cdnoticias.com\/index.php\/2026\/09\/04\/uta-repudio-la-agresion-fisica-sufrida-por-un-chofer-de-la-linea-514-en-olavarria\/\">agresi\u00f3n f\u00edsica que sufri\u00f3 un chofer de la l\u00ednea 514 <\/a>durante la tarde del jueves en Olavarr\u00eda.<\/p>\n\n\n\n<p><\/p>\n\n\n\n<p>En di\u00e1logo con <strong>Levantate, por Radio Sapiens,<\/strong> Pad\u00edn explic\u00f3 que el episodio se produjo luego de <strong>inconvenientes registrados con el sistema de recarga de la tarjeta SUBE,<\/strong> que se extendieron desde el mi\u00e9rcoles hasta la tarde del jueves.<\/p>\n\n\n\n<p><\/p>\n\n\n\n<p>Seg\u00fan relat\u00f3, <strong>dos j\u00f3venes subieron a la unidad e intentaron acreditar la carga de la tarjeta SUBE mediante un tel\u00e9fono. <\/strong>Ante la imposibilidad de concretar la operaci\u00f3n, el chofer les indic\u00f3 que deb\u00edan abonar el boleto. <strong>Una mujer que se encontraba en el colectivo pag\u00f3 el pasaje de uno de ellos, tras lo cual comenz\u00f3 una discusi\u00f3n y agresiones verbales hacia el conductor.<\/strong><\/p>\n\n\n\n<p><\/p>\n\n\n\n<p>El chofer decidi\u00f3 detener la marcha y pedirle a uno de los pasajeros que descendiera de la unidad. De acuerdo con el relato de Pad\u00edn, una vez fuera del colectivo, <strong>el joven lo golpe\u00f3 dos veces en la cabeza. El trabajador habr\u00eda intentado cubrirse y result\u00f3 con una mano muy hinchada.<\/strong><\/p>\n\n\n\n<p><\/p>\n\n\n\n<blockquote class=\"wp-block-quote is-layout-flow wp-block-quote-is-layout-flow\">\n<p>\u201cLo tuvimos que bajar, llevarlo a revisar m\u00e1s que nada por la mano\u201d, se\u00f1al\u00f3 Pad\u00edn, quien agreg\u00f3 que el chofer se encontraba \u201cmuy mal\u201d luego del episodio.<\/p>\n<\/blockquote>\n\n\n\n<p><\/p>\n\n\n\n<p>El delegado sostuvo que <strong>los agresores est\u00e1n identificados<\/strong> y que cuentan con informaci\u00f3n sobre uno de ellos, quien ser\u00eda oriundo de Hinojo. Sin embargo, aclar\u00f3 que no pudieron determinar si se trata de un menor o un mayor de edad y que la empresa no difundir\u00e1 las fotograf\u00edas que posee.<\/p>\n\n\n\n<p><\/p>\n\n\n\n<p>Pad\u00edn tambi\u00e9n anticip\u00f3 que <strong>el trabajador se presentar\u00eda durante este viernes para radicar una denuncia<\/strong> y que \u00e9l mantendr\u00eda una reuni\u00f3n con representantes de la Municipalidad, luego de que desde el Ejecutivo local se comunicaran durante la noche.<\/p>\n\n\n\n<p><\/p>\n\n\n\n<p>Adem\u00e1s, explic\u00f3 que <strong>se evaluar\u00e1n medidas para evitar nuevos inconvenientes, entre ellas la posibilidad de cambiar al trabajador de l\u00ednea.<\/strong> \u201cLo que no queremos es la agresi\u00f3n, no queremos que suceda\u201d, remarc\u00f3.<\/p>\n\n\n\n<p><\/p>\n\n\n\n<p>El delegado diferenci\u00f3 este episodio de situaciones anteriores y afirm\u00f3 que, <strong>si bien son habituales las agresiones verbales hacia los trabajadores, hasta ahora no hab\u00edan llegado a una situaci\u00f3n de violencia f\u00edsica de estas caracter\u00edsticas.<\/strong><\/p>\n\n\n\n<p><\/p>\n\n\n\n<p>Por \u00faltimo, Pad\u00edn advirti\u00f3 sobre los riesgos a los que quedan expuestos los choferes durante este tipo de situaciones. Seg\u00fan plante\u00f3, una agresi\u00f3n con un elemento cortopunzante podr\u00eda haber tenido consecuencias mayores.<\/p>\n\n\n\n<p><\/p>\n\n\n\n<figure class=\"wp-block-embed is-type-wp-embed is-provider-central-de-noticias-olavarr-a wp-block-embed-central-de-noticias-olavarr-a\"><div class=\"wp-block-embed__wrapper\">\n<blockquote class=\"wp-embedded-content\" data-secret=\"YcOOa2CW4U\"><a href=\"https:\/\/cdnoticias.com\/index.php\/2026\/09\/04\/uta-repudio-la-agresion-fisica-sufrida-por-un-chofer-de-la-linea-514-en-olavarria\/\">UTA repudi\u00f3 la agresi\u00f3n f\u00edsica sufrida por un chofer de la l\u00ednea 514 en Olavarr\u00eda<\/a><\/blockquote><iframe loading=\"lazy\" class=\"wp-embedded-content\" sandbox=\"allow-scripts\" security=\"restricted\" style=\"position: absolute; visibility: hidden;\" title=\"&#8220;UTA repudi\u00f3 la agresi\u00f3n f\u00edsica sufrida por un chofer de la l\u00ednea 514 en Olavarr\u00eda&#8221; &#8212; Central de Noticias | Olavarr\u00eda\" src=\"https:\/\/cdnoticias.com\/index.php\/2026\/09\/04\/uta-repudio-la-agresion-fisica-sufrida-por-un-chofer-de-la-linea-514-en-olavarria\/embed\/#?secret=XZb7GG0nOg#?secret=YcOOa2CW4U\" data-secret=\"YcOOa2CW4U\" width=\"600\" height=\"338\" frameborder=\"0\" marginwidth=\"0\" marginheight=\"0\" scrolling=\"no\"><\/iframe>\n<\/div><\/figure>\n","protected":false},"excerpt":{"rendered":"<p>El delegado de Las Sierras, Jorge Pad\u00edn, se refiri\u00f3 a la agresi\u00f3n que sufri\u00f3 un chofer del servicio interurbano tras<\/p>\n","protected":false},"author":5,"featured_media":57260,"comment_status":"closed","ping_status":"closed","sticky":false,"template":"","format":"standard","meta":{"_jetpack_memberships_contains_paid_content":false,"footnotes":""},"categories":[5,7],"tags":[],"class_list":["post-213770","post","type-post","status-publish","format-standard","has-post-thumbnail","hentry","category-informacion-general","category-central"],"jetpack_featured_media_url":"https:\/\/i0.wp.com\/cdnoticias.com\/wp-content\/uploads\/2022\/06\/terminal-colectivos-las-sierras-00.jpg?fit=800%2C445&ssl=1","jetpack_sharing_enabled":true,"_links":{"self":[{"href":"https:\/\/cdnoticias.com\/index.php\/wp-json\/wp\/v2\/posts\/213770","targetHints":{"allow":["GET"]}}],"collection":[{"href":"https:\/\/cdnoticias.com\/index.php\/wp-json\/wp\/v2\/posts"}],"about":[{"href":"https:\/\/cdnoticias.com\/index.php\/wp-json\/wp\/v2\/types\/post"}],"author":[{"embeddable":true,"href":"https:\/\/cdnoticias.com\/index.php\/wp-json\/wp\/v2\/users\/5"}],"replies":[{"embeddable":true,"href":"https:\/\/cdnoticias.com\/index.php\/wp-json\/wp\/v2\/comments?post=213770"}],"version-history":[{"count":3,"href":"https:\/\/cdnoticias.com\/index.php\/wp-json\/wp\/v2\/posts\/213770\/revisions"}],"predecessor-version":[{"id":213777,"href":"https:\/\/cdnoticias.com\/index.php\/wp-json\/wp\/v2\/posts\/213770\/revisions\/213777"}],"wp:featuredmedia":[{"embeddable":true,"href":"https:\/\/cdnoticias.com\/index.php\/wp-json\/wp\/v2\/media\/57260"}],"wp:attachment":[{"href":"https:\/\/cdnoticias.com\/index.php\/wp-json\/wp\/v2\/media?parent=213770"}],"wp:term":[{"taxonomy":"category","embeddable":true,"href":"https:\/\/cdnoticias.com\/index.php\/wp-json\/wp\/v2\/categories?post=213770"},{"taxonomy":"post_tag","embeddable":true,"href":"https:\/\/cdnoticias.com\/index.php\/wp-json\/wp\/v2\/tags?post=213770"}],"curies":[{"name":"wp","href":"https:\/\/api.w.org\/{rel}","templated":true}]}}