{"id":213767,"date":"2026-09-04T08:54:48","date_gmt":"2026-09-04T11:54:48","guid":{"rendered":"https:\/\/cdnoticias.com\/?p=213767"},"modified":"2026-09-04T09:08:12","modified_gmt":"2026-09-04T12:08:12","slug":"uta-repudio-la-agresion-fisica-sufrida-por-un-chofer-de-la-linea-514-en-olavarria","status":"publish","type":"post","link":"https:\/\/cdnoticias.com\/index.php\/2026\/09\/04\/uta-repudio-la-agresion-fisica-sufrida-por-un-chofer-de-la-linea-514-en-olavarria\/","title":{"rendered":"UTA repudi\u00f3 la agresi\u00f3n f\u00edsica sufrida por un chofer de la l\u00ednea 514 en Olavarr\u00eda"},"content":{"rendered":"<p>El sindicato advirti\u00f3 que no permitir\u00e1 nuevas agresiones contra sus trabajadores y anticip\u00f3 que podr\u00eda tomar medidas para resguardar su integridad f\u00edsica.<\/p>\n\n\n<hr class=\"wp-block-separator has-alpha-channel-opacity\"\/>\n\n\n\n<!--more-->\n\n\n\n<p>La <strong>Uni\u00f3n Tranviarios Automotor (UTA)<\/strong> delegaci\u00f3n Tandil expres\u00f3 su<strong> \u201cen\u00e9rgico\u201d repudio a la agresi\u00f3n f\u00edsica<\/strong> que<strong> sufri\u00f3 un trabajador de la l\u00ednea 514 <\/strong>en la tarde del jueves en Olavarr\u00eda.<\/p>\n\n\n\n<p><\/p>\n\n\n\n<p>Se trata de la<strong> l\u00ednea interurbana que une Olavarr\u00eda, Sierra Chica e Hinojo<\/strong> a trav\u00e9s del servicio de la empresa Las Sierras.<\/p>\n\n\n\n<p><\/p>\n\n\n\n<p>A trav\u00e9s de un comunicado<strong> firmado por Sebasti\u00e1n Altamiranda, delegado regional, y Jorge Pad\u00edn, delegado de Las Sierras<\/strong>, la organizaci\u00f3n sindical manifest\u00f3 su <strong>rechazo al episodio<\/strong> y advirti\u00f3 sobre <strong>posibles medidas <\/strong>ante una reiteraci\u00f3n de hechos de violencia.<\/p>\n\n\n\n<p><\/p>\n\n\n\n<blockquote class=\"wp-block-quote is-layout-flow wp-block-quote-is-layout-flow\">\n<p>\u201cA ra\u00edz de una agresi\u00f3n f\u00edsica sufrida a un compa\u00f1ero de la l\u00ednea 514, en el servicio de las 19 hs. en la ciudad de Olavarr\u00eda, desde nuestro sindicato repudiamos en\u00e9rgicamente todo acto de violencia\u201d, se\u00f1alaron.<\/p>\n<\/blockquote>\n\n\n\n<p><\/p>\n\n\n\n<p>En el mismo comunicado, desde UTA remarcaron: <strong>\u201cNo permitiremos ning\u00fan tipo de agresi\u00f3n hacia nuestros trabajadores\u201d<\/strong>.<\/p>\n\n\n\n<p><\/p>\n\n\n\n<p>Finalmente, los representantes sindicales advirtieron que, en caso de repetirse una situaci\u00f3n de estas caracter\u00edsticas, <strong>se ver\u00e1n \u201cobligados a tomar las medidas necesarias en resguardo de la integridad f\u00edsica de nuestros compa\u00f1eros\u201d<\/strong>.<\/p>\n\n\n\n<p><\/p>\n","protected":false},"excerpt":{"rendered":"<p>El sindicato advirti\u00f3 que no permitir\u00e1 nuevas agresiones contra sus trabajadores y anticip\u00f3 que podr\u00eda tomar medidas para resguardar su<\/p>\n","protected":false},"author":4,"featured_media":85719,"comment_status":"closed","ping_status":"closed","sticky":false,"template":"","format":"standard","meta":{"_jetpack_memberships_contains_paid_content":false,"footnotes":""},"categories":[5,7],"tags":[],"class_list":["post-213767","post","type-post","status-publish","format-standard","has-post-thumbnail","hentry","category-informacion-general","category-central"],"jetpack_featured_media_url":"https:\/\/i0.wp.com\/cdnoticias.com\/wp-content\/uploads\/2023\/05\/colectivo-las-sierras-interurbano-0.jpg?fit=800%2C445&ssl=1","jetpack_sharing_enabled":true,"_links":{"self":[{"href":"https:\/\/cdnoticias.com\/index.php\/wp-json\/wp\/v2\/posts\/213767","targetHints":{"allow":["GET"]}}],"collection":[{"href":"https:\/\/cdnoticias.com\/index.php\/wp-json\/wp\/v2\/posts"}],"about":[{"href":"https:\/\/cdnoticias.com\/index.php\/wp-json\/wp\/v2\/types\/post"}],"author":[{"embeddable":true,"href":"https:\/\/cdnoticias.com\/index.php\/wp-json\/wp\/v2\/users\/4"}],"replies":[{"embeddable":true,"href":"https:\/\/cdnoticias.com\/index.php\/wp-json\/wp\/v2\/comments?post=213767"}],"version-history":[{"count":2,"href":"https:\/\/cdnoticias.com\/index.php\/wp-json\/wp\/v2\/posts\/213767\/revisions"}],"predecessor-version":[{"id":213769,"href":"https:\/\/cdnoticias.com\/index.php\/wp-json\/wp\/v2\/posts\/213767\/revisions\/213769"}],"wp:featuredmedia":[{"embeddable":true,"href":"https:\/\/cdnoticias.com\/index.php\/wp-json\/wp\/v2\/media\/85719"}],"wp:attachment":[{"href":"https:\/\/cdnoticias.com\/index.php\/wp-json\/wp\/v2\/media?parent=213767"}],"wp:term":[{"taxonomy":"category","embeddable":true,"href":"https:\/\/cdnoticias.com\/index.php\/wp-json\/wp\/v2\/categories?post=213767"},{"taxonomy":"post_tag","embeddable":true,"href":"https:\/\/cdnoticias.com\/index.php\/wp-json\/wp\/v2\/tags?post=213767"}],"curies":[{"name":"wp","href":"https:\/\/api.w.org\/{rel}","templated":true}]}}