{"id":213762,"date":"2026-09-04T08:44:57","date_gmt":"2026-09-04T11:44:57","guid":{"rendered":"https:\/\/cdnoticias.com\/?p=213762"},"modified":"2026-09-04T10:25:22","modified_gmt":"2026-09-04T13:25:22","slug":"milei-anuncio-sanciones-a-empresas-que-operen-en-malvinas-y-la-construccion-de-una-base-naval","status":"publish","type":"post","link":"https:\/\/cdnoticias.com\/index.php\/2026\/09\/04\/milei-anuncio-sanciones-a-empresas-que-operen-en-malvinas-y-la-construccion-de-una-base-naval\/","title":{"rendered":"Milei anunci\u00f3 sanciones a empresas que operen en Malvinas y la construcci\u00f3n de una base naval"},"content":{"rendered":"<p>Anticip\u00f3 medidas para fortalecer las capacidad de Argentina para evitar la explotaci\u00f3n unilateral de recursos en las Islas por parte de Gran Breta\u00f1a. Mencion\u00f3 las declaraciones de Trump sobre la posici\u00f3n de EE.UU. en el conflicto por la soberan\u00eda. Y pidi\u00f3 unidad nacional en el tema.<\/p>\n\n\n<hr class=\"wp-block-separator has-alpha-channel-opacity\"\/>\n\n\n\n<!--more-->\n\n\n\n<p>El <strong>presidente Javier Milei anunci\u00f3<\/strong> este jueves el <strong>endurecimiento del r\u00e9gimen de sanciones contra empresas que operen la extracci\u00f3n de recursos en las Islas Malvinas<\/strong> y la <strong>construcci\u00f3n de una Base Naval Integrada en Tierra del Fuego<\/strong>, adem\u00e1s de la<strong> creaci\u00f3n de un Consejo de Seguridad Nacional<\/strong>, durante una cadena nacional dedicada exclusivamente a la cuesti\u00f3n de la soberan\u00eda en las Islas en las que expl\u00edcitamente cit\u00f3 las declaraciones del presidente de Estados Unidos, Donald Trump, sobre la posibilidad de que ese pa\u00eds revise su posici\u00f3n al respecto.<\/p>\n\n\n\n<p><\/p>\n\n\n\n<p id=\"p-1788483639947-20487\">Milei dio un discurso de unos 10 minutos, rodeado de la totalidad de los miembros de su gabinete, de un <strong>fuerte tono reivindicativo en la soberan\u00eda argentina<\/strong> en las Islas en un marco de expectativa por el anuncio anticipado de que lo har\u00eda, lanzado el mismo d\u00eda en que <strong>Trump mencion\u00f3 por primera vez que eval\u00faa la posibilidad de que EEUU revise su posici\u00f3n de neutralidad hist\u00f3rica en el conflicto<\/strong>, algo que volvi\u00f3 a sugerir este jueves, de un modo menos expl\u00edcito, en una entrevista en la que dej\u00f3 clara la tensi\u00f3n pol\u00edtica entre su pa\u00eds y Gran Breta\u00f1a.<\/p>\n\n\n\n<p id=\"p-1788483639947-28639\"><\/p>\n\n\n\n<blockquote class=\"wp-block-quote is-layout-flow wp-block-quote-is-layout-flow\">\n<p>Milei hizo foco en el proyecto Sea Lion, una iniciativa para extraer petr\u00f3leo en la cuenca norte de Malvinas gestionada a trav\u00e9s de una joint venture que integran las empresas israel\u00ed Navitas y la brit\u00e1nica Rockhopper. \u201cSea Lion implica algo especialmente grave que no hab\u00eda sucedido nunca: la extracci\u00f3n de un recurso no renovable que pertenece a los argentinos. Si no actuamos, en pocos meses tendr\u00e1n la capacidad material de apropiarse de las reservas de petr\u00f3leo que yacen bajo nuestro mar\u201d, dijo el presidente.<\/p>\n<\/blockquote>\n\n\n\n<p><\/p>\n\n\n\n<p id=\"p-1788483639947-82430\">En concreto, Milei anunci\u00f3 en ese punto un decreto para <strong>\u201creglar el procedimiento para darle mayor coordinaci\u00f3n y celeridad\u201d<\/strong> a la aplicaci\u00f3n de la ley 26.659 -sancionada en 2011, durante el gobierno de Cristina Fern\u00e1ndez- \u201cpara sancionar a quienes no reconocen nuestra soberan\u00eda y avanzan en la explotaci\u00f3n de nuestros recursos\u201d. Dijo que <strong>endurecer\u00e1n sanciones \u201ctanto penales como administrativas, a las empresas que presten servicios a aquellos que realizan explotaciones hidrocarbur\u00edferas\u201d<\/strong>.<\/p>\n\n\n\n<p><\/p>\n\n\n\n<p id=\"p-1788483639947-39378\">Por otra parte, adelant\u00f3 el<strong> env\u00edo de un proyecto de Ley de Defensa de la Soberan\u00eda Nacional<\/strong>, adem\u00e1s de modificar la Ley N\u00b0 26.659 para crear un Consejo de Seguridad Nacional para definir la pol\u00edtica de seguridad nacional y \u201cque esta se aplique de forma transversal\u201d. El presidente se\u00f1al\u00f3 que<strong> \u201cesto permitir\u00e1 una estrategia coordinada en la defensa de la soberan\u00eda y del territorio nacional, y en la recuperaci\u00f3n de las Islas Malvinas\u201d<\/strong>.<\/p>\n\n\n\n<p><\/p>\n\n\n\n<p id=\"p-1788483639947-44416\">Finalmente, en el plano de los anuncios Milei adelant\u00f3 que \u201cel Gobierno Nacional ampliar\u00e1 los recursos del Ministerio de Defensa para <strong>avanzar en la construcci\u00f3n de una Base Naval Integrada en Tierra del Fuego e incrementar nuestras capacidades en telecomunicaciones<\/strong>. La Base permitir\u00e1 convertir a la Argentina en un polo log\u00edstico central del Atl\u00e1ntico Sur y <strong>fortalecer nuestra proyecci\u00f3n geopol\u00edtica<\/strong> en una regi\u00f3n estrat\u00e9gica para el futuro del pa\u00eds\u201d. La referencia de Milei es a<strong> una base en Tierra del Fuego cuya construcci\u00f3n se detuvo hace unos meses.<\/strong><\/p>\n\n\n\n<p><\/p>\n\n\n\n<p><\/p>\n\n\n\n<h2 class=\"wp-block-heading\" id=\"p-1788483639947-87402\">La mirada geopol\u00edtica<\/h2>\n\n\n\n<p><\/p>\n\n\n\n<p id=\"p-1788483639948-22568\">Milei dej\u00f3 en claro que tom\u00f3 el guante que le dej\u00f3 Donald Trump. El mandatario estadounidense viene amagando con revisar la el apoyo de ese pa\u00eds al Reino Unido. En su discurso, <strong>Milei dijo que los Estados Unidos \u201cest\u00e1 revaluando su posici\u00f3n hist\u00f3rica con relaci\u00f3n a Malvinas. Esta amenaza no es inocua<\/strong>. Los Estados Unidos eval\u00faan ese cambio de posici\u00f3n porque <strong>saben que en la Argentina tiene un socio confiable<\/strong>, alineado con los valores occidentales, en una posici\u00f3n de relevancia estrat\u00e9gica, que puede ser un aliado valioso en las d\u00e9cadas por venir\u201d.<\/p>\n\n\n\n<p><\/p>\n\n\n\n<p id=\"p-1788483639948-17605\">Y sostuvo que este posible cambio de posici\u00f3n se debe al<strong> \u201cdeclive\u201d del Reino Unido frente al \u201cfuturo floreciente\u201d que promete Argentina<\/strong>. Seg\u00fan su opini\u00f3n, esto se debe en parte a que Argentina no tiene los \u201cproblemas\u201d de inmigraci\u00f3n que s\u00ed tienen los brit\u00e1nicos.<\/p>\n\n\n\n<p><\/p>\n\n\n\n<h2 class=\"wp-block-heading\" id=\"p-1788483970861-49719\">El pedido de unidad nacional<\/h2>\n\n\n\n<p><\/p>\n\n\n\n<p id=\"p-1788484075811-19677\">Milei finalmente convoc\u00f3 a la<strong> dirigencia \u201cpol\u00edtica, econ\u00f3mica y social\u201d de la Argentina a mostrar un \u201cfrente unido\u201d <\/strong>en la causa por la soberan\u00eda de las Islas Malvinas.<\/p>\n\n\n\n<p id=\"p-1788484075811-26913\"><\/p>\n\n\n\n<blockquote class=\"wp-block-quote is-layout-flow wp-block-quote-is-layout-flow\">\n<p id=\"p-1788484075811-26913\">\u201cEste tema demanda una pausa, que hagamos nuestras armas a un lado y mostremos un frente unido ante el mundo como Naci\u00f3n y como sociedad. Hay causas que est\u00e1n por encima de cualquier diferencia pol\u00edtica y Malvinas es una de ellas\u201d, expres\u00f3 Milei por cadena nacional.<\/p>\n<\/blockquote>\n\n\n\n<p><\/p>\n\n\n\n<p>Fuente: <em>Agencia DIB<\/em><\/p>\n","protected":false},"excerpt":{"rendered":"<p>Anticip\u00f3 medidas para fortalecer las capacidad de Argentina para evitar la explotaci\u00f3n unilateral de recursos en las Islas por parte<\/p>\n","protected":false},"author":4,"featured_media":213763,"comment_status":"closed","ping_status":"closed","sticky":false,"template":"","format":"standard","meta":{"_jetpack_memberships_contains_paid_content":false,"footnotes":""},"categories":[6,1],"tags":[],"class_list":["post-213762","post","type-post","status-publish","format-standard","has-post-thumbnail","hentry","category-nacionales","category-portada"],"jetpack_featured_media_url":"https:\/\/i0.wp.com\/cdnoticias.com\/wp-content\/uploads\/2026\/09\/milei-cadena-nacional-gabinete.jpg?fit=1000%2C562&ssl=1","jetpack_sharing_enabled":true,"_links":{"self":[{"href":"https:\/\/cdnoticias.com\/index.php\/wp-json\/wp\/v2\/posts\/213762","targetHints":{"allow":["GET"]}}],"collection":[{"href":"https:\/\/cdnoticias.com\/index.php\/wp-json\/wp\/v2\/posts"}],"about":[{"href":"https:\/\/cdnoticias.com\/index.php\/wp-json\/wp\/v2\/types\/post"}],"author":[{"embeddable":true,"href":"https:\/\/cdnoticias.com\/index.php\/wp-json\/wp\/v2\/users\/4"}],"replies":[{"embeddable":true,"href":"https:\/\/cdnoticias.com\/index.php\/wp-json\/wp\/v2\/comments?post=213762"}],"version-history":[{"count":2,"href":"https:\/\/cdnoticias.com\/index.php\/wp-json\/wp\/v2\/posts\/213762\/revisions"}],"predecessor-version":[{"id":213765,"href":"https:\/\/cdnoticias.com\/index.php\/wp-json\/wp\/v2\/posts\/213762\/revisions\/213765"}],"wp:featuredmedia":[{"embeddable":true,"href":"https:\/\/cdnoticias.com\/index.php\/wp-json\/wp\/v2\/media\/213763"}],"wp:attachment":[{"href":"https:\/\/cdnoticias.com\/index.php\/wp-json\/wp\/v2\/media?parent=213762"}],"wp:term":[{"taxonomy":"category","embeddable":true,"href":"https:\/\/cdnoticias.com\/index.php\/wp-json\/wp\/v2\/categories?post=213762"},{"taxonomy":"post_tag","embeddable":true,"href":"https:\/\/cdnoticias.com\/index.php\/wp-json\/wp\/v2\/tags?post=213762"}],"curies":[{"name":"wp","href":"https:\/\/api.w.org\/{rel}","templated":true}]}}