{"id":213755,"date":"2026-09-03T20:01:20","date_gmt":"2026-09-03T23:01:20","guid":{"rendered":"https:\/\/cdnoticias.com\/?p=213755"},"modified":"2026-09-03T20:01:22","modified_gmt":"2026-09-03T23:01:22","slug":"docentes-universitarios-rechazaron-el-3-y-preparan-nuevas-medidas-de-fuerza","status":"publish","type":"post","link":"https:\/\/cdnoticias.com\/index.php\/2026\/09\/03\/docentes-universitarios-rechazaron-el-3-y-preparan-nuevas-medidas-de-fuerza\/","title":{"rendered":"Docentes universitarios rechazaron el 3% y preparan nuevas medidas de fuerza"},"content":{"rendered":"\n<p>Los sindicatos de base realizar\u00e1n asambleas y consultas para definir la continuidad del plan de lucha. Tambi\u00e9n se analiza una nueva Marcha Federal Universitaria.<\/p>\n\n\n\n<hr class=\"wp-block-separator aligncenter has-alpha-channel-opacity\"\/>\n\n\n\n<p>Los <strong>docentes universitarios realizaron este \u00faltimo mi\u00e9rcoles un paro nacional de actividades<\/strong> luego de rechazar una propuesta de aumento salarial del 3% presentada por el Gobierno nacional en la \u00faltima reuni\u00f3n paritaria.<\/p>\n\n\n\n<p>La medida tuvo un alto acatamiento en todo el pa\u00eds, seg\u00fan informaron los gremios, que <strong>ahora definir\u00e1n nuevas acciones de protesta para la pr\u00f3xima semana y comenzar\u00e1n a trabajar en la organizaci\u00f3n de una nueva Marcha Federal Universitaria, prevista para fines de septiembre o comienzos de octubre.<\/strong><\/p>\n\n\n\n<p>La Federaci\u00f3n Nacional de Docentes Universitarios (CONADU) inform\u00f3 que<strong> los sindicatos de base realizar\u00e1n este jueves y viernes asambleas y consultas para determinar c\u00f3mo continuar\u00e1 el plan de lucha.<\/strong><\/p>\n\n\n\n<p class=\"has-medium-font-size\">Rechazo a la propuesta salarial<\/p>\n\n\n\n<p>El <strong>Frente Sindical Universitario rechaz\u00f3 de manera un\u00e1nime la oferta realizada por el Gobierno nacional<\/strong> durante la reuni\u00f3n paritaria del 1\u00ba de septiembre, convocada por funcionarios del Ministerio de Capital Humano.<\/p>\n\n\n\n<p>El encuentro estuvo encabezado por el <strong>subsecretario de Pol\u00edticas Universitarias, Alejandro \u00c1lvarez, quien present\u00f3 los lineamientos de la propuesta oficial.<\/strong><\/p>\n\n\n\n<p>La oferta contempla un<strong> incremento del 3% en las remuneraciones correspondientes a septiembre y ratifica otro aumento del 3% para octubre, porcentaje que hab\u00eda sido acordado y comprometido formalmente durante las mesas de negociaci\u00f3n de junio.<\/strong><\/p>\n\n\n\n<p>Desde CONADU cuestionaron la propuesta y plantearon que el sector docente busca recuperar el poder adquisitivo perdido.<\/p>\n\n\n\n<p>Clara Chevalier, secretaria General de la organizaci\u00f3n, sostuvo que <em><strong>\u201cno fue una oferta, fue una provocaci\u00f3n\u201d <\/strong><\/em>y se\u00f1al\u00f3 que los gremios concurrieron a la paritaria \u201ccon la determinaci\u00f3n de recuperar lo perdido\u201d.<\/p>\n\n\n\n<p><strong>Seg\u00fan los sindicatos, la deuda salarial alcanza el 31,2%, a lo que deben sumarse agosto, salarios adeudados y el abordaje del Fondo Nacional de Incentivo Docente (FONID).<\/strong><\/p>\n\n\n\n<p>En ese marco, <strong>los gremios sostienen que la resoluci\u00f3n del conflicto requiere el cumplimiento de la Ley de Financiamiento Universitario.<\/strong><\/p>\n\n\n\n<p>Tras el rechazo de la propuesta,<strong> la Subsecretar\u00eda de Pol\u00edticas Universitarias promovi\u00f3 la reanudaci\u00f3n de las negociaciones para el jueves 17.<\/strong><\/p>\n\n\n\n<p>Mientras tanto, <strong>CONADU y los sindicatos de base avanzar\u00e1n con asambleas y consultas durante este jueves y viernes para definir nuevas acciones de protesta.<\/strong><\/p>\n\n\n\n<p>Entre las medidas que se encuentran en an\u00e1lisis <strong>est\u00e1 la realizaci\u00f3n de una nueva Marcha Federal Universitaria hacia fines de septiembre o comienzos de octubre.<\/strong><\/p>\n\n\n\n<p>En paralelo al conflicto salarial,<strong> el juez federal Mart\u00edn Cormick otorg\u00f3 al Poder Ejecutivo un plazo de tres d\u00edas para presentar un informe destinado a documentar el grado de cumplimiento de la Ley de Financiamiento Universitario, seg\u00fan informaron los gremios.<\/strong><\/p>\n\n\n\n<p>Desde el Gobierno, en tanto, se\u00f1alaron que <strong>la propuesta de recomposici\u00f3n salarial forma parte del \u201cesfuerzo financiero continuo\u201d destinado al sostenimiento del sistema de educaci\u00f3n superior y remarcaron el peso de las partidas destinadas a las universidades nacionales dentro del presupuesto nacional.<\/strong><\/p>\n\n\n\n<p><\/p>\n","protected":false},"excerpt":{"rendered":"<p>Los sindicatos de base realizar\u00e1n asambleas y consultas para definir la continuidad del plan de lucha. Tambi\u00e9n se analiza una<\/p>\n","protected":false},"author":2,"featured_media":203086,"comment_status":"closed","ping_status":"closed","sticky":false,"template":"","format":"standard","meta":{"_jetpack_memberships_contains_paid_content":false,"footnotes":""},"categories":[4,1],"tags":[],"class_list":["post-213755","post","type-post","status-publish","format-standard","has-post-thumbnail","hentry","category-politica","category-portada"],"jetpack_featured_media_url":"https:\/\/i0.wp.com\/cdnoticias.com\/wp-content\/uploads\/2026\/05\/Marcha-Universitaria-Olavarria-24.jpg?fit=1024%2C680&ssl=1","jetpack_sharing_enabled":true,"_links":{"self":[{"href":"https:\/\/cdnoticias.com\/index.php\/wp-json\/wp\/v2\/posts\/213755","targetHints":{"allow":["GET"]}}],"collection":[{"href":"https:\/\/cdnoticias.com\/index.php\/wp-json\/wp\/v2\/posts"}],"about":[{"href":"https:\/\/cdnoticias.com\/index.php\/wp-json\/wp\/v2\/types\/post"}],"author":[{"embeddable":true,"href":"https:\/\/cdnoticias.com\/index.php\/wp-json\/wp\/v2\/users\/2"}],"replies":[{"embeddable":true,"href":"https:\/\/cdnoticias.com\/index.php\/wp-json\/wp\/v2\/comments?post=213755"}],"version-history":[{"count":1,"href":"https:\/\/cdnoticias.com\/index.php\/wp-json\/wp\/v2\/posts\/213755\/revisions"}],"predecessor-version":[{"id":213756,"href":"https:\/\/cdnoticias.com\/index.php\/wp-json\/wp\/v2\/posts\/213755\/revisions\/213756"}],"wp:featuredmedia":[{"embeddable":true,"href":"https:\/\/cdnoticias.com\/index.php\/wp-json\/wp\/v2\/media\/203086"}],"wp:attachment":[{"href":"https:\/\/cdnoticias.com\/index.php\/wp-json\/wp\/v2\/media?parent=213755"}],"wp:term":[{"taxonomy":"category","embeddable":true,"href":"https:\/\/cdnoticias.com\/index.php\/wp-json\/wp\/v2\/categories?post=213755"},{"taxonomy":"post_tag","embeddable":true,"href":"https:\/\/cdnoticias.com\/index.php\/wp-json\/wp\/v2\/tags?post=213755"}],"curies":[{"name":"wp","href":"https:\/\/api.w.org\/{rel}","templated":true}]}}