{"id":213750,"date":"2026-09-03T19:50:42","date_gmt":"2026-09-03T22:50:42","guid":{"rendered":"https:\/\/cdnoticias.com\/?p=213750"},"modified":"2026-09-03T19:50:44","modified_gmt":"2026-09-03T22:50:44","slug":"estudiantes-secundarios-buscan-que-olavarria-recupere-la-farandula-estudiantil-para-2027","status":"publish","type":"post","link":"https:\/\/cdnoticias.com\/index.php\/2026\/09\/03\/estudiantes-secundarios-buscan-que-olavarria-recupere-la-farandula-estudiantil-para-2027\/","title":{"rendered":"Estudiantes secundarios buscan que Olavarr\u00eda recupere la Far\u00e1ndula Estudiantil para 2027"},"content":{"rendered":"\n<p>Uni\u00f3n Estudiantil de Secundaria 7 present\u00f3 el proyecto ante el Municipio. La propuesta tambi\u00e9n contempla crear una comisi\u00f3n para organizar actividades estudiantiles durante todo el a\u00f1o.<\/p>\n\n\n\n<hr class=\"wp-block-separator aligncenter has-alpha-channel-opacity\"\/>\n\n\n\n<p>El<strong> Centro de Estudiantes Uni\u00f3n Estudiantil de la Escuela de Educaci\u00f3n Secundaria N\u00ba 7<\/strong> present\u00f3 ante la Municipalidad de Olavarr\u00eda el proyecto <em>\u201cRecuperaci\u00f3n de la Far\u00e1ndula Estudiantil de Olavarr\u00eda y creaci\u00f3n de la Comisi\u00f3n Organizadora de Eventos Estudiantiles\u201d.<\/em><\/p>\n\n\n\n<p>La iniciativa propone comenzar durante los pr\u00f3ximos meses un proceso de organizaci\u00f3n que permita <strong>proyectar una nueva edici\u00f3n de la hist\u00f3rica celebraci\u00f3n estudiantil para septiembre de 2027. El proyecto fue entregado en la Secretar\u00eda del Municipio y qued\u00f3 a consideraci\u00f3n del Departamento Ejecutivo Municipal.<\/strong><\/p>\n\n\n\n<p>La presentaci\u00f3n se produjo durante una jornada que reuni\u00f3 nuevamente a estudiantes de distintas instituciones educativas de la ciudad, con el objetivo de fortalecer los espacios de encuentro, organizaci\u00f3n y participaci\u00f3n de los Centros de Estudiantes. En ese marco tambi\u00e9n comenzaron a abordarse las actividades previstas para el pr\u00f3ximo 16 de septiembre, por el D\u00eda Nacional de la Juventud y el 50.\u00ba aniversario de la Noche de los L\u00e1pices.<\/p>\n\n\n\n<h2 class=\"wp-block-heading\">De unas fotograf\u00edas a una propuesta para toda la ciudad<\/h2>\n\n\n\n<figure class=\"wp-block-image size-full\"><img data-recalc-dims=\"1\" loading=\"lazy\" decoding=\"async\" width=\"768\" height=\"576\" src=\"https:\/\/i0.wp.com\/cdnoticias.com\/wp-content\/uploads\/2026\/09\/seundaria7-farandula2.jpeg?resize=768%2C576&#038;ssl=1\" alt=\"\" class=\"wp-image-213753\" srcset=\"https:\/\/i0.wp.com\/cdnoticias.com\/wp-content\/uploads\/2026\/09\/seundaria7-farandula2.jpeg?w=768&amp;ssl=1 768w, https:\/\/i0.wp.com\/cdnoticias.com\/wp-content\/uploads\/2026\/09\/seundaria7-farandula2.jpeg?resize=300%2C225&amp;ssl=1 300w\" sizes=\"auto, (max-width: 768px) 100vw, 768px\" \/><\/figure>\n\n\n\n<p>El origen de la iniciativa estuvo en la<strong> revisi\u00f3n de fotograf\u00edas y materiales hist\u00f3ricos de Secundaria 7. All\u00ed aparecieron im\u00e1genes de las carrozas con las que la entonces Escuela de Educaci\u00f3n Media N\u00ba 7, actualmente Escuela de Educaci\u00f3n Secundaria N\u00ba 7, particip\u00f3 de la Far\u00e1ndula Estudiantil de Olavarr\u00eda durante 2005 y 2006.<\/strong><\/p>\n\n\n\n<p>Las fotograf\u00edas generaron preguntas entre los estudiantes:<strong> qu\u00e9 era la Far\u00e1ndula, c\u00f3mo se organizaba, qui\u00e9nes constru\u00edan las carrozas, qu\u00e9 lugar ten\u00edan los alumnos y por qu\u00e9 hab\u00eda dejado de realizarse.<\/strong><\/p>\n\n\n\n<p>En ese proceso tambi\u00e9n surgi\u00f3 el contacto con la <strong>profesora de Arte Esther Rodr\u00edguez, quien hab\u00eda participado junto con estudiantes en la creaci\u00f3n de las carrozas de aquellas ediciones.<\/strong> Rodr\u00edguez fue adem\u00e1s impulsora y fundadora del Paseo Carlos Gardel de Olavarr\u00eda.<\/p>\n\n\n\n<p>El intercambio permiti\u00f3 recuperar testimonios sobre el trabajo que implicaba la elaboraci\u00f3n de las carrozas y sobre la dimensi\u00f3n art\u00edstica y comunitaria que hab\u00eda alcanzado la celebraci\u00f3n. A partir de all\u00ed,<strong> la investigaci\u00f3n hist\u00f3rica comenz\u00f3 a transformarse en una propuesta para recuperar la Far\u00e1ndula.<\/strong><\/p>\n\n\n\n<p><strong>Rodr\u00edguez ser\u00e1 pr\u00f3ximamente entrevistada en la radio de Secundaria 7 para aportar en primera persona sus recuerdos<\/strong> y continuar con la reconstrucci\u00f3n de la historia institucional.<\/p>\n\n\n\n<h2 class=\"wp-block-heading\">Una tradici\u00f3n con d\u00e9cadas de historia<\/h2>\n\n\n\n<p>Los antecedentes recopilados para el proyecto ubican la <strong>Far\u00e1ndula Estudiantil de Olavarr\u00eda desde fines de la d\u00e9cada de 1950, vinculada con los festejos por el D\u00eda del Estudiante y la llegada de la primavera.<\/strong><\/p>\n\n\n\n<p><strong>Durante d\u00e9cadas, estudiantes de diferentes instituciones educativas participaron de la preparaci\u00f3n de carrozas, disfraces y representaciones art\u00edsticas y humor\u00edsticas.<\/strong><\/p>\n\n\n\n<p>Algunos registros hist\u00f3ricos se\u00f1alan que <strong>en 1969 participaron 18 carrozas, mientras que en 1970 se registraron alrededor de 20, distribuidas entre categor\u00edas art\u00edsticas y humor\u00edsticas.<\/strong><\/p>\n\n\n\n<p>La celebraci\u00f3n involucraba tambi\u00e9n a distintos sectores de la comunidad. <strong>Entre ellos aparece la Asociaci\u00f3n Propulsores de la Calle Vicente L\u00f3pez, integrada por comerciantes de esa arteria del centro olavarriense y vinculada hist\u00f3ricamente con la organizaci\u00f3n de estas actividades.<\/strong><\/p>\n\n\n\n<p>Las carrozas compet\u00edan en distintas categor\u00edas y exist\u00edan premios. Seg\u00fan los testimonios recuperados, <strong>en algunos casos los premios econ\u00f3micos eran utilizados por los cursos para financiar otras actividades, como viajes de estudio.<\/strong><\/p>\n\n\n\n<p>Tambi\u00e9n figura el <strong>Banco de Olavarr\u00eda, entidad actualmente inexistente que durante la d\u00e9cada de 1980 patrocin\u00f3 la Far\u00e1ndula <\/strong>y acompa\u00f1\u00f3 econ\u00f3micamente distintos acontecimientos culturales de la ciudad.<\/p>\n\n\n\n<h2 class=\"wp-block-heading\">El antecedente de 2005<\/h2>\n\n\n\n<p>Luego de diferentes interrupciones,<strong> la Far\u00e1ndula Estudiantil volvi\u00f3 a impulsarse en 2005 por iniciativa de la Municipalidad de Olavarr\u00eda junto con una comisi\u00f3n organizadora.<\/strong><\/p>\n\n\n\n<p>En aquella recuperaci\u00f3n particip\u00f3 Nacional 2, que en ese momento era la Escuela de Educaci\u00f3n Media N\u00ba 7. Las fotograf\u00edas que dieron origen a la investigaci\u00f3n actual corresponden precisamente a ese per\u00edodo y muestran a estudiantes trabajando en torno a las carrozas, junto con docentes como Esther Rodr\u00edguez.<\/p>\n\n\n\n<p><strong>El proyecto presentado ahora no busca reproducir de manera exacta las celebraciones del pasado, sino recuperar su esp\u00edritu y adaptarlo a las formas de expresi\u00f3n de las nuevas generaciones.<\/strong><\/p>\n\n\n\n<p><strong>La eventual edici\u00f3n de 2027 podr\u00eda contemplar promociones, distintivos de cada escuela, vestimentas y colores representativos, banderas, carrozas, coreograf\u00edas, m\u00fasica, danza, disfraces, producciones art\u00edsticas y audiovisuales, intervenciones culturales y categor\u00edas art\u00edsticas o humor\u00edsticas, adem\u00e1s de otras propuestas que surjan de los propios estudiantes.<\/strong><\/p>\n\n\n\n<h2 class=\"wp-block-heading\">Una comisi\u00f3n organizadora de eventos estudiantiles<\/h2>\n\n\n\n<figure class=\"wp-block-image size-large\"><img data-recalc-dims=\"1\" loading=\"lazy\" decoding=\"async\" width=\"768\" height=\"1024\" src=\"https:\/\/i0.wp.com\/cdnoticias.com\/wp-content\/uploads\/2026\/09\/seundaria7-farandula1.jpeg?resize=768%2C1024&#038;ssl=1\" alt=\"\" class=\"wp-image-213751\" srcset=\"https:\/\/i0.wp.com\/cdnoticias.com\/wp-content\/uploads\/2026\/09\/seundaria7-farandula1.jpeg?resize=768%2C1024&amp;ssl=1 768w, https:\/\/i0.wp.com\/cdnoticias.com\/wp-content\/uploads\/2026\/09\/seundaria7-farandula1.jpeg?resize=225%2C300&amp;ssl=1 225w, https:\/\/i0.wp.com\/cdnoticias.com\/wp-content\/uploads\/2026\/09\/seundaria7-farandula1.jpeg?w=1152&amp;ssl=1 1152w\" sizes=\"auto, (max-width: 768px) 100vw, 768px\" \/><\/figure>\n\n\n\n<p>El segundo eje del proyecto es la creaci\u00f3n de una <strong>Comisi\u00f3n Organizadora de Eventos Estudiantiles de Olavarr\u00eda.<\/strong><\/p>\n\n\n\n<p><strong>La propuesta toma especialmente como referencia la experiencia de Tandil,<\/strong> aunque plantea construir un esquema acorde con la realidad local. La comisi\u00f3n estar\u00eda integrada principalmente por representantes de los Centros de Estudiantes de las escuelas secundarias y podr\u00eda articular con el Municipio, las \u00e1reas municipales correspondientes, las autoridades educativas y otras instituciones.<\/p>\n\n\n\n<p>El objetivo es que <strong>los j\u00f3venes no sean solamente convocados para participar de actividades organizadas por terceros, sino que tambi\u00e9n puedan pensarlas, debatirlas, organizarlas y tomar decisiones sobre ellas.<\/strong><\/p>\n\n\n\n<p>La comisi\u00f3n podr\u00eda sostenerse m\u00e1s all\u00e1 de una eventual Far\u00e1ndula y funcionar como un espacio permanente de encuentro entre los Centros de Estudiantes para elaborar un calendario anual de actividades.<\/p>\n\n\n\n<p>Entre las posibilidades mencionadas aparecen<strong> propuestas culturales y art\u00edsticas, actividades deportivas intercolegiales, encuentros de promociones, acciones recreativas o solidarias y actividades vinculadas con el D\u00eda del Estudiante.<\/strong><\/p>\n\n\n\n<h2 class=\"wp-block-heading\">El financiamiento y la participaci\u00f3n de todas las escuelas<\/h2>\n\n\n\n<p>El proyecto tambi\u00e9n contempla la necesidad de<strong> establecer mecanismos de financiamiento que permitan garantizar la participaci\u00f3n de las distintas instituciones.<\/strong><\/p>\n\n\n\n<p>La propuesta plantea<strong> articular con comercios, empresas, instituciones y organizaciones mediante materiales, servicios, premios, auspicios u otras formas de colaboraci\u00f3n.<\/strong><\/p>\n\n\n\n<p>El objetivo es<strong> evitar que la participaci\u00f3n dependa exclusivamente de los recursos econ\u00f3micos de los estudiantes o de sus familias y procurar que todas las escuelas puedan formar parte de la celebraci\u00f3n.<\/strong><\/p>\n\n\n\n<p>En ese sentido, la iniciativa toma como antecedente la participaci\u00f3n comunitaria que hist\u00f3ricamente acompa\u00f1\u00f3 a la Far\u00e1ndula.<\/p>\n\n\n\n<h2 class=\"wp-block-heading\">El objetivo est\u00e1 puesto en septiembre de 2027<\/h2>\n\n\n\n<p>La propuesta no plantea organizar una nueva edici\u00f3n durante 2026. <strong>El objetivo es iniciar ahora el proceso de di\u00e1logo y organizaci\u00f3n para llegar a septiembre de 2027.<\/strong><\/p>\n\n\n\n<p>Durante los \u00faltimos meses de 2026 podr\u00eda comenzar el intercambio institucional,<strong> mientras que al inicio del ciclo lectivo 2027 se prev\u00e9 una convocatoria amplia a los Centros de Estudiantes para avanzar en una mesa de trabajo.<\/strong><\/p>\n\n\n\n<p>En ese espacio deber\u00edan discutirse la conformaci\u00f3n de la comisi\u00f3n, el formato de la Far\u00e1ndula, las modalidades de participaci\u00f3n, las categor\u00edas, el recorrido, las condiciones de seguridad, el financiamiento y la articulaci\u00f3n con las instituciones educativas.<\/p>\n\n\n\n<p>Tambi\u00e9n podr\u00eda definirse c\u00f3mo integrar las tradiciones que actualmente construyen las promociones de las escuelas secundarias.<\/p>\n\n\n\n<h2 class=\"wp-block-heading\">Un proyecto que queda en manos de una nueva generaci\u00f3n<\/h2>\n\n\n\n<p>La iniciativa adquiere adem\u00e1s una particularidad vinculada con la actualidad del Centro de Estudiantes de Secundaria 7.<\/p>\n\n\n\n<p><strong>Uni\u00f3n Estudiantil transita sus \u00faltimas semanas al frente de la organizaci\u00f3n, mientras se aproximan las pr\u00f3ximas elecciones y comienzan a conformarse nuevas listas.<\/strong><\/p>\n\n\n\n<p><strong>El presidente del Centro de Estudiantes, Mat\u00edas Yapour, y la vicepresidenta, B\u00e1rbara Soraiz, tambi\u00e9n comienzan a transitar su despedida de la conducci\u00f3n estudiantil y de la propia Secundaria 7.<\/strong><\/p>\n\n\n\n<p>En una entrevista realizada d\u00edas atr\u00e1s en \u201cSecundaria 7 al Aire\u201d, ambos se refirieron al proceso de recambio, a la necesidad de delegar responsabilidades y a la llegada de una nueva conducci\u00f3n.<\/p>\n\n\n\n<p>En ese contexto, <strong>el proyecto para recuperar la Far\u00e1ndula constituye uno de los \u00faltimos proyectos impulsados por Uni\u00f3n Estudiantil antes del recambio de autoridades.<\/strong><\/p>\n\n\n\n<p>Quienes participaron de su elaboraci\u00f3n y presentaci\u00f3n probablemente no sean quienes deban desarrollarlo durante 2027.<strong> La continuidad quedar\u00e1 en manos de los estudiantes que asuman posteriormente la conducci\u00f3n del Centro.<\/strong><\/p>\n\n\n\n<p>La propuesta naci\u00f3 cuando una generaci\u00f3n encontr\u00f3 fotograf\u00edas de otras generaciones construyendo carrozas. <strong>A partir de esas im\u00e1genes, los estudiantes reconstruyeron una parte de la historia de Olavarr\u00eda, recuperaron testimonios y decidieron presentar un proyecto para que una nueva generaci\u00f3n tenga la posibilidad de volver a llevar la Far\u00e1ndula Estudiantil a las calles de la ciudad.<\/strong><\/p>\n\n\n\n<p>El proyecto ya fue presentado ante el Municipio.<strong> Ahora resta que las instituciones, los Centros de Estudiantes y la comunidad comiencen a debatir su posible recuperaci\u00f3n para septiembre de 2027.<\/strong><\/p>\n","protected":false},"excerpt":{"rendered":"<p>Uni\u00f3n Estudiantil de Secundaria 7 present\u00f3 el proyecto ante el Municipio. La propuesta tambi\u00e9n contempla crear una comisi\u00f3n para organizar<\/p>\n","protected":false},"author":2,"featured_media":213752,"comment_status":"closed","ping_status":"closed","sticky":false,"template":"","format":"standard","meta":{"_jetpack_memberships_contains_paid_content":false,"footnotes":""},"categories":[5,7],"tags":[],"class_list":["post-213750","post","type-post","status-publish","format-standard","has-post-thumbnail","hentry","category-informacion-general","category-central"],"jetpack_featured_media_url":"https:\/\/i0.wp.com\/cdnoticias.com\/wp-content\/uploads\/2026\/09\/seundaria7-farandula.jpeg?fit=768%2C576&ssl=1","jetpack_sharing_enabled":true,"_links":{"self":[{"href":"https:\/\/cdnoticias.com\/index.php\/wp-json\/wp\/v2\/posts\/213750","targetHints":{"allow":["GET"]}}],"collection":[{"href":"https:\/\/cdnoticias.com\/index.php\/wp-json\/wp\/v2\/posts"}],"about":[{"href":"https:\/\/cdnoticias.com\/index.php\/wp-json\/wp\/v2\/types\/post"}],"author":[{"embeddable":true,"href":"https:\/\/cdnoticias.com\/index.php\/wp-json\/wp\/v2\/users\/2"}],"replies":[{"embeddable":true,"href":"https:\/\/cdnoticias.com\/index.php\/wp-json\/wp\/v2\/comments?post=213750"}],"version-history":[{"count":1,"href":"https:\/\/cdnoticias.com\/index.php\/wp-json\/wp\/v2\/posts\/213750\/revisions"}],"predecessor-version":[{"id":213754,"href":"https:\/\/cdnoticias.com\/index.php\/wp-json\/wp\/v2\/posts\/213750\/revisions\/213754"}],"wp:featuredmedia":[{"embeddable":true,"href":"https:\/\/cdnoticias.com\/index.php\/wp-json\/wp\/v2\/media\/213752"}],"wp:attachment":[{"href":"https:\/\/cdnoticias.com\/index.php\/wp-json\/wp\/v2\/media?parent=213750"}],"wp:term":[{"taxonomy":"category","embeddable":true,"href":"https:\/\/cdnoticias.com\/index.php\/wp-json\/wp\/v2\/categories?post=213750"},{"taxonomy":"post_tag","embeddable":true,"href":"https:\/\/cdnoticias.com\/index.php\/wp-json\/wp\/v2\/tags?post=213750"}],"curies":[{"name":"wp","href":"https:\/\/api.w.org\/{rel}","templated":true}]}}