{"id":213744,"date":"2026-09-03T19:09:21","date_gmt":"2026-09-03T22:09:21","guid":{"rendered":"https:\/\/cdnoticias.com\/?p=213744"},"modified":"2026-09-03T19:09:23","modified_gmt":"2026-09-03T22:09:23","slug":"cantera-galasur-despidio-a-19-trabajadores-este-jueves","status":"publish","type":"post","link":"https:\/\/cdnoticias.com\/index.php\/2026\/09\/03\/cantera-galasur-despidio-a-19-trabajadores-este-jueves\/","title":{"rendered":"Cantera Galasur despidi\u00f3 a 19 trabajadores este jueves"},"content":{"rendered":"\n<p>La situaci\u00f3n se conoci\u00f3 durante esta jornada con los sorpresivos telegramas de despido. Si bien hubo una reuni\u00f3n en el Ministerio de Trabajo, todo se conoci\u00f3 durante las \u00faltimas horas.<\/p>\n\n\n\n<hr class=\"wp-block-separator aligncenter has-alpha-channel-opacity\"\/>\n\n\n\n<p>Durante la tarde de este jueves, <strong>trabajadores de la cantera Galasur se autoconvocaron en el ingreso al establecimiento luego de conocer que 19 empleados recibieron sorpresivos telegramas de despido.<\/strong><\/p>\n\n\n\n<p>La sorpresa radica en que, seg\u00fan logr\u00f3 saber <strong>Central de Noticias<\/strong>, el mi\u00e9rcoles la empresa hab\u00edan notificado a sus empleados que no deb\u00edan asistir a trabajar hasta la semana pr\u00f3xima por \u201creparaciones\u201d, algo que llam\u00f3 la atenci\u00f3n.<strong> Este jueves, llegaron los telegramas.<\/strong><\/p>\n\n\n\n<p>Ante esta situaci\u00f3n,<strong> en horas de la tarde un grupo de trabajadores se concentr\u00f3 en la entrada de la cantera Galasur para solicitar informaci\u00f3n y respuestas sobre los telegramas recibidos. <\/strong>Hasta el momento no hab\u00edan recibido respuestas oficiales.<\/p>\n\n\n\n<p>Al momento, <strong>se evaluaban medidas a tomar por la decisi\u00f3n de la empresa aunque, vale decir, la planta se encuentra paralizada.<\/strong><\/p>\n\n\n\n<p>La empresa tiene <strong>43 a\u00f1os de trayectoria<\/strong> y, ubicada en Sierra Chica, es una de las tantas referencias mineras ubicadas en el Partido de Olavarr\u00eda. \u00a0\u00a0\u00a0\u00a0\u00a0\u00a0\u00a0\u00a0\u00a0\u00a0\u00a0\u00a0\u00a0\u00a0<\/p>\n","protected":false},"excerpt":{"rendered":"<p>La situaci\u00f3n se conoci\u00f3 durante esta jornada con los sorpresivos telegramas de despido. Si bien hubo una reuni\u00f3n en el<\/p>\n","protected":false},"author":2,"featured_media":213745,"comment_status":"closed","ping_status":"closed","sticky":false,"template":"","format":"standard","meta":{"_jetpack_memberships_contains_paid_content":false,"footnotes":""},"categories":[5,7],"tags":[],"class_list":["post-213744","post","type-post","status-publish","format-standard","has-post-thumbnail","hentry","category-informacion-general","category-central"],"jetpack_featured_media_url":"https:\/\/i0.wp.com\/cdnoticias.com\/wp-content\/uploads\/2026\/09\/galasur.jpg?fit=1000%2C663&ssl=1","jetpack_sharing_enabled":true,"_links":{"self":[{"href":"https:\/\/cdnoticias.com\/index.php\/wp-json\/wp\/v2\/posts\/213744","targetHints":{"allow":["GET"]}}],"collection":[{"href":"https:\/\/cdnoticias.com\/index.php\/wp-json\/wp\/v2\/posts"}],"about":[{"href":"https:\/\/cdnoticias.com\/index.php\/wp-json\/wp\/v2\/types\/post"}],"author":[{"embeddable":true,"href":"https:\/\/cdnoticias.com\/index.php\/wp-json\/wp\/v2\/users\/2"}],"replies":[{"embeddable":true,"href":"https:\/\/cdnoticias.com\/index.php\/wp-json\/wp\/v2\/comments?post=213744"}],"version-history":[{"count":1,"href":"https:\/\/cdnoticias.com\/index.php\/wp-json\/wp\/v2\/posts\/213744\/revisions"}],"predecessor-version":[{"id":213746,"href":"https:\/\/cdnoticias.com\/index.php\/wp-json\/wp\/v2\/posts\/213744\/revisions\/213746"}],"wp:featuredmedia":[{"embeddable":true,"href":"https:\/\/cdnoticias.com\/index.php\/wp-json\/wp\/v2\/media\/213745"}],"wp:attachment":[{"href":"https:\/\/cdnoticias.com\/index.php\/wp-json\/wp\/v2\/media?parent=213744"}],"wp:term":[{"taxonomy":"category","embeddable":true,"href":"https:\/\/cdnoticias.com\/index.php\/wp-json\/wp\/v2\/categories?post=213744"},{"taxonomy":"post_tag","embeddable":true,"href":"https:\/\/cdnoticias.com\/index.php\/wp-json\/wp\/v2\/tags?post=213744"}],"curies":[{"name":"wp","href":"https:\/\/api.w.org\/{rel}","templated":true}]}}