{"id":213737,"date":"2026-09-03T18:30:51","date_gmt":"2026-09-03T21:30:51","guid":{"rendered":"https:\/\/cdnoticias.com\/?p=213737"},"modified":"2026-09-03T18:30:53","modified_gmt":"2026-09-03T21:30:53","slug":"jueves-de-adopciones-se-busca-hogar-conjunto-para-ruth-y-romero","status":"publish","type":"post","link":"https:\/\/cdnoticias.com\/index.php\/2026\/09\/03\/jueves-de-adopciones-se-busca-hogar-conjunto-para-ruth-y-romero\/","title":{"rendered":"Jueves de adopciones: se busca hogar conjunto para Ruth y Romero"},"content":{"rendered":"\n<p>Las personas interesadas en conocer a Romero y Ruth pueden comunicarse con el \u00e1rea a trav\u00e9s de MIO, el chatbot del Municipio. Para ello, se debe agendar el n\u00famero 2284 22-9029.<\/p>\n\n\n\n<hr class=\"wp-block-separator aligncenter has-alpha-channel-opacity\"\/>\n\n\n\n<p><em>\u201cLos hermanos sean unidos, porque esa es la ley primera\u201d<\/em> reza el Mart\u00edn Fierro de Jos\u00e9 Hern\u00e1ndez.\u00a0 Bajo esta premisa, Bromatolog\u00eda contin\u00faa en la <strong>b\u00fasqueda de un hogar conjunto para los inseparables Romero y Ruth<\/strong>, en el marco de la<strong> campa\u00f1a de adopci\u00f3n de animales rescatados y alojados en el predio del \u00e1rea, ubicado en avenida Urquiza 5493.<\/strong><\/p>\n\n\n\n<p><\/p>\n\n\n\n<p>Este jueves recordamos que <strong>se busca una adopci\u00f3n conjunta para Romero y Ruth. \u201c<em>Sabemos que la adopci\u00f3n de perros adultos es muy dif\u00edcil, m\u00e1s aun si deseamos dar a dos a una misma familia, pero queremos hacer el intento, ya que se merecen pasar el resto de sus vidas juntos<\/em>\u201d<\/strong>, sostuvieron desde el \u00e1rea.<\/p>\n\n\n\n<p><\/p>\n\n\n\n<blockquote class=\"wp-block-quote is-layout-flow wp-block-quote-is-layout-flow\">\n<p>\u201cEn alguna oportunidad probamos adopci\u00f3n con una familia para Romero y no funcion\u00f3, nos manifestaban que lloraba y que todo el tiempo intentaba escaparse. Extra\u00f1aba a su compa\u00f1era. Pensamos que esta adopci\u00f3n conjunta har\u00e1 que ambos puedan adaptarse mejor a un lugar donde los cuiden como se merecen\u201d agregaron.\u00a0<\/p>\n<\/blockquote>\n\n\n\n<p><\/p>\n\n\n\n<p>Romero es un <strong>perro macho, de aproximadamente ocho a nueve a\u00f1os, <\/strong>que<strong> se encuentra en el predio desde el 2017-2018. <\/strong>Cuando lleg\u00f3 hab\u00eda sufrido un accidente de auto, por lo que<strong> presenta una m\u00ednima lesi\u00f3n en una de sus patas,<\/strong> lo que hace que camine un poco \u201cchueco\u201d.\u00a0<\/p>\n\n\n\n<p><\/p>\n\n\n\n<figure class=\"wp-block-image aligncenter size-large\"><img data-recalc-dims=\"1\" loading=\"lazy\" decoding=\"async\" width=\"800\" height=\"533\" src=\"https:\/\/i0.wp.com\/cdnoticias.com\/wp-content\/uploads\/2026\/07\/Bromatologia-Romero.jpg?resize=800%2C533&#038;ssl=1\" alt=\"\" class=\"wp-image-208276\" srcset=\"https:\/\/i0.wp.com\/cdnoticias.com\/wp-content\/uploads\/2026\/07\/Bromatologia-Romero.jpg?resize=1024%2C682&amp;ssl=1 1024w, https:\/\/i0.wp.com\/cdnoticias.com\/wp-content\/uploads\/2026\/07\/Bromatologia-Romero.jpg?resize=300%2C200&amp;ssl=1 300w, https:\/\/i0.wp.com\/cdnoticias.com\/wp-content\/uploads\/2026\/07\/Bromatologia-Romero.jpg?resize=768%2C512&amp;ssl=1 768w, https:\/\/i0.wp.com\/cdnoticias.com\/wp-content\/uploads\/2026\/07\/Bromatologia-Romero.jpg?resize=1536%2C1024&amp;ssl=1 1536w, https:\/\/i0.wp.com\/cdnoticias.com\/wp-content\/uploads\/2026\/07\/Bromatologia-Romero.jpg?resize=272%2C182&amp;ssl=1 272w, https:\/\/i0.wp.com\/cdnoticias.com\/wp-content\/uploads\/2026\/07\/Bromatologia-Romero.jpg?w=1772&amp;ssl=1 1772w, https:\/\/i0.wp.com\/cdnoticias.com\/wp-content\/uploads\/2026\/07\/Bromatologia-Romero.jpg?w=1600&amp;ssl=1 1600w\" sizes=\"auto, (max-width: 800px) 100vw, 800px\" \/><\/figure>\n\n\n\n<p><\/p>\n\n\n\n<blockquote class=\"wp-block-quote is-layout-flow wp-block-quote-is-layout-flow\">\n<p>Esta lesi\u00f3n no le impide llevar una vida completamente normal ya que corre y camina perfectamente. Comparte canil con Ruth con quien tienen una relaci\u00f3n de amistad y compa\u00f1\u00eda incondicional. El abandono los uni\u00f3 y hacen pr\u00e1cticamente todo junto: comen, corren, juegan por horas hasta cansarse e incluso los vemos dormir juntos a veces.<\/p>\n<\/blockquote>\n\n\n\n<p><\/p>\n\n\n\n<p><strong>Ruth es una perra hembra, de aproximadamente cinco a seis a\u00f1os, <\/strong>est\u00e1 en el <strong>predio desde julio del 2019.<\/strong> Lleg\u00f3 siendo muy joven, con un cuadro de sarna s\u00faper avanzado que afectaba todo su cuerpo.\u00a0<\/p>\n\n\n\n<p><\/p>\n\n\n\n<p><strong><em>\u201cNos llamaron desde Sierra Chica, donde se encontraba abandonada en un terreno bald\u00edo\u201d<\/em><\/strong> contaron en Bromatolog\u00eda. Despu\u00e9s de muchos cuidados los veterinarios de Bromatolog\u00eda lograron que su piel sane, y crezca un hermoso pelaje atigrado. Es una perra buen\u00edsima que, junto con Romero, tienen una vida inseparable. \u201c<strong><em>Es un sue\u00f1o para nosotros que se muden juntos\u201d<\/em><\/strong> cerraron desde el \u00e1rea. <\/p>\n\n\n\n<p><\/p>\n\n\n\n<p>Las personas interesadas en<strong> conocer a Romero y Ruth <\/strong>pueden comunicarse con el \u00e1rea a trav\u00e9s de MIO, el chatbot del Municipio. Para ello, se debe agendar el n\u00famero 2284 22-9029.<\/p>\n\n\n\n<p><\/p>\n","protected":false},"excerpt":{"rendered":"<p>Las personas interesadas en conocer a Romero y Ruth pueden comunicarse con el \u00e1rea a trav\u00e9s de MIO, el chatbot<\/p>\n","protected":false},"author":6,"featured_media":208275,"comment_status":"closed","ping_status":"closed","sticky":false,"template":"","format":"standard","meta":{"_jetpack_memberships_contains_paid_content":false,"footnotes":""},"categories":[5,1],"tags":[],"class_list":["post-213737","post","type-post","status-publish","format-standard","has-post-thumbnail","hentry","category-informacion-general","category-portada"],"jetpack_featured_media_url":"https:\/\/i0.wp.com\/cdnoticias.com\/wp-content\/uploads\/2026\/07\/Bromatologia-Ruth-Romeo-2.jpg?fit=1772%2C1181&ssl=1","jetpack_sharing_enabled":true,"_links":{"self":[{"href":"https:\/\/cdnoticias.com\/index.php\/wp-json\/wp\/v2\/posts\/213737","targetHints":{"allow":["GET"]}}],"collection":[{"href":"https:\/\/cdnoticias.com\/index.php\/wp-json\/wp\/v2\/posts"}],"about":[{"href":"https:\/\/cdnoticias.com\/index.php\/wp-json\/wp\/v2\/types\/post"}],"author":[{"embeddable":true,"href":"https:\/\/cdnoticias.com\/index.php\/wp-json\/wp\/v2\/users\/6"}],"replies":[{"embeddable":true,"href":"https:\/\/cdnoticias.com\/index.php\/wp-json\/wp\/v2\/comments?post=213737"}],"version-history":[{"count":2,"href":"https:\/\/cdnoticias.com\/index.php\/wp-json\/wp\/v2\/posts\/213737\/revisions"}],"predecessor-version":[{"id":213739,"href":"https:\/\/cdnoticias.com\/index.php\/wp-json\/wp\/v2\/posts\/213737\/revisions\/213739"}],"wp:featuredmedia":[{"embeddable":true,"href":"https:\/\/cdnoticias.com\/index.php\/wp-json\/wp\/v2\/media\/208275"}],"wp:attachment":[{"href":"https:\/\/cdnoticias.com\/index.php\/wp-json\/wp\/v2\/media?parent=213737"}],"wp:term":[{"taxonomy":"category","embeddable":true,"href":"https:\/\/cdnoticias.com\/index.php\/wp-json\/wp\/v2\/categories?post=213737"},{"taxonomy":"post_tag","embeddable":true,"href":"https:\/\/cdnoticias.com\/index.php\/wp-json\/wp\/v2\/tags?post=213737"}],"curies":[{"name":"wp","href":"https:\/\/api.w.org\/{rel}","templated":true}]}}